{"id":157382,"date":"2026-01-22T14:48:03","date_gmt":"2026-01-22T17:48:03","guid":{"rendered":"https:\/\/www.orc.com.br\/novo\/?p=157382"},"modified":"2026-01-22T14:48:03","modified_gmt":"2026-01-22T17:48:03","slug":"o-agente-secreto-recebe-quatro-indicacoes-ao-oscar-e-empata-recorde-de-cidade-de-deus","status":"publish","type":"post","link":"http:\/\/www.orc.com.br\/novo\/brasil\/o-agente-secreto-recebe-quatro-indicacoes-ao-oscar-e-empata-recorde-de-cidade-de-deus.html","title":{"rendered":"O agente secreto&#8217; recebe quatro indica\u00e7\u00f5es ao Oscar e empata recorde de &#8216;Cidade de Deus&#8217;"},"content":{"rendered":"<article>\n<div id=\"chunk-60slg\">\n<div class=\"mc-column content-text active-extra-styles \" data-block-type=\"unstyled\" data-block-weight=\"28\" data-block-id=\"2\">\n<p class=\" content-text__container \" data-track-category=\"Link no Texto\" data-track-links=\"\" data-mrf-recirculation=\"Mat\u00e9ria - Links no Texto\">&#8220;O agente secreto&#8221; recebeu quatro indica\u00e7\u00f5es ao Oscar 2026 e empatou com o recorde de &#8220;Cidade de Deus&#8221;, em 2004. O filme de Kleber Mendon\u00e7a Filho concorre em:<\/p>\n<\/div>\n<\/div>\n<div class=\"wall protected-content\">\n<div id=\"chunk-ge2h\">\n<div class=\"mc-column content-text active-extra-styles\" data-block-type=\"raw\" data-block-weight=\"14\" data-block-id=\"4\">\n<p class=\"content-text__container\" data-mrf-recirculation=\"Mat\u00e9ria - Links no Texto\">\n<ul class=\"content-unordered-list\" data-mrf-recirculation=\"Mat\u00e9ria - Leia Tamb\u00e9m (Lista)\">\n<li><a class=\"\" href=\"https:\/\/g1.globo.com\/pop-arte\/cinema\/noticia\/2026\/01\/22\/oscar-2026-anuncia-indicados.ghtml\" data-mrf-link=\"https:\/\/g1.globo.com\/pop-arte\/cinema\/noticia\/2026\/01\/22\/oscar-2026-anuncia-indicados.ghtml\">Melhor sele\u00e7\u00e3o de elenco<\/a><\/li>\n<li><a class=\"\" href=\"https:\/\/g1.globo.com\/pop-arte\/cinema\/noticia\/2026\/01\/22\/o-agente-secreto-e-indicado-ao-oscar-2026-de-melhor-filme-internacional.ghtml\" data-mrf-link=\"https:\/\/g1.globo.com\/pop-arte\/cinema\/noticia\/2026\/01\/22\/o-agente-secreto-e-indicado-ao-oscar-2026-de-melhor-filme-internacional.ghtml\">Melhor filme internacional<\/a><\/li>\n<li><a class=\"\" href=\"https:\/\/g1.globo.com\/pop-arte\/cinema\/noticia\/2026\/01\/22\/wagner-moura-e-indicado-ao-oscar-2026-de-melhor-ator.ghtml\" data-mrf-link=\"https:\/\/g1.globo.com\/pop-arte\/cinema\/noticia\/2026\/01\/22\/wagner-moura-e-indicado-ao-oscar-2026-de-melhor-ator.ghtml\">Melhor ator para Wagner Moura<\/a><\/li>\n<li><a class=\"\" href=\"https:\/\/g1.globo.com\/pop-arte\/cinema\/noticia\/2026\/01\/22\/o-agente-secreto-e-indicado-ao-oscar-2026-de-melhor-filme.ghtml\" data-mrf-link=\"https:\/\/g1.globo.com\/pop-arte\/cinema\/noticia\/2026\/01\/22\/o-agente-secreto-e-indicado-ao-oscar-2026-de-melhor-filme.ghtml\">Melhor filme<\/a><\/li>\n<\/ul>\n<p>&nbsp;<\/p>\n<\/div>\n<\/div>\n<div id=\"chunk-7n7j7\">\n<div class=\"mc-column content-text active-extra-styles \" data-block-type=\"unstyled\" data-block-weight=\"37\" data-block-id=\"5\">\n<p class=\" content-text__container \" data-track-category=\"Link no Texto\" data-track-links=\"\" data-mrf-recirculation=\"Mat\u00e9ria - Links no Texto\">A cerim\u00f4nia dos melhores do cinema acontece em 15 de mar\u00e7o, em Los Angeles, nos Estados Unidos. Assim como em 2025, a 98\u00aa edi\u00e7\u00e3o da premia\u00e7\u00e3o americana vai contar com o comediante Conan O&#8217;Brien como apresentador.<\/p>\n<\/div>\n<\/div>\n<div id=\"chunk-fsmsm\">\n<div class=\"mc-column content-text active-extra-styles \" data-block-type=\"unstyled\" data-block-weight=\"27\" data-block-id=\"6\">\n<p class=\" content-text__container \" data-track-category=\"Link no Texto\" data-track-links=\"\" data-mrf-recirculation=\"Mat\u00e9ria - Links no Texto\">Al\u00e9m de &#8220;O Agente Secreto&#8221;, um brasileiro tamb\u00e9m concorre em Melhor Fotografia.<a class=\"\" href=\"https:\/\/g1.globo.com\/pop-arte\/cinema\/noticia\/2026\/01\/22\/adolpho-veloso-diretor-de-fotografia-de-sonhos-de-trem-e-indicado-ao-oscar-2026.ghtml\" data-mrf-link=\"https:\/\/g1.globo.com\/pop-arte\/cinema\/noticia\/2026\/01\/22\/adolpho-veloso-diretor-de-fotografia-de-sonhos-de-trem-e-indicado-ao-oscar-2026.ghtml\"> Adolpho Veloso \u00e9 um dos favoritos<\/a> na categoria por seu trabalho em &#8220;Sonhos de Trem&#8221;.<\/p>\n<\/div>\n<\/div>\n<div id=\"chunk-6na8d\">\n<div class=\"content-ads\" data-block-type=\"ads\" data-block-id=\"8\"><\/div>\n<\/div>\n<div id=\"chunk-2khfq\">\n<div class=\"mc-column content-text active-extra-styles \" data-block-type=\"unstyled\" data-block-weight=\"6\" data-block-id=\"7\">\n<p class=\" content-text__container \" data-track-category=\"Link no Texto\" data-track-links=\"\" data-mrf-recirculation=\"Mat\u00e9ria - Links no Texto\"><span class=\"highlight highlighted\">Veja os principais campe\u00f5es de indica\u00e7\u00f5es:<\/span><\/p>\n<\/div>\n<\/div>\n<div id=\"chunk-1kgv6\">\n<div class=\"mc-column content-text active-extra-styles\" data-block-type=\"raw\" data-block-weight=\"27\" data-block-id=\"9\">\n<p class=\"content-text__container\" data-mrf-recirculation=\"Mat\u00e9ria - Links no Texto\">\n<ul class=\"content-unordered-list\" data-mrf-recirculation=\"Mat\u00e9ria - Leia Tamb\u00e9m (Lista)\">\n<li>&#8220;Pecadores&#8221; (16 indica\u00e7\u00f5es)<\/li>\n<li>&#8220;Uma batalha ap\u00f3s a outra&#8221; (13)<\/li>\n<li>&#8220;Frankenstein&#8221;, &#8220;Marty Supreme&#8221; e &#8220;Valor Sentimental&#8221; (9 cada)<\/li>\n<li>&#8220;Hamnet&#8221; (8)<\/li>\n<li><strong>MAIS:<\/strong> <a class=\"\" href=\"https:\/\/g1.globo.com\/pop-arte\/cinema\/noticia\/2026\/01\/22\/oscar-2026-anuncia-indicados.ghtml\" data-mrf-link=\"https:\/\/g1.globo.com\/pop-arte\/cinema\/noticia\/2026\/01\/22\/oscar-2026-anuncia-indicados.ghtml\">Lista completa de indica\u00e7\u00f5es no Oscar 2026<\/a><\/li>\n<\/ul>\n<p>&nbsp;<\/p>\n<\/div>\n<\/div>\n<div id=\"chunk-4i1q6\">\n<div class=\"mc-column content-text active-extra-styles\" data-block-type=\"raw\" data-block-weight=\"7\" data-block-id=\"10\">\n<p class=\"content-text__container\" data-mrf-recirculation=\"Mat\u00e9ria - Links no Texto\">\n<div class=\"content-intertitle\">\n<h2>Qual a hist\u00f3ria de &#8216;O agente secreto&#8217;?<\/h2>\n<\/div>\n<p>&nbsp;<\/p>\n<\/div>\n<\/div>\n<div id=\"chunk-fo3ok\">\n<div class=\"row medium-uncollapsed content-media content-photo\" data-block-type=\"backstage-photo\" data-block-id=\"11\">\n<div class=\"column medium-22 large-20 medium-centered   content-media__container\">\n<div class=\"content-media-container glb-skeleton-box\">\n<figure class=\"content-media-figure\"><img class=\"i-amphtml-fill-content i-amphtml-replaced-content\" src=\"https:\/\/s2-g1.glbimg.com\/ZCYsyAjhi3CM5SzoOLEvAjNpkig=\/0x0:1920x1080\/1008x0\/smart\/filters:strip_icc()\/i.s3.glbimg.com\/v1\/AUTH_59edd422c0c84a879bd37670ae4f538a\/internal_photos\/bs\/2025\/O\/Z\/BgAdqGSBKdQ991OGJD3g\/agentesecreto.jpg\" srcset=\"\" alt=\"Wagner Moura \u00e9 Marcelo em 'O Agente Secreto' \u2014 Foto: Divulga\u00e7\u00e3o\" \/><\/figure>\n<\/div>\n<p class=\"content-media__description  \">Wagner Moura \u00e9 Marcelo em &#8216;O Agente Secreto&#8217; \u2014 Foto: Divulga\u00e7\u00e3o<\/p>\n<\/div>\n<\/div>\n<\/div>\n<div id=\"chunk-atvjk\">\n<div class=\"mc-column content-text active-extra-styles \" data-block-type=\"unstyled\" data-block-weight=\"33\" data-block-id=\"12\">\n<p class=\" content-text__container \" data-track-category=\"Link no Texto\" data-track-links=\"\" data-mrf-recirculation=\"Mat\u00e9ria - Links no Texto\">&#8220;O Agente Secreto&#8221; coloca Wagner Moura na pele de Marcelo, um professor que desembarca na capital pernambucana em pleno 1977 fugindo de amea\u00e7as em S\u00e3o Paulo para tentar reencontrar o filho.<\/p>\n<\/div>\n<\/div>\n<div id=\"chunk-4reil\">\n<div class=\"mc-column content-text active-extra-styles \" data-block-type=\"unstyled\" data-block-weight=\"68\" data-block-id=\"13\">\n<p class=\" content-text__container \" data-track-category=\"Link no Texto\" data-track-links=\"\" data-mrf-recirculation=\"Mat\u00e9ria - Links no Texto\">O longa de Kleber Mendon\u00e7a Filho \u00e9 um thriller de atmosfera densa que acerta ao transformar o carnaval e a paisagem urbana em um cen\u00e1rio de vigil\u00e2ncia e paranoia, funcionando como um jogo de gato e rato onde as lendas locais e o medo da ditadura se misturam, entregando uma obra que \u00e9, ao mesmo tempo, um drama familiar comovente e um suspense pop de tirar o f\u00f4lego.<\/p>\n<\/div>\n<\/div>\n<div id=\"chunk-2qoub\">\n<div class=\"content-ads\" data-block-type=\"ads\" data-block-id=\"15\"><\/div>\n<\/div>\n<div id=\"chunk-dc9vn\">\n<div class=\"mc-column content-text active-extra-styles \" data-block-type=\"unstyled\" data-block-weight=\"26\" data-block-id=\"14\">\n<p class=\" content-text__container \" data-track-category=\"Link no Texto\" data-track-links=\"\" data-mrf-recirculation=\"Mat\u00e9ria - Links no Texto\">Na edi\u00e7\u00e3o do ano passado, <a class=\"\" href=\"https:\/\/g1.globo.com\/pop-arte\/cinema\/noticia\/2025\/03\/02\/ainda-estou-aqui-vence-oscar-de-melhor-filme-internacional-e-faz-historia-na-premiacao.ghtml\" data-mrf-link=\"https:\/\/g1.globo.com\/pop-arte\/cinema\/noticia\/2025\/03\/02\/ainda-estou-aqui-vence-oscar-de-melhor-filme-internacional-e-faz-historia-na-premiacao.ghtml\">&#8220;Ainda estou aqui&#8221; venceu o pr\u00eamio de Melhor Filme Internacional<\/a>. Foi a primeira estatueta conquistada pelo Brasil na hist\u00f3ria da premia\u00e7\u00e3o.<\/p>\n<\/div>\n<\/div>\n<div id=\"chunk-j565\">\n<div class=\"mc-column content-text active-extra-styles\" data-block-type=\"raw\" data-block-weight=\"8\" data-block-id=\"16\">\n<p class=\"content-text__container\" data-mrf-recirculation=\"Mat\u00e9ria - Links no Texto\">\n<div class=\"content-intertitle\">\n<h2>Como foi o Oscar de Cidade de Deus?<\/h2>\n<\/div>\n<p>&nbsp;<\/p>\n<\/div>\n<\/div>\n<div id=\"chunk-8m1tk\">\n<div class=\"row medium-uncollapsed content-media content-photo\" data-block-type=\"backstage-photo\" data-block-id=\"17\">\n<div class=\" mc-column  content-media__container\">\n<div class=\"content-media-container glb-skeleton-box\">\n<figure class=\"content-media-figure\"><img class=\"i-amphtml-fill-content i-amphtml-replaced-content\" src=\"https:\/\/s2-g1.glbimg.com\/KAJY0dbbw0Ih-fTVhKa5B-V2BpM=\/0x0:1000x541\/984x0\/smart\/filters:strip_icc()\/i.s3.glbimg.com\/v1\/AUTH_59edd422c0c84a879bd37670ae4f538a\/internal_photos\/bs\/2017\/8\/y\/osAJvxQDST2x9vAhhi1Q\/cdd-2.jpg\" sizes=\"(max-width: 1366px) 648px, 100vw\" srcset=\"https:\/\/s2-g1.glbimg.com\/-9ytNI5l8dsbSmSr5lFvzgCHg4g=\/0x0:1000x541\/1000x0\/smart\/filters:strip_icc()\/i.s3.glbimg.com\/v1\/AUTH_59edd422c0c84a879bd37670ae4f538a\/internal_photos\/bs\/2017\/8\/y\/osAJvxQDST2x9vAhhi1Q\/cdd-2.jpg 1000w, https:\/\/s2-g1.glbimg.com\/KAJY0dbbw0Ih-fTVhKa5B-V2BpM=\/0x0:1000x541\/984x0\/smart\/filters:strip_icc()\/i.s3.glbimg.com\/v1\/AUTH_59edd422c0c84a879bd37670ae4f538a\/internal_photos\/bs\/2017\/8\/y\/osAJvxQDST2x9vAhhi1Q\/cdd-2.jpg 984w, https:\/\/s2-g1.glbimg.com\/6BUyO-j_-Bco4l44bKbZG1BkWY8=\/0x0:1000x541\/640x0\/smart\/filters:strip_icc()\/i.s3.glbimg.com\/v1\/AUTH_59edd422c0c84a879bd37670ae4f538a\/internal_photos\/bs\/2017\/8\/y\/osAJvxQDST2x9vAhhi1Q\/cdd-2.jpg 640w, https:\/\/s2-g1.glbimg.com\/HrCOhwGUQ2b5IgMpfUnGYbvUUAs=\/0x0:1000x541\/600x0\/smart\/filters:strip_icc()\/i.s3.glbimg.com\/v1\/AUTH_59edd422c0c84a879bd37670ae4f538a\/internal_photos\/bs\/2017\/8\/y\/osAJvxQDST2x9vAhhi1Q\/cdd-2.jpg 600w\" alt=\"Leandro Firmino interpretou o traficante Z\u00e9 Pequeno \u2014 Foto: Reprodu\u00e7\u00e3o\" \/><\/figure>\n<\/div>\n<p class=\"content-media__description  \">Leandro Firmino interpretou o traficante Z\u00e9 Pequeno \u2014 Foto: Reprodu\u00e7\u00e3o<\/p>\n<\/div>\n<\/div>\n<\/div>\n<div id=\"chunk-efbkm\">\n<div class=\"mc-column content-text active-extra-styles \" data-block-type=\"unstyled\" data-block-weight=\"26\" data-block-id=\"18\">\n<p class=\" content-text__container \" data-track-category=\"Link no Texto\" data-track-links=\"\" data-mrf-recirculation=\"Mat\u00e9ria - Links no Texto\">No Oscar 2004, <a class=\"\" href=\"https:\/\/g1.globo.com\/pop-arte\/cinema\/noticia\/2025\/01\/22\/cidade-de-deus-no-oscar-os-bastidores-da-unica-vez-em-que-o-brasil-teve-4-indicacoes.ghtml\" data-mrf-link=\"https:\/\/g1.globo.com\/pop-arte\/cinema\/noticia\/2025\/01\/22\/cidade-de-deus-no-oscar-os-bastidores-da-unica-vez-em-que-o-brasil-teve-4-indicacoes.ghtml\">&#8220;Cidade de Deus&#8221; recebeu quatro indica\u00e7\u00f5es<\/a> at\u00e9 ent\u00e3o in\u00e9ditas para o Brasil. O filme n\u00e3o ganhou estatuetas, mas foi lembrado em quatro categorias:<\/p>\n<\/div>\n<\/div>\n<div data-track-category=\"multicontent\" data-track-action=\"multicontent\" data-track-noninteraction=\"false\" data-track-scroll=\"ultimo chunk conteudo\" data-track-value=\"view\">\n<div id=\"chunk-8id1q\">\n<div class=\"mc-column content-text active-extra-styles\" data-block-type=\"raw\" data-block-weight=\"14\" data-block-id=\"19\">\n<p class=\"content-text__container\" data-mrf-recirculation=\"Mat\u00e9ria - Links no Texto\">\n<ul class=\"content-unordered-list\" data-mrf-recirculation=\"Mat\u00e9ria - Leia Tamb\u00e9m (Lista)\">\n<li>dire\u00e7\u00e3o (Fernando Meirelles);<\/li>\n<li>roteiro adaptado (Br\u00e1ulio Mantovani);<\/li>\n<li>montagem (Daniel Rezende);<\/li>\n<li>e fotografia (C\u00e9sar Charlone).<\/li>\n<\/ul>\n<p>&nbsp;<\/p>\n<\/div>\n<\/div>\n<\/div>\n<\/div>\n<\/article>\n<div class=\"mc-column entities\"><\/div>\n<div class=\"mc-column newsletter-g1\">\n<div class=\"newsletter-g1__container\"><\/div>\n<\/div>\n<div class=\"mc-column comments\">\n<div id=\"boxComentarios\">\n<div id=\"boxComentarios__header\" class=\"glbComentarios-loginRequired__header\"><\/div>\n<\/div>\n<\/div>\n<div id=\"fb_share_1\" style=\"float: right; margin-left: 10px;\"><a name=\"fb_share\" type=\"button\" share_url=\"http:\/\/www.orc.com.br\/novo\/brasil\/o-agente-secreto-recebe-quatro-indicacoes-ao-oscar-e-empata-recorde-de-cidade-de-deus.html\" href=\"http:\/\/www.facebook.com\/sharer.php\">Share<\/a><\/div><div><script src=\"http:\/\/static.ak.fbcdn.net\/connect.php\/js\/FB.Share\" type=\"text\/javascript\"><\/script><\/div>","protected":false},"excerpt":{"rendered":"<p>&#8220;O agente secreto&#8221; recebeu quatro indica\u00e7\u00f5es ao Oscar 2026 e empatou com o recorde de &#8220;Cidade de Deus&#8221;, em 2004. O filme de Kleber Mendon\u00e7a Filho concorre em: Melhor sele\u00e7\u00e3o de elenco Melhor filme internacional Melhor ator para Wagner Moura Melhor filme &nbsp; A cerim\u00f4nia dos melhores do cinema acontece em 15 de mar\u00e7o, em &#8230;<\/p>\n","protected":false},"author":3,"featured_media":157383,"comment_status":"open","ping_status":"open","sticky":false,"template":"","format":"standard","meta":[],"categories":[1],"tags":[8],"jetpack_featured_media_url":"https:\/\/orc.com.br\/novo\/wp-content\/uploads\/2026\/01\/WagnerMoura.jpg","_links":{"self":[{"href":"http:\/\/www.orc.com.br\/novo\/wp-json\/wp\/v2\/posts\/157382"}],"collection":[{"href":"http:\/\/www.orc.com.br\/novo\/wp-json\/wp\/v2\/posts"}],"about":[{"href":"http:\/\/www.orc.com.br\/novo\/wp-json\/wp\/v2\/types\/post"}],"author":[{"embeddable":true,"href":"http:\/\/www.orc.com.br\/novo\/wp-json\/wp\/v2\/users\/3"}],"replies":[{"embeddable":true,"href":"http:\/\/www.orc.com.br\/novo\/wp-json\/wp\/v2\/comments?post=157382"}],"version-history":[{"count":1,"href":"http:\/\/www.orc.com.br\/novo\/wp-json\/wp\/v2\/posts\/157382\/revisions"}],"predecessor-version":[{"id":157384,"href":"http:\/\/www.orc.com.br\/novo\/wp-json\/wp\/v2\/posts\/157382\/revisions\/157384"}],"wp:featuredmedia":[{"embeddable":true,"href":"http:\/\/www.orc.com.br\/novo\/wp-json\/wp\/v2\/media\/157383"}],"wp:attachment":[{"href":"http:\/\/www.orc.com.br\/novo\/wp-json\/wp\/v2\/media?parent=157382"}],"wp:term":[{"taxonomy":"category","embeddable":true,"href":"http:\/\/www.orc.com.br\/novo\/wp-json\/wp\/v2\/categories?post=157382"},{"taxonomy":"post_tag","embeddable":true,"href":"http:\/\/www.orc.com.br\/novo\/wp-json\/wp\/v2\/tags?post=157382"}],"curies":[{"name":"wp","href":"https:\/\/api.w.org\/{rel}","templated":true}]}}