{"id":157407,"date":"2026-01-26T06:12:30","date_gmt":"2026-01-26T09:12:30","guid":{"rendered":"https:\/\/www.orc.com.br\/novo\/?p=157407"},"modified":"2026-01-26T06:12:30","modified_gmt":"2026-01-26T09:12:30","slug":"veja-erros-em-questoes-simples-de-exame-nacional-de-cursos-de-medicina-que-teve-30-de-reprovacao","status":"publish","type":"post","link":"http:\/\/www.orc.com.br\/novo\/brasil\/veja-erros-em-questoes-simples-de-exame-nacional-de-cursos-de-medicina-que-teve-30-de-reprovacao.html","title":{"rendered":"Veja erros em quest\u00f5es simples de exame nacional de cursos de Medicina, que teve 30% de reprova\u00e7\u00e3o"},"content":{"rendered":"<div class=\"glb-grid\"><main class=\"mc-body theme\"><\/p>\n<div class=\"mc-article-body\">\n<article>\n<div id=\"chunk-6eq7p\">\n<div class=\"mc-column content-text active-extra-styles \" data-block-type=\"unstyled\" data-block-weight=\"40\" data-block-id=\"2\">\n<p class=\" content-text__container \" data-track-category=\"Link no Texto\" data-track-links=\"\" data-mrf-recirculation=\"Mat\u00e9ria - Links no Texto\">Mais de 30% dos cursos de medicina do pa\u00eds tiveram desempenho insuficiente no Enamed, exame nacional aplicado a estudantes do \u00faltimo ano, e erraram quest\u00f5es b\u00e1sicas do atendimento m\u00e9dico, como diagn\u00f3stico de dengue, dor de cabe\u00e7a e prescri\u00e7\u00e3o de medicamentos.<\/p>\n<\/div>\n<\/div>\n<div class=\"wall protected-content\">\n<div id=\"chunk-7i5i1\">\n<div class=\"mc-column content-text active-extra-styles \" data-block-type=\"unstyled\" data-block-weight=\"31\" data-block-id=\"4\">\n<p class=\" content-text__container \" data-track-category=\"Link no Texto\" data-track-links=\"\" data-mrf-recirculation=\"Mat\u00e9ria - Links no Texto\">O Fant\u00e1stico teve acesso \u00e0s respostas da prova e mostra erros em quest\u00f5es simples do dia a dia m\u00e9dico, que ajudam a explicar o desempenho e preocupam quem depende desse atendimento.<\/p>\n<\/div>\n<\/div>\n<div id=\"chunk-1vc2a\">\n<div class=\"mc-column content-text active-extra-styles \" data-block-type=\"unstyled\" data-block-weight=\"38\" data-block-id=\"5\">\n<p class=\" content-text__container \" data-track-category=\"Link no Texto\" data-track-links=\"\" data-mrf-recirculation=\"Mat\u00e9ria - Links no Texto\">N\u00e3o \u00e9 preciso ser m\u00e9dico para saber como funciona um term\u00f4metro. A fun\u00e7\u00e3o do Exame Nacional de Avalia\u00e7\u00e3o da Forma\u00e7\u00e3o M\u00e9dica, o Enamed, \u00e9 mais ou menos essa: medir a \u201ctemperatura\u201d de 351 cursos de medicina no Brasil.<\/p>\n<\/div>\n<\/div>\n<div id=\"chunk-cdl8u\">\n<div class=\"mc-column content-text active-extra-styles \" data-block-type=\"unstyled\" data-block-weight=\"22\" data-block-id=\"6\">\n<p class=\" content-text__container \" data-track-category=\"Link no Texto\" data-track-links=\"\" data-mrf-recirculation=\"Mat\u00e9ria - Links no Texto\">Mais de 39 mil alunos do \u00faltimo ano fizeram a prova. O resultado mostra que mais de 30% dos cursos foram reprovados.<\/p>\n<\/div>\n<\/div>\n<div id=\"chunk-95ghi\">\n<div class=\"mc-column content-text active-extra-styles \" data-block-type=\"unstyled\" data-block-weight=\"14\" data-block-id=\"8\">\n<p class=\" content-text__container \" data-track-category=\"Link no Texto\" data-track-links=\"\" data-mrf-recirculation=\"Mat\u00e9ria - Links no Texto\">Quem fala sobre os sintomas de um quadro mais grave s\u00e3o os pr\u00f3prios estudantes.<\/p>\n<\/div>\n<\/div>\n<div id=\"chunk-d0l1s\">\n<div class=\"mc-column content-text active-extra-styles \" data-block-type=\"unstyled\" data-block-weight=\"32\" data-block-id=\"9\">\n<p class=\" content-text__container \" data-track-category=\"Link no Texto\" data-track-links=\"\" data-mrf-recirculation=\"Mat\u00e9ria - Links no Texto\">&#8220;Vou ter uma aula de AVC. Eu gostaria de ter essa aula com o neurologista, e muitas vezes acaba n\u00e3o sendo com o respectivo m\u00e9dico&#8221;, diz o estudante de medicina Victor Miranda.<\/p>\n<\/div>\n<\/div>\n<div id=\"chunk-t56m\">\n<div class=\"mc-column content-text active-extra-styles \" data-block-type=\"unstyled\" data-block-weight=\"37\" data-block-id=\"10\">\n<p class=\" content-text__container \" data-track-category=\"Link no Texto\" data-track-links=\"\" data-mrf-recirculation=\"Mat\u00e9ria - Links no Texto\">O &#8220;Fant\u00e1stico&#8221; teve acesso com exclusividade a um relat\u00f3rio do Inep (Instituto Nacional de Estudos e Pesquisas Educacionais An\u00edsio Teixeira), respons\u00e1vel pela aplica\u00e7\u00e3o do exame, sobre o desempenho dos alunos em quest\u00f5es consideradas b\u00e1sicas para um m\u00e9dico.<\/p>\n<\/div>\n<\/div>\n<div id=\"chunk-6hlk6\">\n<div class=\"mc-column content-text active-extra-styles \" data-block-type=\"unstyled\" data-block-weight=\"18\" data-block-id=\"11\">\n<p class=\" content-text__container \" data-track-category=\"Link no Texto\" data-track-links=\"\" data-mrf-recirculation=\"Mat\u00e9ria - Links no Texto\">Veja alguns dos erros cometidos pelos quase 13 mil alunos reprovados, que acertaram menos de 60% da prova.<\/p>\n<\/div>\n<\/div>\n<div id=\"chunk-78qj3\">\n<div class=\"mc-column content-text active-extra-styles \" data-block-type=\"unstyled\" data-block-weight=\"35\" data-block-id=\"12\">\n<p class=\" content-text__container \" data-track-category=\"Link no Texto\" data-track-links=\"\" data-mrf-recirculation=\"Mat\u00e9ria - Links no Texto\">Uma das quest\u00f5es, considerada f\u00e1cil pelo Inep, perguntava o que o m\u00e9dico deve fazer diante de sintomas graves de dengue, como febre, dores intensas e v\u00f4mitos fora de controle. 66% dos estudantes erraram a resposta.<\/p>\n<\/div>\n<\/div>\n<div id=\"chunk-e4c2g\">\n<div class=\"mc-column content-text active-extra-styles \" data-block-type=\"unstyled\" data-block-weight=\"22\" data-block-id=\"13\">\n<p class=\" content-text__container \" data-track-category=\"Link no Texto\" data-track-links=\"\" data-mrf-recirculation=\"Mat\u00e9ria - Links no Texto\">&#8220;Dengue \u00e9 uma quest\u00e3o muito comum no nosso pa\u00eds&#8221;, diz o presidente do Sindicato dos M\u00e9dicos do Rio de Janeiro, Alexandre Telles.<\/p>\n<\/div>\n<\/div>\n<div id=\"chunk-2kqp4\">\n<div class=\"mc-column content-text active-extra-styles \" data-block-type=\"unstyled\" data-block-weight=\"25\" data-block-id=\"14\">\n<p class=\" content-text__container \" data-track-category=\"Link no Texto\" data-track-links=\"\" data-mrf-recirculation=\"Mat\u00e9ria - Links no Texto\">&#8220;Isso pode significar voc\u00ea enviar para casa, com tratamento inadequado, um paciente que pode evoluir mal, por exemplo, para uma dengue hemorr\u00e1gica, num caso grave.&#8221;<\/p>\n<\/div>\n<\/div>\n<div id=\"chunk-69d7s\">\n<div class=\"content-ads content-ads--reveal\" data-block-type=\"ads\" data-block-id=\"16\">\n<div id=\"banner_materia__07674382-42a6-4878-bcbc-e01363bb82a0\" class=\"tag-manager-publicidade-container tag-manager-publicidade-banner_materia__07674382-42a6-4878-bcbc-e01363bb82a0 tag-manager-publicidade-container--carregado tag-manager-publicidade-container--visivel\" data-google-query-id=\"CNDu89ntqJIDFeMKHgAdi8EkVQ\">\n<div id=\"google_ads_iframe_\/95377733\/tvg_G1\/Fantastico_3__container__\"><\/div>\n<\/div>\n<\/div>\n<\/div>\n<div id=\"chunk-52nr9\">\n<div class=\"mc-column content-text active-extra-styles \" data-block-type=\"unstyled\" data-block-weight=\"51\" data-block-id=\"15\">\n<p class=\" content-text__container \" data-track-category=\"Link no Texto\" data-track-links=\"\" data-mrf-recirculation=\"Mat\u00e9ria - Links no Texto\">Outra quest\u00e3o tratava de dor de cabe\u00e7a. O enunciado descrevia uma mulher de 55 anos, sem hist\u00f3rico de doen\u00e7as cr\u00f4nicas, com dor persistente dos dois lados da cabe\u00e7a, altera\u00e7\u00f5es da vis\u00e3o e cansa\u00e7o. A resposta correta era pedir um exame de sangue simples para identificar uma poss\u00edvel inflama\u00e7\u00e3o nos vasos sangu\u00edneos.<\/p>\n<\/div>\n<\/div>\n<div id=\"chunk-1nkmv\">\n<div class=\"mc-column content-text active-extra-styles \" data-block-type=\"unstyled\" data-block-weight=\"7\" data-block-id=\"17\">\n<p class=\" content-text__container \" data-track-category=\"Link no Texto\" data-track-links=\"\" data-mrf-recirculation=\"Mat\u00e9ria - Links no Texto\">Entre os reprovados, 65% erraram a quest\u00e3o.<\/p>\n<\/div>\n<\/div>\n<div id=\"chunk-1vve6\">\n<div class=\"mc-column content-text active-extra-styles \" data-block-type=\"unstyled\" data-block-weight=\"35\" data-block-id=\"18\">\n<p class=\" content-text__container \" data-track-category=\"Link no Texto\" data-track-links=\"\" data-mrf-recirculation=\"Mat\u00e9ria - Links no Texto\">&#8220;Surpreende, porque se o estudante de medicina, que daqui a pouco vai ser m\u00e9dico, n\u00e3o sabe manejar uma dor de cabe\u00e7a, reconhecer sinais de gravidade e sinais de alerta, isso \u00e9 muito preocupante&#8221;, afirma Telles.<\/p>\n<\/div>\n<\/div>\n<div id=\"chunk-csf9p\">\n<div class=\"mc-column content-text active-extra-styles \" data-block-type=\"unstyled\" data-block-weight=\"21\" data-block-id=\"19\">\n<p class=\" content-text__container \" data-track-category=\"Link no Texto\" data-track-links=\"\" data-mrf-recirculation=\"Mat\u00e9ria - Links no Texto\">O &#8220;Fant\u00e1stico&#8221; procurou alunos de algumas faculdades que receberam notas 1 e 2 na avalia\u00e7\u00e3o do Enamed. <a class=\"\" href=\"https:\/\/g1.globo.com\/educacao\/noticia\/2026\/01\/19\/desempenho-cursos-de-medicina-enamed.ghtml?utm_source=tv&amp;utm_medium=qrcode&amp;utm_campaign=fantastico\" data-mrf-link=\"https:\/\/g1.globo.com\/educacao\/noticia\/2026\/01\/19\/desempenho-cursos-de-medicina-enamed.ghtml\">Veja a lista completa.<\/a><\/p>\n<\/div>\n<\/div>\n<div id=\"chunk-f5loi\">\n<div class=\"mc-column content-text active-extra-styles \" data-block-type=\"unstyled\" data-block-weight=\"38\" data-block-id=\"20\">\n<p class=\" content-text__container \" data-track-category=\"Link no Texto\" data-track-links=\"\" data-mrf-recirculation=\"Mat\u00e9ria - Links no Texto\">Segundo o Minist\u00e9rio da Educa\u00e7\u00e3o, algumas dessas institui\u00e7\u00f5es v\u00e3o sofrer san\u00e7\u00f5es, como a proibi\u00e7\u00e3o de matricular novos alunos. Outras ter\u00e3o de reduzir o n\u00famero de vagas, e todas passar\u00e3o por processos administrativos para corrigir problemas pedag\u00f3gicos e estruturais.<\/p>\n<\/div>\n<\/div>\n<div id=\"chunk-6asd7\">\n<div class=\"mc-column content-text active-extra-styles \" data-block-type=\"unstyled\" data-block-weight=\"38\" data-block-id=\"21\">\n<p class=\" content-text__container \" data-track-category=\"Link no Texto\" data-track-links=\"\" data-mrf-recirculation=\"Mat\u00e9ria - Links no Texto\">&#8220;O que acontece com a minha faculdade acontece com v\u00e1rias faculdades privadas ao longo do Brasil, porque eu acho que \u00e9 tamb\u00e9m uma quest\u00e3o da mercantiliza\u00e7\u00e3o da medicina, a medicina virar um sin\u00f4nimo de lucro&#8221;, afirma Victor Miranda.<\/p>\n<\/div>\n<\/div>\n<div id=\"chunk-9nkjv\">\n<div class=\"mc-column content-text active-extra-styles \" data-block-type=\"unstyled\" data-block-weight=\"35\" data-block-id=\"22\">\n<p class=\" content-text__container \" data-track-category=\"Link no Texto\" data-track-links=\"\" data-mrf-recirculation=\"Mat\u00e9ria - Links no Texto\">Ele cursa o \u00faltimo semestre de medicina na Universidade Cidade de S\u00e3o Paulo, a Unicid. \u00c9 bolsista do ProUni, tirou nota 8,2 no Enamed \u2014 acima da m\u00e9dia \u2014, mas a faculdade recebeu nota 2.<\/p>\n<\/div>\n<\/div>\n<div id=\"chunk-eumk3\">\n<div class=\"content-ads content-ads--reveal\" data-block-type=\"ads\" data-block-id=\"24\">\n<div id=\"banner_materia__d4970449-3a92-4a02-8513-359bec0215dc\"><\/div>\n<\/div>\n<\/div>\n<div id=\"chunk-19cu7\">\n<div class=\"mc-column content-text active-extra-styles \" data-block-type=\"unstyled\" data-block-weight=\"32\" data-block-id=\"23\">\n<p class=\" content-text__container \" data-track-category=\"Link no Texto\" data-track-links=\"\" data-mrf-recirculation=\"Mat\u00e9ria - Links no Texto\">Para Victor, a falta de um hospital-escola teve impacto negativo na forma\u00e7\u00e3o. Ele relata que, em est\u00e1gios feitos em unidades de sa\u00fade superlotadas de alunos, n\u00e3o teve oportunidade de dominar procedimentos b\u00e1sicos.<\/p>\n<\/div>\n<\/div>\n<div id=\"chunk-6gui5\">\n<div class=\"mc-column content-text active-extra-styles \" data-block-type=\"unstyled\" data-block-weight=\"25\" data-block-id=\"25\">\n<p class=\" content-text__container \" data-track-category=\"Link no Texto\" data-track-links=\"\" data-mrf-recirculation=\"Mat\u00e9ria - Links no Texto\">A Unicid afirmou, em nota, que tem um longo hist\u00f3rico de excel\u00eancia e que, em avalia\u00e7\u00e3o do curso com visita in loco, recebeu nota 5.<\/p>\n<\/div>\n<\/div>\n<div id=\"chunk-abs26\">\n<div class=\"mc-column content-text active-extra-styles \" data-block-type=\"unstyled\" data-block-weight=\"31\" data-block-id=\"26\">\n<p class=\" content-text__container \" data-track-category=\"Link no Texto\" data-track-links=\"\" data-mrf-recirculation=\"Mat\u00e9ria - Links no Texto\">O Enamed n\u00e3o tem prova pr\u00e1tica. Segundo o Minist\u00e9rio da Educa\u00e7\u00e3o, no entanto, o exame cobra conhecimentos que devem ser dominados por quem j\u00e1 atendeu pacientes, como a prescri\u00e7\u00e3o de medicamentos.<\/p>\n<\/div>\n<\/div>\n<div id=\"chunk-7udpv\">\n<div class=\"mc-column content-text active-extra-styles \" data-block-type=\"unstyled\" data-block-weight=\"37\" data-block-id=\"27\">\n<p class=\" content-text__container \" data-track-category=\"Link no Texto\" data-track-links=\"\" data-mrf-recirculation=\"Mat\u00e9ria - Links no Texto\">\u00c9 o caso de uma quest\u00e3o sobre a doen\u00e7a de Parkinson, que exigia reconhecer sintomas e identificar os medicamentos indicados para o tratamento. 56% por cento erraram os dois rem\u00e9dios que deveriam ser oferecidos \u00e0 paciente.<\/p>\n<\/div>\n<\/div>\n<div id=\"chunk-cpksd\">\n<div class=\"mc-column content-text active-extra-styles \" data-block-type=\"unstyled\" data-block-weight=\"40\" data-block-id=\"28\">\n<p class=\" content-text__container \" data-track-category=\"Link no Texto\" data-track-links=\"\" data-mrf-recirculation=\"Mat\u00e9ria - Links no Texto\">Um aluno de uma universidade reprovada no Rio de Janeiro, que pediu para n\u00e3o ser identificado por medo de retalia\u00e7\u00e3o, contou que colegas ficaram revoltados quando uma professora de patologia errou a prescri\u00e7\u00e3o de um medicamento em sala de aula.<\/p>\n<\/div>\n<\/div>\n<div id=\"chunk-d2jie\">\n<div class=\"mc-column content-text active-extra-styles \" data-block-type=\"unstyled\" data-block-weight=\"67\" data-block-id=\"29\">\n<p class=\" content-text__container \" data-track-category=\"Link no Texto\" data-track-links=\"\" data-mrf-recirculation=\"Mat\u00e9ria - Links no Texto\">Leonardo Celestino paga quase R$ 12 mil de mensalidade na Faculdade de Medicina Est\u00e1cio de S\u00e1, em Angra dos Reis, institui\u00e7\u00e3o com nota 1, a mais baixa do Rio de Janeiro. Como representante de turma, ele relata que os colegas fazem sacrif\u00edcios para estudar em um curso t\u00e3o caro e reclama que muitos professores d\u00e3o v\u00e1rias disciplinas ao mesmo tempo e nem sempre s\u00e3o especialistas no conte\u00fado.<\/p>\n<\/div>\n<\/div>\n<div id=\"chunk-78ndt\">\n<div class=\"content-ads content-ads--reveal\" data-block-type=\"ads\" data-block-id=\"31\">\n<div id=\"banner_materia__c7a8c20f-010d-4c16-a93c-77e01a33cec4\"><\/div>\n<\/div>\n<\/div>\n<div id=\"chunk-9k4eu\">\n<div class=\"mc-column content-text active-extra-styles \" data-block-type=\"unstyled\" data-block-weight=\"28\" data-block-id=\"30\">\n<p class=\" content-text__container \" data-track-category=\"Link no Texto\" data-track-links=\"\" data-mrf-recirculation=\"Mat\u00e9ria - Links no Texto\">&#8220;Eu acho que falta investimento da faculdade para o corpo docente, para que eles se sintam mais valorizados. Isso impacta, obviamente, no desempenho deles como professores&#8221;, diz Leonardo.<\/p>\n<\/div>\n<\/div>\n<div id=\"chunk-drddo\">\n<div class=\"mc-column content-text active-extra-styles \" data-block-type=\"unstyled\" data-block-weight=\"36\" data-block-id=\"32\">\n<p class=\" content-text__container \" data-track-category=\"Link no Texto\" data-track-links=\"\" data-mrf-recirculation=\"Mat\u00e9ria - Links no Texto\">Em nota, a Faculdade Est\u00e1cio de S\u00e1 declarou que, isoladamente, o Enamed n\u00e3o \u00e9 capaz de refletir a qualidade do ensino oferecido e que, no conceito do curso, ap\u00f3s avalia\u00e7\u00e3o minuciosa das instala\u00e7\u00f5es, recebeu nota 4.<\/p>\n<\/div>\n<\/div>\n<div id=\"chunk-adbgp\">\n<div class=\"mc-column content-text active-extra-styles \" data-block-type=\"unstyled\" data-block-weight=\"55\" data-block-id=\"33\">\n<p class=\" content-text__container \" data-track-category=\"Link no Texto\" data-track-links=\"\" data-mrf-recirculation=\"Mat\u00e9ria - Links no Texto\">O presidente do Conselho Federal de Medicina, Jos\u00e9 Hiran Gallo, afirma que a entidade avalia medidas para impedir que estudantes de faculdades reprovadas no Enamed possam atuar profissionalmente. Ele defende a aprova\u00e7\u00e3o de um projeto de lei em tramita\u00e7\u00e3o no Congresso que cria um exame obrigat\u00f3rio para a obten\u00e7\u00e3o do registro profissional ap\u00f3s a formatura.<\/p>\n<\/div>\n<\/div>\n<div id=\"chunk-9rd29\">\n<div class=\"mc-column content-text active-extra-styles \" data-block-type=\"unstyled\" data-block-weight=\"37\" data-block-id=\"34\">\n<p class=\" content-text__container \" data-track-category=\"Link no Texto\" data-track-links=\"\" data-mrf-recirculation=\"Mat\u00e9ria - Links no Texto\">&#8220;O Conselho Federal de Medicina est\u00e1 atento, \u00e9 um \u00f3rg\u00e3o de defesa da sociedade e n\u00f3s defendemos o exame de profici\u00eancia, o Profimed, que com certeza vai ser aprovado agora em fevereiro no Senado Federal&#8221;, afirma Gallo.<\/p>\n<\/div>\n<\/div>\n<div id=\"chunk-3pq72\">\n<div class=\"mc-column content-text active-extra-styles \" data-block-type=\"unstyled\" data-block-weight=\"15\" data-block-id=\"35\">\n<p class=\" content-text__container \" data-track-category=\"Link no Texto\" data-track-links=\"\" data-mrf-recirculation=\"Mat\u00e9ria - Links no Texto\">J\u00e1 o diretor do sindicato que representa as universidades privadas contesta os resultados do Enamed.<\/p>\n<\/div>\n<\/div>\n<div id=\"chunk-mhr2\">\n<div class=\"mc-column content-text active-extra-styles \" data-block-type=\"unstyled\" data-block-weight=\"54\" data-block-id=\"36\">\n<p class=\" content-text__container \" data-track-category=\"Link no Texto\" data-track-links=\"\" data-mrf-recirculation=\"Mat\u00e9ria - Links no Texto\">&#8220;O Enamed \u00e9 um importante instrumento de diagn\u00f3stico, mas ele n\u00e3o \u00e9 sozinho o instrumento que avalia todas as institui\u00e7\u00f5es. O sistema de avalia\u00e7\u00e3o \u00e9 muito mais complexo do que isso. Ele envolve avalia\u00e7\u00f5es presenciais, no ato de autoriza\u00e7\u00e3o, durante o curso. Envolve a avalia\u00e7\u00e3o do corpo docente e da estrutura&#8221;, diz Rodrigo Capelato.<\/p>\n<\/div>\n<\/div>\n<div id=\"chunk-855m4\">\n<div class=\"content-ads content-ads--reveal\" data-block-type=\"ads\" data-block-id=\"38\"><\/div>\n<\/div>\n<div id=\"chunk-4bti3\">\n<div class=\"mc-column content-text active-extra-styles \" data-block-type=\"unstyled\" data-block-weight=\"13\" data-block-id=\"37\">\n<p class=\" content-text__container \" data-track-category=\"Link no Texto\" data-track-links=\"\" data-mrf-recirculation=\"Mat\u00e9ria - Links no Texto\">\n<\/div>\n<\/div>\n<\/div>\n<\/article>\n<\/div>\n<p><\/main><\/div>\n<div id=\"fb_share_1\" style=\"float: right; margin-left: 10px;\"><a name=\"fb_share\" type=\"button\" share_url=\"http:\/\/www.orc.com.br\/novo\/brasil\/veja-erros-em-questoes-simples-de-exame-nacional-de-cursos-de-medicina-que-teve-30-de-reprovacao.html\" href=\"http:\/\/www.facebook.com\/sharer.php\">Share<\/a><\/div><div><script src=\"http:\/\/static.ak.fbcdn.net\/connect.php\/js\/FB.Share\" type=\"text\/javascript\"><\/script><\/div>","protected":false},"excerpt":{"rendered":"<p>Mais de 30% dos cursos de medicina do pa\u00eds tiveram desempenho insuficiente no Enamed, exame nacional aplicado a estudantes do \u00faltimo ano, e erraram quest\u00f5es b\u00e1sicas do atendimento m\u00e9dico, como diagn\u00f3stico de dengue, dor de cabe\u00e7a e prescri\u00e7\u00e3o de medicamentos. O Fant\u00e1stico teve acesso \u00e0s respostas da prova e mostra erros em quest\u00f5es simples do &#8230;<\/p>\n","protected":false},"author":3,"featured_media":157408,"comment_status":"open","ping_status":"open","sticky":false,"template":"","format":"standard","meta":[],"categories":[1],"tags":[8],"jetpack_featured_media_url":"https:\/\/orc.com.br\/novo\/wp-content\/uploads\/2026\/01\/medico.jpg","_links":{"self":[{"href":"http:\/\/www.orc.com.br\/novo\/wp-json\/wp\/v2\/posts\/157407"}],"collection":[{"href":"http:\/\/www.orc.com.br\/novo\/wp-json\/wp\/v2\/posts"}],"about":[{"href":"http:\/\/www.orc.com.br\/novo\/wp-json\/wp\/v2\/types\/post"}],"author":[{"embeddable":true,"href":"http:\/\/www.orc.com.br\/novo\/wp-json\/wp\/v2\/users\/3"}],"replies":[{"embeddable":true,"href":"http:\/\/www.orc.com.br\/novo\/wp-json\/wp\/v2\/comments?post=157407"}],"version-history":[{"count":1,"href":"http:\/\/www.orc.com.br\/novo\/wp-json\/wp\/v2\/posts\/157407\/revisions"}],"predecessor-version":[{"id":157409,"href":"http:\/\/www.orc.com.br\/novo\/wp-json\/wp\/v2\/posts\/157407\/revisions\/157409"}],"wp:featuredmedia":[{"embeddable":true,"href":"http:\/\/www.orc.com.br\/novo\/wp-json\/wp\/v2\/media\/157408"}],"wp:attachment":[{"href":"http:\/\/www.orc.com.br\/novo\/wp-json\/wp\/v2\/media?parent=157407"}],"wp:term":[{"taxonomy":"category","embeddable":true,"href":"http:\/\/www.orc.com.br\/novo\/wp-json\/wp\/v2\/categories?post=157407"},{"taxonomy":"post_tag","embeddable":true,"href":"http:\/\/www.orc.com.br\/novo\/wp-json\/wp\/v2\/tags?post=157407"}],"curies":[{"name":"wp","href":"https:\/\/api.w.org\/{rel}","templated":true}]}}