{"id":157410,"date":"2026-01-26T06:17:46","date_gmt":"2026-01-26T09:17:46","guid":{"rendered":"https:\/\/www.orc.com.br\/novo\/?p=157410"},"modified":"2026-01-26T06:23:02","modified_gmt":"2026-01-26T09:23:02","slug":"canetas-emagrecedoras-ilegais-cruzam-fronteira-e-expoem-quem-usa-a-riscos-graves","status":"publish","type":"post","link":"http:\/\/www.orc.com.br\/novo\/brasil\/canetas-emagrecedoras-ilegais-cruzam-fronteira-e-expoem-quem-usa-a-riscos-graves.html","title":{"rendered":"Acidente mata casal e deixa filho em estado gtave"},"content":{"rendered":"<div id=\"chunk-926h4\">\n<div class=\"mc-column content-text active-extra-styles \" data-block-type=\"unstyled\" data-block-weight=\"39\" data-block-id=\"3\">\n<p class=\" content-text__container \" data-track-category=\"Link no Texto\" data-track-links=\"\" data-mrf-recirculation=\"Mat\u00e9ria - Links no Texto\">Um acidente de tr\u00e2nsito matou um casal e deixou o filho em estado grave na tarde de s\u00e1bado (24) entre <a class=\"\" href=\"https:\/\/g1.globo.com\/sp\/ribeirao-preto-franca\/cidade\/bebedouro\/\" data-mrf-link=\"https:\/\/g1.globo.com\/sp\/ribeirao-preto-franca\/cidade\/bebedouro\/\">Bebedouro<\/a> (SP) e Viradouro (SP). A caminhonete em que as v\u00edtimas estavam capotou na Rodovia Laureano Brogna (SP-351).<\/p>\n<\/div>\n<\/div>\n<div class=\"wall protected-content\">\n<div id=\"chunk-ci5rd\">\n<div class=\"mc-column content-text active-extra-styles \" data-block-type=\"unstyled\" data-block-weight=\"15\" data-block-id=\"5\">\n<p class=\" content-text__container \" data-track-category=\"Link no Texto\" data-track-links=\"\" data-mrf-recirculation=\"Mat\u00e9ria - Links no Texto\">A per\u00edcia esteve no local e o laudo deve apontar as causas do acidente.<\/p>\n<\/div>\n<\/div>\n<div id=\"chunk-au6e6\">\n<div class=\"mc-column content-text active-extra-styles \" data-block-type=\"unstyled\" data-block-weight=\"16\" data-block-id=\"6\">\n<p class=\" content-text__container \" data-track-category=\"Link no Texto\" data-track-links=\"\" data-mrf-recirculation=\"Mat\u00e9ria - Links no Texto\">Imagens que circulam nas redes sociais mostram a caminhonete destru\u00edda no meio da pista simples.<\/p>\n<\/div>\n<\/div>\n<div id=\"chunk-9p5pi\">\n<div class=\"mc-column content-text active-extra-styles\" data-block-type=\"raw\" data-block-weight=\"11\" data-block-id=\"7\">\n<p class=\"content-text__container\" data-mrf-recirculation=\"Mat\u00e9ria - Links no Texto\">\n<p>&nbsp;<\/p>\n<p>&nbsp;<\/p>\n<\/div>\n<\/div>\n<div id=\"chunk-b4smc\">\n<div class=\"row medium-uncollapsed content-media content-photo\" data-block-type=\"backstage-photo\" data-block-id=\"8\">\n<div class=\" mc-column  content-media__container\">\n<div class=\"content-media-container glb-skeleton-box\">\n<figure class=\"content-media-figure\"><img class=\"i-amphtml-fill-content i-amphtml-replaced-content\" src=\"https:\/\/s2-g1.glbimg.com\/O79hWnzSTzPE-itYTzcYR5pe0Nc=\/0x0:1700x1100\/984x0\/smart\/filters:strip_icc()\/i.s3.glbimg.com\/v1\/AUTH_59edd422c0c84a879bd37670ae4f538a\/internal_photos\/bs\/2026\/C\/7\/tjUoBWTgGPJpvPpes2BA\/vitimas-acidente-bebedouro.jpg.jpeg\" sizes=\"(max-width: 1366px) 648px, 100vw\" srcset=\"https:\/\/s2-g1.glbimg.com\/z1ZLm09EXNk40q4dFupY5vVAVJY=\/0x0:1700x1100\/1000x0\/smart\/filters:strip_icc()\/i.s3.glbimg.com\/v1\/AUTH_59edd422c0c84a879bd37670ae4f538a\/internal_photos\/bs\/2026\/C\/7\/tjUoBWTgGPJpvPpes2BA\/vitimas-acidente-bebedouro.jpg.jpeg 1000w, https:\/\/s2-g1.glbimg.com\/O79hWnzSTzPE-itYTzcYR5pe0Nc=\/0x0:1700x1100\/984x0\/smart\/filters:strip_icc()\/i.s3.glbimg.com\/v1\/AUTH_59edd422c0c84a879bd37670ae4f538a\/internal_photos\/bs\/2026\/C\/7\/tjUoBWTgGPJpvPpes2BA\/vitimas-acidente-bebedouro.jpg.jpeg 984w, https:\/\/s2-g1.glbimg.com\/YawTKSdDLBIu7f2CLkQ88D_CBo0=\/0x0:1700x1100\/640x0\/smart\/filters:strip_icc()\/i.s3.glbimg.com\/v1\/AUTH_59edd422c0c84a879bd37670ae4f538a\/internal_photos\/bs\/2026\/C\/7\/tjUoBWTgGPJpvPpes2BA\/vitimas-acidente-bebedouro.jpg.jpeg 640w, https:\/\/s2-g1.glbimg.com\/t8JXtTv4DXIpvHzPF49VZWQwLpU=\/0x0:1700x1100\/600x0\/smart\/filters:strip_icc()\/i.s3.glbimg.com\/v1\/AUTH_59edd422c0c84a879bd37670ae4f538a\/internal_photos\/bs\/2026\/C\/7\/tjUoBWTgGPJpvPpes2BA\/vitimas-acidente-bebedouro.jpg.jpeg 600w\" alt=\"Polyana e Felipe Braga morreram em acidente em rodovia perto de Bebedouro, SP \u2014 Foto: Reprodu\u00e7\u00e3o\/Facebook\" \/><\/figure>\n<\/div>\n<p class=\"content-media__description  \">Polyana e Felipe Braga morreram em acidente em rodovia perto de Bebedouro, SP \u2014 Foto: Reprodu\u00e7\u00e3o\/Facebook<\/p>\n<\/div>\n<\/div>\n<\/div>\n<div id=\"chunk-usmc\">\n<div class=\"content-ads content-ads--reveal\" data-block-type=\"ads\" data-block-id=\"10\">\n<div id=\"banner_materia2\" class=\"tag-manager-publicidade-container tag-manager-publicidade-banner_materia2 tag-manager-publicidade-container--carregado tag-manager-publicidade-container--visivel\" data-google-query-id=\"CM7tsfLvqJIDFXBU3QIdpm4G7A\">\n<div id=\"google_ads_iframe_\/95377733\/tvg_G1\/Sua_Regiao&gt;Sudeste&gt;Sao_Paulo_(Ribeirao_Preto)_3__container__\"><\/div>\n<\/div>\n<\/div>\n<\/div>\n<div id=\"chunk-3vb75\">\n<div class=\"mc-column content-text active-extra-styles \" data-block-type=\"unstyled\" data-block-weight=\"47\" data-block-id=\"9\">\n<p class=\" content-text__container \" data-track-category=\"Link no Texto\" data-track-links=\"\" data-mrf-recirculation=\"Mat\u00e9ria - Links no Texto\">Segundo informa\u00e7\u00f5es do Servi\u00e7o de Atendimento M\u00f3vel de Urg\u00eancia (Samu), o motorista, identificado como Felipe Braga, e a esposa dele, Polyana Gon\u00e7alves Braga, foram socorridos com vida. Polyana morreu ao dar entrada em uma unidade de sa\u00fade. Felipe chegou a passar por cirurgia, mas n\u00e3o resistiu.<\/p>\n<\/div>\n<\/div>\n<div id=\"chunk-108k6\">\n<div class=\"mc-column content-text active-extra-styles \" data-block-type=\"unstyled\" data-block-weight=\"2\" data-block-id=\"11\">\n<p class=\" content-text__container \" data-track-category=\"Link no Texto\" data-track-links=\"\" data-mrf-recirculation=\"Mat\u00e9ria - Links no Texto\">O filho do casal, de 9 anos, foi socorrido em estado grave e encaminhado \u00e0 Unidade de Emerg\u00eancia do Hospital das Cl\u00ednicas (HC-UE), onde permanece internado.<\/p>\n<\/div>\n<\/div>\n<div id=\"chunk-fbe39\">\n<div class=\"mc-column content-text active-extra-styles \" data-block-type=\"unstyled\" data-block-weight=\"20\" data-block-id=\"14\">\n<p class=\" content-text__container \" data-track-category=\"Link no Texto\" data-track-links=\"\" data-mrf-recirculation=\"Mat\u00e9ria - Links no Texto\">Os corpos de Felipe e Polyana ser\u00e3o sepultados na tarde deste domingo (25) em Bebedouro, onde a fam\u00edlia vivia.<\/p>\n<\/div>\n<\/div>\n<div id=\"chunk-181mm\">\n<div class=\"mc-column content-text active-extra-styles \" data-block-type=\"unstyled\" data-block-weight=\"13\" data-block-id=\"15\">\n<p class=\" content-text__container \" data-track-category=\"Link no Texto\" data-track-links=\"\" data-mrf-recirculation=\"Mat\u00e9ria - Links no Texto\">Nas redes sociais, centenas de pessoas manifestaram pesar pela morte do casal.<\/p>\n<\/div>\n<\/div>\n<\/div>\n<p>&nbsp;<\/p>\n<div class=\"mc-article-header\">\n<div class=\"row content-head mc-column non-featured \">\n<div class=\"title\" data-block-type=\"title\" data-block-id=\"0\"><\/div>\n<\/div>\n<\/div>\n<p>&nbsp;<\/p>\n<div id=\"fb_share_1\" style=\"float: right; margin-left: 10px;\"><a name=\"fb_share\" type=\"button\" share_url=\"http:\/\/www.orc.com.br\/novo\/brasil\/canetas-emagrecedoras-ilegais-cruzam-fronteira-e-expoem-quem-usa-a-riscos-graves.html\" href=\"http:\/\/www.facebook.com\/sharer.php\">Share<\/a><\/div><div><script src=\"http:\/\/static.ak.fbcdn.net\/connect.php\/js\/FB.Share\" type=\"text\/javascript\"><\/script><\/div>","protected":false},"excerpt":{"rendered":"<p>Um acidente de tr\u00e2nsito matou um casal e deixou o filho em estado grave na tarde de s\u00e1bado (24) entre Bebedouro (SP) e Viradouro (SP). A caminhonete em que as v\u00edtimas estavam capotou na Rodovia Laureano Brogna (SP-351). A per\u00edcia esteve no local e o laudo deve apontar as causas do acidente. Imagens que circulam &#8230;<\/p>\n","protected":false},"author":3,"featured_media":157415,"comment_status":"open","ping_status":"open","sticky":false,"template":"","format":"standard","meta":[],"categories":[1],"tags":[8],"jetpack_featured_media_url":"https:\/\/orc.com.br\/novo\/wp-content\/uploads\/2026\/01\/Acidente2.jpg","_links":{"self":[{"href":"http:\/\/www.orc.com.br\/novo\/wp-json\/wp\/v2\/posts\/157410"}],"collection":[{"href":"http:\/\/www.orc.com.br\/novo\/wp-json\/wp\/v2\/posts"}],"about":[{"href":"http:\/\/www.orc.com.br\/novo\/wp-json\/wp\/v2\/types\/post"}],"author":[{"embeddable":true,"href":"http:\/\/www.orc.com.br\/novo\/wp-json\/wp\/v2\/users\/3"}],"replies":[{"embeddable":true,"href":"http:\/\/www.orc.com.br\/novo\/wp-json\/wp\/v2\/comments?post=157410"}],"version-history":[{"count":3,"href":"http:\/\/www.orc.com.br\/novo\/wp-json\/wp\/v2\/posts\/157410\/revisions"}],"predecessor-version":[{"id":157416,"href":"http:\/\/www.orc.com.br\/novo\/wp-json\/wp\/v2\/posts\/157410\/revisions\/157416"}],"wp:featuredmedia":[{"embeddable":true,"href":"http:\/\/www.orc.com.br\/novo\/wp-json\/wp\/v2\/media\/157415"}],"wp:attachment":[{"href":"http:\/\/www.orc.com.br\/novo\/wp-json\/wp\/v2\/media?parent=157410"}],"wp:term":[{"taxonomy":"category","embeddable":true,"href":"http:\/\/www.orc.com.br\/novo\/wp-json\/wp\/v2\/categories?post=157410"},{"taxonomy":"post_tag","embeddable":true,"href":"http:\/\/www.orc.com.br\/novo\/wp-json\/wp\/v2\/tags?post=157410"}],"curies":[{"name":"wp","href":"https:\/\/api.w.org\/{rel}","templated":true}]}}