{"id":157434,"date":"2026-01-27T05:55:12","date_gmt":"2026-01-27T08:55:12","guid":{"rendered":"https:\/\/www.orc.com.br\/novo\/?p=157434"},"modified":"2026-01-27T05:55:12","modified_gmt":"2026-01-27T08:55:12","slug":"camara-dos-deputados-lanca-mais-um-concurso-publico-com-salarios-de-r-21-mil-veja-o-que-se-sabe","status":"publish","type":"post","link":"http:\/\/www.orc.com.br\/novo\/brasil\/camara-dos-deputados-lanca-mais-um-concurso-publico-com-salarios-de-r-21-mil-veja-o-que-se-sabe.html","title":{"rendered":"C\u00e2mara dos Deputados lan\u00e7a mais um concurso p\u00fablico, com sal\u00e1rios de R$ 21 mil; veja o que se sabe"},"content":{"rendered":"<div id=\"chunk-8eqm6\">\n<div class=\"mc-column content-text active-extra-styles \" data-block-type=\"unstyled\" data-block-weight=\"39\" data-block-id=\"3\">\n<p class=\" content-text__container \" data-track-category=\"Link no Texto\" data-track-links=\"\" data-mrf-recirculation=\"Mat\u00e9ria - Links no Texto\">A C\u00e2mara dos Deputados publicou o edital de um novo concurso p\u00fablico para o cargo de <strong>T\u00e9cnico Legislativo<\/strong>, na especialidade de <strong>Policial Legislativo Federal<\/strong>. A remunera\u00e7\u00e3o inicial \u00e9 de <strong>R$ 21.328,08<\/strong>, valor que j\u00e1 inclui o adicional de periculosidade.<\/p>\n<\/div>\n<\/div>\n<div class=\"wall protected-content\">\n<div id=\"chunk-91uof\">\n<div class=\"mc-column content-text active-extra-styles \" data-block-type=\"unstyled\" data-block-weight=\"17\" data-block-id=\"5\">\n<p class=\" content-text__container \" data-track-category=\"Link no Texto\" data-track-links=\"\" data-mrf-recirculation=\"Mat\u00e9ria - Links no Texto\">O concurso oferece <strong>40 vagas imediatas <\/strong>e prev\u00ea a forma\u00e7\u00e3o de cadastro de reserva com outras 40.<\/p>\n<\/div>\n<\/div>\n<div id=\"chunk-22qf9\">\n<div class=\"mc-column content-text active-extra-styles \" data-block-type=\"unstyled\" data-block-weight=\"29\" data-block-id=\"6\">\n<p class=\" content-text__container \" data-track-category=\"Link no Texto\" data-track-links=\"\" data-mrf-recirculation=\"Mat\u00e9ria - Links no Texto\">As inscri\u00e7\u00f5es poder\u00e3o ser feitas entre <strong>29 de janeiro<\/strong> e <strong>20 de fevereiro<\/strong>. A taxa de inscri\u00e7\u00e3o \u00e9 de R$ 150 e dever\u00e1 ser paga at\u00e9 12 de mar\u00e7o.<\/p>\n<\/div>\n<\/div>\n<div id=\"chunk-3jq92\">\n<div class=\"mc-column content-text active-extra-styles \" data-block-type=\"unstyled\" data-block-weight=\"20\" data-block-id=\"7\">\n<p class=\" content-text__container \" data-track-category=\"Link no Texto\" data-track-links=\"\" data-mrf-recirculation=\"Mat\u00e9ria - Links no Texto\">As provas objetiva e discursiva est\u00e3o marcadas para <strong>26 de abril <\/strong>e ser\u00e3o aplicadas em todas as capitais do pa\u00eds.<\/p>\n<\/div>\n<\/div>\n<div id=\"chunk-49mc8\">\n<div class=\"content-ads\" data-block-type=\"ads\" data-block-id=\"9\"><\/div>\n<\/div>\n<div id=\"chunk-648m5\">\n<div class=\"mc-column content-text active-extra-styles \" data-block-type=\"unstyled\" data-block-weight=\"7\" data-block-id=\"8\">\n<p class=\" content-text__container \" data-track-category=\"Link no Texto\" data-track-links=\"\" data-mrf-recirculation=\"Mat\u00e9ria - Links no Texto\"><strong><span class=\"highlight highlighted\">O concurso ser\u00e1 realizado em duas etapas.<\/span><\/strong><\/p>\n<\/div>\n<\/div>\n<div id=\"chunk-ufp0\">\n<div class=\"mc-column content-text active-extra-styles\" data-block-type=\"raw\" data-block-weight=\"46\" data-block-id=\"10\">\n<p class=\"content-text__container\" data-mrf-recirculation=\"Mat\u00e9ria - Links no Texto\">\n<ul class=\"content-unordered-list\" data-mrf-recirculation=\"Mat\u00e9ria - Leia Tamb\u00e9m (Lista)\">\n<li>A primeira etapa inclui provas objetiva e discursiva, teste de aptid\u00e3o f\u00edsica, sindic\u00e2ncia de vida pregressa e investiga\u00e7\u00e3o social, avalia\u00e7\u00e3o psicol\u00f3gica inicial e exames de sa\u00fade f\u00edsica e mental.<\/li>\n<li>A segunda etapa \u00e9 composta pelo programa de forma\u00e7\u00e3o profissional, que tamb\u00e9m envolve uma nova avalia\u00e7\u00e3o psicol\u00f3gica.<\/li>\n<\/ul>\n<p>&nbsp;<\/p>\n<\/div>\n<\/div>\n<div id=\"chunk-6765p\">\n<div class=\"mc-column content-text active-extra-styles\" data-block-type=\"raw\" data-block-weight=\"6\" data-block-id=\"11\">\n<p class=\"content-text__container\" data-mrf-recirculation=\"Mat\u00e9ria - Links no Texto\">\n<div class=\"content-intertitle\">\n<h2>Local de atua\u00e7\u00e3o, cotas e requisitos<\/h2>\n<\/div>\n<p>&nbsp;<\/p>\n<\/div>\n<\/div>\n<div id=\"chunk-3ot57\">\n<div class=\"mc-column content-text active-extra-styles \" data-block-type=\"unstyled\" data-block-weight=\"27\" data-block-id=\"12\">\n<p class=\" content-text__container \" data-track-category=\"Link no Texto\" data-track-links=\"\" data-mrf-recirculation=\"Mat\u00e9ria - Links no Texto\">Entre as vagas imediatas, o edital reserva duas para pessoas com defici\u00eancia, 10 para candidatos pretos e pardos, uma para candidato ind\u00edgena e uma para candidato quilombola.<\/p>\n<\/div>\n<\/div>\n<div id=\"chunk-dflhh\">\n<div class=\"mc-column content-text active-extra-styles \" data-block-type=\"unstyled\" data-block-weight=\"18\" data-block-id=\"13\">\n<p class=\" content-text__container \" data-track-category=\"Link no Texto\" data-track-links=\"\" data-mrf-recirculation=\"Mat\u00e9ria - Links no Texto\">Todos os aprovados ser\u00e3o lotados exclusivamente no Departamento de Pol\u00edcia Legislativa da C\u00e2mara dos Deputados, em Bras\u00edlia (DF).<\/p>\n<\/div>\n<\/div>\n<div id=\"chunk-d6gjj\">\n<div class=\"mc-column content-text active-extra-styles \" data-block-type=\"unstyled\" data-block-weight=\"27\" data-block-id=\"14\">\n<p class=\" content-text__container \" data-track-category=\"Link no Texto\" data-track-links=\"\" data-mrf-recirculation=\"Mat\u00e9ria - Links no Texto\">Para participar da sele\u00e7\u00e3o, \u00e9 exigido diploma de <strong>curso superior em qualquer \u00e1rea de forma\u00e7\u00e3o<\/strong>, al\u00e9m de Carteira Nacional de Habilita\u00e7\u00e3o (<strong>CNH<\/strong>) na categoria B ou superior.<\/p>\n<\/div>\n<\/div>\n<div id=\"chunk-3s4sb\">\n<div class=\"mc-column content-text active-extra-styles\" data-block-type=\"raw\" data-block-weight=\"2\" data-block-id=\"15\">\n<p class=\"content-text__container\" data-mrf-recirculation=\"Mat\u00e9ria - Links no Texto\">\n<div class=\"content-intertitle\">\n<h2>&#x1f4c5; Cronograma<\/h2>\n<\/div>\n<p>&nbsp;<\/p>\n<\/div>\n<\/div>\n<div id=\"chunk-452gd\">\n<div class=\"mc-column content-text active-extra-styles\" data-block-type=\"raw\" data-block-weight=\"136\" data-block-id=\"16\">\n<p class=\"content-text__container\" data-mrf-recirculation=\"Mat\u00e9ria - Links no Texto\">\n<ul class=\"content-unordered-list\" data-mrf-recirculation=\"Mat\u00e9ria - Leia Tamb\u00e9m (Lista)\">\n<li><strong>Solicita\u00e7\u00e3o de inscri\u00e7\u00e3o e isen\u00e7\u00e3o da taxa: <\/strong>29\/01 a 20\/02\/2026<\/li>\n<li><strong>Verifica\u00e7\u00e3o de foto:<\/strong> 23 e 24\/02\/2026<\/li>\n<li><strong>Situa\u00e7\u00e3o provis\u00f3ria da isen\u00e7\u00e3o: <\/strong>27\/02 a 03\/03\/2026<\/li>\n<li><strong>Recurso contra indeferimento da isen\u00e7\u00e3o: <\/strong>02 e 03\/03\/2026<\/li>\n<li><strong>Situa\u00e7\u00e3o final da isen\u00e7\u00e3o: <\/strong>10\/03\/2026<\/li>\n<li><strong>Pagamento da taxa: <\/strong>at\u00e9 12\/03\/2026<\/li>\n<li><strong>Situa\u00e7\u00e3o provis\u00f3ria do atendimento especializado:<\/strong> 20 a 24\/03\/2026<\/li>\n<li><strong>Recurso contra indeferimento do atendimento especializado: 2<\/strong>3 e 24\/03\/2026<\/li>\n<li><strong>Situa\u00e7\u00e3o final do atendimento especializado:<\/strong> 01\/04\/2026<\/li>\n<li><strong>Locais de prova:<\/strong> 10\/04\/2026<\/li>\n<li><strong>Provas objetiva e discursiva: <\/strong>26\/04\/2026<\/li>\n<li><strong>Gabaritos preliminares e padr\u00e3o de resposta: <\/strong>28\/04\/2026<\/li>\n<li><strong>Recurso contra gabaritos e padr\u00e3o de resposta: <\/strong>29 e 30\/04\/2026<\/li>\n<li><strong>Resultado final da prova objetiva: <\/strong>22\/05\/2026<\/li>\n<li><strong>Recurso (PCD \u2013 documental):<\/strong> 25 e 26\/05\/2026<\/li>\n<li><strong>Convoca\u00e7\u00e3o para etapas presenciais\/telepresenciais:<\/strong> 02\/06\/2026<\/li>\n<li><strong>Envio de documentos (ind\u00edgenas e quilombolas):<\/strong> 03 a 05\/06\/2026<\/li>\n<li><strong>Avalia\u00e7\u00e3o telepresencial (PCD e negros):<\/strong> 07\/06\/2026<\/li>\n<li><strong>Resultado provis\u00f3rio (PCD, negros, ind\u00edgenas e quilombolas): <\/strong>16\/06\/2026<\/li>\n<li><strong>Resultado provis\u00f3rio da discursiva: <\/strong>26\/06\/2026<\/li>\n<\/ul>\n<p>&nbsp;<\/p>\n<\/div>\n<\/div>\n<div id=\"chunk-21nc0\">\n<div class=\"content-ads content-ads--reveal\" data-block-type=\"ads\" data-block-id=\"17\">\n<div id=\"banner_materia__d6b298ed-60da-4ea6-bcd1-e972391065c9\" class=\"tag-manager-publicidade-container tag-manager-publicidade-banner_materia__d6b298ed-60da-4ea6-bcd1-e972391065c9 tag-manager-publicidade-container--carregado tag-manager-publicidade-container--visivel\" data-google-query-id=\"CJb0-I2sq5IDFaI3uQYdpygL2g\">\n<div id=\"google_ads_iframe_\/95377733\/tvg_G1\/Trabalho_e_Carreira_3__container__\"><\/div>\n<\/div>\n<\/div>\n<\/div>\n<\/div>\n<div id=\"fb_share_1\" style=\"float: right; margin-left: 10px;\"><a name=\"fb_share\" type=\"button\" share_url=\"http:\/\/www.orc.com.br\/novo\/brasil\/camara-dos-deputados-lanca-mais-um-concurso-publico-com-salarios-de-r-21-mil-veja-o-que-se-sabe.html\" href=\"http:\/\/www.facebook.com\/sharer.php\">Share<\/a><\/div><div><script src=\"http:\/\/static.ak.fbcdn.net\/connect.php\/js\/FB.Share\" type=\"text\/javascript\"><\/script><\/div>","protected":false},"excerpt":{"rendered":"<p>A C\u00e2mara dos Deputados publicou o edital de um novo concurso p\u00fablico para o cargo de T\u00e9cnico Legislativo, na especialidade de Policial Legislativo Federal. A remunera\u00e7\u00e3o inicial \u00e9 de R$ 21.328,08, valor que j\u00e1 inclui o adicional de periculosidade. O concurso oferece 40 vagas imediatas e prev\u00ea a forma\u00e7\u00e3o de cadastro de reserva com outras &#8230;<\/p>\n","protected":false},"author":3,"featured_media":157435,"comment_status":"open","ping_status":"open","sticky":false,"template":"","format":"standard","meta":[],"categories":[1],"tags":[8],"jetpack_featured_media_url":"https:\/\/orc.com.br\/novo\/wp-content\/uploads\/2026\/01\/Brasilia.jpg","_links":{"self":[{"href":"http:\/\/www.orc.com.br\/novo\/wp-json\/wp\/v2\/posts\/157434"}],"collection":[{"href":"http:\/\/www.orc.com.br\/novo\/wp-json\/wp\/v2\/posts"}],"about":[{"href":"http:\/\/www.orc.com.br\/novo\/wp-json\/wp\/v2\/types\/post"}],"author":[{"embeddable":true,"href":"http:\/\/www.orc.com.br\/novo\/wp-json\/wp\/v2\/users\/3"}],"replies":[{"embeddable":true,"href":"http:\/\/www.orc.com.br\/novo\/wp-json\/wp\/v2\/comments?post=157434"}],"version-history":[{"count":1,"href":"http:\/\/www.orc.com.br\/novo\/wp-json\/wp\/v2\/posts\/157434\/revisions"}],"predecessor-version":[{"id":157436,"href":"http:\/\/www.orc.com.br\/novo\/wp-json\/wp\/v2\/posts\/157434\/revisions\/157436"}],"wp:featuredmedia":[{"embeddable":true,"href":"http:\/\/www.orc.com.br\/novo\/wp-json\/wp\/v2\/media\/157435"}],"wp:attachment":[{"href":"http:\/\/www.orc.com.br\/novo\/wp-json\/wp\/v2\/media?parent=157434"}],"wp:term":[{"taxonomy":"category","embeddable":true,"href":"http:\/\/www.orc.com.br\/novo\/wp-json\/wp\/v2\/categories?post=157434"},{"taxonomy":"post_tag","embeddable":true,"href":"http:\/\/www.orc.com.br\/novo\/wp-json\/wp\/v2\/tags?post=157434"}],"curies":[{"name":"wp","href":"https:\/\/api.w.org\/{rel}","templated":true}]}}