{"id":157447,"date":"2026-01-28T06:25:26","date_gmt":"2026-01-28T09:25:26","guid":{"rendered":"https:\/\/www.orc.com.br\/novo\/?p=157447"},"modified":"2026-01-28T06:25:26","modified_gmt":"2026-01-28T09:25:26","slug":"da-defesa-total-ao-recuo-por-que-trump-recalculou-a-estrategia-apos-morte-de-enfermeiro-em-operacao-anti-imigracao","status":"publish","type":"post","link":"http:\/\/www.orc.com.br\/novo\/internacional\/da-defesa-total-ao-recuo-por-que-trump-recalculou-a-estrategia-apos-morte-de-enfermeiro-em-operacao-anti-imigracao.html","title":{"rendered":"Da defesa total ao recuo: por que Trump recalculou a estrat\u00e9gia ap\u00f3s morte de enfermeiro em opera\u00e7\u00e3o anti-imigra\u00e7\u00e3o"},"content":{"rendered":"<p>O presidente dos <a href=\"https:\/\/g1.globo.com\/tudo-sobre\/estados-unidos\/\">Estados Unidos<\/a>, <a href=\"https:\/\/g1.globo.com\/tudo-sobre\/donald-trump\/\">Donald Trump<\/a>,\u00a0 mudou \u00a0o tom em rela\u00e7\u00e3o \u00e0 opera\u00e7\u00e3o anti-imigra\u00e7\u00e3o conduzida por agentes federais no estado do Minnesota. Se no s\u00e1bado (24) o republicano pediu para deixar os agentes \u201ctrabalharem\u201d, agora Trump fala em \u201creduzir a tens\u00e3o\u201d. A mudan\u00e7a de postura ocorre ap\u00f3s a <a href=\"https:\/\/g1.globo.com\/fantastico\/noticia\/2026\/01\/25\/americano-e-morto-a-tiros-por-agentes-federais-nos-eua-e-causa-revolta.ghtml\" data-mrf-link=\"https:\/\/g1.globo.com\/fantastico\/noticia\/2026\/01\/25\/americano-e-morto-a-tiros-por-agentes-federais-nos-eua-e-causa-revolta.ghtml\">repercuss\u00e3o negativa da morte de Alex Pretti<\/a>. O enfermeiro de 37 anos foi morto por agentes da Patrulha de Fronteira em Minneapolis, no s\u00e1bado. O caso foi not\u00edcia no mundo todo.<\/p>\n<p data-track-category=\"Link no Texto\" data-track-links=\"\" data-mrf-recirculation=\"Mat\u00e9ria - Links no Texto\">Em um primeiro momento, <a href=\"https:\/\/g1.globo.com\/mundo\/noticia\/2026\/01\/24\/deixem-nossos-patriotas-do-ice-fazerem-seu-trabalho-diz-trump-apos-nova-morte-em-acao-anti-imigracao-em-minneapolis.ghtml\" data-mrf-link=\"https:\/\/g1.globo.com\/mundo\/noticia\/2026\/01\/24\/deixem-nossos-patriotas-do-ice-fazerem-seu-trabalho-diz-trump-apos-nova-morte-em-acao-anti-imigracao-em-minneapolis.ghtml\">Trump saiu em defesa dos agentes federais<\/a> e do trabalho do Servi\u00e7o de Imigra\u00e7\u00e3o e Alf\u00e2ndega (ICE). Ao mesmo tempo, por\u00e9m, milhares de pessoas foram \u00e0s ruas em diferentes partes do pa\u00eds para protestar contra as opera\u00e7\u00f5es e contra o pr\u00f3prio presidente.<\/p>\n<div id=\"fb_share_1\" style=\"float: right; margin-left: 10px;\"><a name=\"fb_share\" type=\"button\" share_url=\"http:\/\/www.orc.com.br\/novo\/internacional\/da-defesa-total-ao-recuo-por-que-trump-recalculou-a-estrategia-apos-morte-de-enfermeiro-em-operacao-anti-imigracao.html\" href=\"http:\/\/www.facebook.com\/sharer.php\">Share<\/a><\/div><div><script src=\"http:\/\/static.ak.fbcdn.net\/connect.php\/js\/FB.Share\" type=\"text\/javascript\"><\/script><\/div>","protected":false},"excerpt":{"rendered":"<p>O presidente dos Estados Unidos, Donald Trump,\u00a0 mudou \u00a0o tom em rela\u00e7\u00e3o \u00e0 opera\u00e7\u00e3o anti-imigra\u00e7\u00e3o conduzida por agentes federais no estado do Minnesota. Se no s\u00e1bado (24) o republicano pediu para deixar os agentes \u201ctrabalharem\u201d, agora Trump fala em \u201creduzir a tens\u00e3o\u201d. A mudan\u00e7a de postura ocorre ap\u00f3s a repercuss\u00e3o negativa da morte de Alex &#8230;<\/p>\n","protected":false},"author":3,"featured_media":157448,"comment_status":"open","ping_status":"open","sticky":false,"template":"","format":"standard","meta":[],"categories":[24],"tags":[8],"jetpack_featured_media_url":"https:\/\/orc.com.br\/novo\/wp-content\/uploads\/2026\/01\/Minesota.webp","_links":{"self":[{"href":"http:\/\/www.orc.com.br\/novo\/wp-json\/wp\/v2\/posts\/157447"}],"collection":[{"href":"http:\/\/www.orc.com.br\/novo\/wp-json\/wp\/v2\/posts"}],"about":[{"href":"http:\/\/www.orc.com.br\/novo\/wp-json\/wp\/v2\/types\/post"}],"author":[{"embeddable":true,"href":"http:\/\/www.orc.com.br\/novo\/wp-json\/wp\/v2\/users\/3"}],"replies":[{"embeddable":true,"href":"http:\/\/www.orc.com.br\/novo\/wp-json\/wp\/v2\/comments?post=157447"}],"version-history":[{"count":2,"href":"http:\/\/www.orc.com.br\/novo\/wp-json\/wp\/v2\/posts\/157447\/revisions"}],"predecessor-version":[{"id":157450,"href":"http:\/\/www.orc.com.br\/novo\/wp-json\/wp\/v2\/posts\/157447\/revisions\/157450"}],"wp:featuredmedia":[{"embeddable":true,"href":"http:\/\/www.orc.com.br\/novo\/wp-json\/wp\/v2\/media\/157448"}],"wp:attachment":[{"href":"http:\/\/www.orc.com.br\/novo\/wp-json\/wp\/v2\/media?parent=157447"}],"wp:term":[{"taxonomy":"category","embeddable":true,"href":"http:\/\/www.orc.com.br\/novo\/wp-json\/wp\/v2\/categories?post=157447"},{"taxonomy":"post_tag","embeddable":true,"href":"http:\/\/www.orc.com.br\/novo\/wp-json\/wp\/v2\/tags?post=157447"}],"curies":[{"name":"wp","href":"https:\/\/api.w.org\/{rel}","templated":true}]}}