{"id":157455,"date":"2026-01-28T14:41:03","date_gmt":"2026-01-28T17:41:03","guid":{"rendered":"https:\/\/www.orc.com.br\/novo\/?p=157455"},"modified":"2026-01-28T14:41:03","modified_gmt":"2026-01-28T17:41:03","slug":"paqueta-supera-gerson-em-contratacao-mais-cara-da-historia-do-futebol-brasileiro-veja-ranking","status":"publish","type":"post","link":"http:\/\/www.orc.com.br\/novo\/esportes\/paqueta-supera-gerson-em-contratacao-mais-cara-da-historia-do-futebol-brasileiro-veja-ranking.html","title":{"rendered":"Paquet\u00e1 supera Gerson em contrata\u00e7\u00e3o mais cara da hist\u00f3ria do futebol brasileiro; veja ranking"},"content":{"rendered":"<p>O <a title=\"https:\/\/www.estadao.com.br\/tudo-sobre\/flamengo\/\" href=\"https:\/\/www.estadao.com.br\/tudo-sobre\/flamengo\/\" target=\"_blank\" rel=\"noopener\"><strong>Flamengo<\/strong><\/a> acertou nesta quarta-feira, 28, a contrata\u00e7\u00e3o de <a title=\"https:\/\/www.estadao.com.br\/tudo-sobre\/lucas-paqueta\/\" href=\"https:\/\/www.estadao.com.br\/tudo-sobre\/lucas-paqueta\/\" target=\"_blank\" rel=\"noopener\"><strong>Lucas Paquet\u00e1<\/strong><\/a>, do West Ham. O meio-campista de 28 anos volta ao time que o revelou para o futebol.<\/p>\n<div class=\"paragraph\">\n<p>De acordo com o site <em>\u201cGe\u201d<\/em>, o clube rubro-negro ofereceu 42 milh\u00f5es de euros (cerca de R$ 260 milh\u00f5es na cota\u00e7\u00e3o atual) aos ingleses. Assim, a contrata\u00e7\u00e3o de Paquet\u00e1 torna-se a mais cara da hist\u00f3ria do futebol brasileiro.<\/p>\n<p>O jogador deve assinar um contrato de cinco anos com o Flamengo. O clube carioca far\u00e1 o pagamento ao West Ham de forma parcelada, at\u00e9 o ano de 2028.<\/p>\n<p>No in\u00edcio desta temporada de 2026, a contrata\u00e7\u00e3o de Gerson pelo Cruzeiro tinha ocupado a primeira posi\u00e7\u00e3o entre as mais caras da hist\u00f3ria do futebol nacional. O clube mineiro desembolsou 27 milh\u00f5es de euros (cerca de R$ 168,8 milh\u00f5es) para tirar o meio-campista do Zenit, da R\u00fassia.<\/p>\n<p class=\"styles__ParagraphStyled-sc-6adecn-0 gsLklW  \" data-component-name=\"paragraph\">Na terceira coloca\u00e7\u00e3o do ranking est\u00e1 a transfer\u00eancia do atacante Vitor Roque, do Barcelona para o Palmeiras, em 2025, por cerca 25,50 milh\u00f5es de euros.<\/p>\n<p class=\"styles__ParagraphStyled-sc-6adecn-0 gsLklW  \" data-component-name=\"paragraph\">No top 10 das contrata\u00e7\u00f5es mais caras do futebol brasileiro, quatro pertencem ao Flamengo: Lucas Paquet\u00e1, Samuel Lino (22 milh\u00f5es de euros), Carlos Alcaraz (18 milh\u00f5es de euros) e Gabigol (R$ 17,50 milh\u00f5es de euros).<\/p>\n<div class=\"styles__IntertitleWrapper-sc-vje7ac-0 gfzEcU intertitle-wrapper \">\n<h3 id=\"veja-o-top-10-das-contratacoes-mais-caras-do-brasil-em-euros\">Veja o top 10 das contrata\u00e7\u00f5es mais caras do Brasil (em euros):<\/h3>\n<\/div>\n<div class=\"styles__ListUlOlWrapper-sc-18jrrxq-0 sbhgb list-ul-ol-wrapper\">\n<ol>\n<li class=\"small-item \">Lucas Paquet\u00e1 (do West Ham-ING para o Flamengo): 42 milh\u00f5es de euros<\/li>\n<li class=\"small-item \">Gerson (do Zenit-RUS para o Cruzeiro): 27 milh\u00f5es de euros<\/li>\n<li class=\"small-item \">Vitor Roque (do Barcelona-ESP para o Palmeiras): 25,50 milh\u00f5es de euros<\/li>\n<li class=\"small-item \">Thiago Almada (do Atlanta United-EUA para o Botafogo): 24,15 milh\u00f5es de euros<\/li>\n<li class=\"small-item \">Danilo (do Nottingham Forest-ING para o Botafogo): 23 milh\u00f5es de euros<\/li>\n<li class=\"small-item \">Samuel Lino (do Atl\u00e9tico de Madrid-ESP para o Flamengo): 22 milh\u00f5es de euros<\/li>\n<li class=\"small-item \">Paulinho (do Atl\u00e9tico-MG para o Palmeiras): 18 milh\u00f5es de euros<\/li>\n<li class=\"small-item \">Carlos Alcaraz (do Southampton-ING para o Flamengo): 18 milh\u00f5es de euros<\/li>\n<li class=\"small-item \">Gabigol (da Internazionale- ITA para o Flamengo): 17,50 milh\u00f5es de euros<\/li>\n<li class=\"small-item \">Luiz Henrique (do Betis-ESP para o Botafogo): 16 milh\u00f5es de euros<\/li>\n<\/ol>\n<\/div>\n<\/div>\n<div id=\"fb_share_1\" style=\"float: right; margin-left: 10px;\"><a name=\"fb_share\" type=\"button\" share_url=\"http:\/\/www.orc.com.br\/novo\/esportes\/paqueta-supera-gerson-em-contratacao-mais-cara-da-historia-do-futebol-brasileiro-veja-ranking.html\" href=\"http:\/\/www.facebook.com\/sharer.php\">Share<\/a><\/div><div><script src=\"http:\/\/static.ak.fbcdn.net\/connect.php\/js\/FB.Share\" type=\"text\/javascript\"><\/script><\/div>","protected":false},"excerpt":{"rendered":"<p>O Flamengo acertou nesta quarta-feira, 28, a contrata\u00e7\u00e3o de Lucas Paquet\u00e1, do West Ham. O meio-campista de 28 anos volta ao time que o revelou para o futebol. De acordo com o site \u201cGe\u201d, o clube rubro-negro ofereceu 42 milh\u00f5es de euros (cerca de R$ 260 milh\u00f5es na cota\u00e7\u00e3o atual) aos ingleses. Assim, a contrata\u00e7\u00e3o &#8230;<\/p>\n","protected":false},"author":3,"featured_media":157456,"comment_status":"open","ping_status":"open","sticky":false,"template":"","format":"standard","meta":[],"categories":[5],"tags":[8],"jetpack_featured_media_url":"https:\/\/orc.com.br\/novo\/wp-content\/uploads\/2026\/01\/FlamengoLucasPaqueta.webp","_links":{"self":[{"href":"http:\/\/www.orc.com.br\/novo\/wp-json\/wp\/v2\/posts\/157455"}],"collection":[{"href":"http:\/\/www.orc.com.br\/novo\/wp-json\/wp\/v2\/posts"}],"about":[{"href":"http:\/\/www.orc.com.br\/novo\/wp-json\/wp\/v2\/types\/post"}],"author":[{"embeddable":true,"href":"http:\/\/www.orc.com.br\/novo\/wp-json\/wp\/v2\/users\/3"}],"replies":[{"embeddable":true,"href":"http:\/\/www.orc.com.br\/novo\/wp-json\/wp\/v2\/comments?post=157455"}],"version-history":[{"count":2,"href":"http:\/\/www.orc.com.br\/novo\/wp-json\/wp\/v2\/posts\/157455\/revisions"}],"predecessor-version":[{"id":157458,"href":"http:\/\/www.orc.com.br\/novo\/wp-json\/wp\/v2\/posts\/157455\/revisions\/157458"}],"wp:featuredmedia":[{"embeddable":true,"href":"http:\/\/www.orc.com.br\/novo\/wp-json\/wp\/v2\/media\/157456"}],"wp:attachment":[{"href":"http:\/\/www.orc.com.br\/novo\/wp-json\/wp\/v2\/media?parent=157455"}],"wp:term":[{"taxonomy":"category","embeddable":true,"href":"http:\/\/www.orc.com.br\/novo\/wp-json\/wp\/v2\/categories?post=157455"},{"taxonomy":"post_tag","embeddable":true,"href":"http:\/\/www.orc.com.br\/novo\/wp-json\/wp\/v2\/tags?post=157455"}],"curies":[{"name":"wp","href":"https:\/\/api.w.org\/{rel}","templated":true}]}}