{"id":157465,"date":"2026-01-30T07:28:31","date_gmt":"2026-01-30T10:28:31","guid":{"rendered":"https:\/\/www.orc.com.br\/novo\/?p=157465"},"modified":"2026-01-30T07:28:31","modified_gmt":"2026-01-30T10:28:31","slug":"toffoli-retira-sigilo-dos-depoimentos-do-caso-master","status":"publish","type":"post","link":"http:\/\/www.orc.com.br\/novo\/brasil\/toffoli-retira-sigilo-dos-depoimentos-do-caso-master.html","title":{"rendered":"Toffoli retira sigilo dos depoimentos do caso Master"},"content":{"rendered":"<div class=\"names\">Por <a title=\"Ir para p\u00e1gina do autor\" href=\"https:\/\/www.estadao.com.br\/autores\/felipe-de-paula\/\" data-component-name=\"pagina-autor\">Felipe de Paula<\/a>, <a title=\"Ir para p\u00e1gina do autor\" href=\"https:\/\/www.estadao.com.br\/autores\/fausto-macedo\/\" data-component-name=\"pagina-autor\">Fausto Macedo<\/a>, <a title=\"Ir para p\u00e1gina do autor\" href=\"https:\/\/www.estadao.com.br\/autores\/aguirre-talento\/\" data-component-name=\"pagina-autor\">Aguirre Talento<\/a> e <a title=\"Ir para p\u00e1gina do autor\" href=\"https:\/\/www.estadao.com.br\/autores\/hugo-henud\/\" data-component-name=\"pagina-autor\">Hugo Henud<\/a><\/div>\n<div>Estad\u00e3o<\/div>\n<div><\/div>\n<div>Em meio \u00e0 forte press\u00e3o pol\u00edtica a que vem sendo submetido no caso do <a title=\"https:\/\/www.estadao.com.br\/tudo-sobre\/banco-master\/?srsltid=AfmBOookyBvAWMR0d_DNU6t3FlFuO9Qc9rk_n3SzGkzbD6-HHIyFqlXu\" href=\"https:\/\/www.estadao.com.br\/tudo-sobre\/banco-master\/?srsltid=AfmBOookyBvAWMR0d_DNU6t3FlFuO9Qc9rk_n3SzGkzbD6-HHIyFqlXu\" target=\"_blank\" rel=\"noopener noreferrer\">Banco Master<\/a>, o ministro do <a title=\"https:\/\/www.estadao.com.br\/tudo-sobre\/stf-supremo-tribunal-federal\/?srsltid=AfmBOorGj__ChxR6s2c35jjgWZF4hqndjh3BgapnFn_TJTmY8qvbnYVY\" href=\"https:\/\/www.estadao.com.br\/tudo-sobre\/stf-supremo-tribunal-federal\/?srsltid=AfmBOorGj__ChxR6s2c35jjgWZF4hqndjh3BgapnFn_TJTmY8qvbnYVY\" target=\"_blank\" rel=\"noopener noreferrer\">Supremo Tribunal Federal<\/a> (STF), <a title=\"https:\/\/www.estadao.com.br\/tudo-sobre\/dias-toffoli\/?srsltid=AfmBOopel7nNjH4AGzYelgiweeCGGpkQhXOxqp2XuLShBa6AUmKt4Jlg\" href=\"https:\/\/www.estadao.com.br\/tudo-sobre\/dias-toffoli\/?srsltid=AfmBOopel7nNjH4AGzYelgiweeCGGpkQhXOxqp2XuLShBa6AUmKt4Jlg\" target=\"_blank\" rel=\"noopener noreferrer\">Dias Toffoli<\/a>, retirou o sigilo de todos os depoimentos em v\u00eddeo no \u00e2mbito da <a title=\"https:\/\/www.estadao.com.br\/tudo-sobre\/operacao-compliance-zero\/?srsltid=AfmBOopCtOp-RJjFT_D-pm34Sio-kWQEfe8J5-z7sGIzibZrLS0KmqqG\" href=\"https:\/\/www.estadao.com.br\/tudo-sobre\/operacao-compliance-zero\/?srsltid=AfmBOopCtOp-RJjFT_D-pm34Sio-kWQEfe8J5-z7sGIzibZrLS0KmqqG\" target=\"_blank\" rel=\"noopener noreferrer\">Opera\u00e7\u00e3o Compliance Zero<\/a>, que investiga fraudes de R$ 12 bilh\u00f5es no banco de <a title=\"https:\/\/www.estadao.com.br\/tudo-sobre\/daniel-vorcaro\/?srsltid=AfmBOopyOTgc_Wk7IneUQOxg_lorSPsRdkxYzZGKcXBd-Dj6Iur29sbT\" href=\"https:\/\/www.estadao.com.br\/tudo-sobre\/daniel-vorcaro\/?srsltid=AfmBOopyOTgc_Wk7IneUQOxg_lorSPsRdkxYzZGKcXBd-Dj6Iur29sbT\" target=\"_blank\" rel=\"noopener noreferrer\">Daniel Vorcaro<\/a>. A decis\u00e3o foi tomada ap\u00f3s pedido do Banco Central para acessar o termo de depoimento do seu diretor de Fiscaliza\u00e7\u00e3o, Ailton de Aquino.<\/p>\n<div class=\"styles__MultiParagraphAdStyled-sc-1yb8ue6-0 dAAozZ\" data-component-name=\"multi-paragraph\">\n<div class=\"paragraph\">\n<p>\u201cDiante do pedido formulado pelo Banco Central para acesso ao depoimento prestado por seu diretor, ouvido na audi\u00eancia realizada em 30.12, defiro o requerido e determino o levantamento do sigilo das pe\u00e7as constantes, exclusivamente em rela\u00e7\u00e3o a todos os depoimentos e a acarea\u00e7\u00e3o, mantido, no mais, o sigilo at\u00e9 manifesta\u00e7\u00e3o pela Procuradoria-Geral da Rep\u00fablica a esse respeito\u201d, determinou Toffoli.<\/p>\n<p>Nesta quinta-feira, 29, antes de liberar o acesso aos depoimentos, o ministro, pela primeira vez, admitiu a possibilidade de que os autos da Compliance Zero poder\u00e3o <a title=\"https:\/\/www.estadao.com.br\/politica\/blog-do-fausto-macedo\/toffoli-diz-que-caso-master-pode-ser-enviado-a-1-instancia-apos-conclusao-do-inquerito\/\" href=\"https:\/\/www.estadao.com.br\/politica\/blog-do-fausto-macedo\/toffoli-diz-que-caso-master-pode-ser-enviado-a-1-instancia-apos-conclusao-do-inquerito\/\" target=\"_blank\" rel=\"noopener noreferrer\">retornar \u00e0 primeira inst\u00e2ncia judicial<\/a>, onde a investiga\u00e7\u00e3o teve origem.<\/p>\n<p class=\"styles__ParagraphStyled-sc-6adecn-0 gsLklW  \" data-component-name=\"paragraph\">\u201cEncerradas as investiga\u00e7\u00f5es, ser\u00e1 poss\u00edvel examinar os casos para eventual remessa \u00e0s inst\u00e2ncias ordin\u00e1rias, sem a possibilidade de que se apontem nulidades em raz\u00e3o da n\u00e3o observ\u00e2ncia do foro por prerrogativa de fun\u00e7\u00e3o ou de viola\u00e7\u00e3o da ampla defesa e do devido processo legal\u201d, diz o texto.<\/p>\n<p class=\"styles__ParagraphStyled-sc-6adecn-0 gsLklW  \" data-component-name=\"paragraph\">Toffoli passou a conduzir o caso ap\u00f3s acolher pedido da defesa de Vorcaro para que o inqu\u00e9rito fosse remetido ao STF, sob o argumento de que havia men\u00e7\u00e3o ao nome de um parlamentar com foro privilegiado em documentos apreendidos pela Pol\u00edcia Federal. A decis\u00e3o foi questionada por juristas, <a href=\"https:\/\/www.estadao.com.br\/economia\/decisao-de-toffoli-invade-competencia-da-pf-e-pode-ser-contestada-por-defesas-avaliam-juristas\/?srsltid=AfmBOorZRDUNbGemdLUuG48Hwg57PSR1_pFpuWvH0nQ3EiW_xUisdySm\" target=\"_blank\" rel=\"noopener\"><strong>que apontaram aus\u00eancia de elementos concretos capazes de justificar a compet\u00eancia do Supremo para analisar o processo<\/strong><\/a>.<\/p>\n<\/div>\n<\/div>\n<\/div>\n<div id=\"fb_share_1\" style=\"float: right; margin-left: 10px;\"><a name=\"fb_share\" type=\"button\" share_url=\"http:\/\/www.orc.com.br\/novo\/brasil\/toffoli-retira-sigilo-dos-depoimentos-do-caso-master.html\" href=\"http:\/\/www.facebook.com\/sharer.php\">Share<\/a><\/div><div><script src=\"http:\/\/static.ak.fbcdn.net\/connect.php\/js\/FB.Share\" type=\"text\/javascript\"><\/script><\/div>","protected":false},"excerpt":{"rendered":"<p>Por Felipe de Paula, Fausto Macedo, Aguirre Talento e Hugo Henud Estad\u00e3o Em meio \u00e0 forte press\u00e3o pol\u00edtica a que vem sendo submetido no caso do Banco Master, o ministro do Supremo Tribunal Federal (STF), Dias Toffoli, retirou o sigilo de todos os depoimentos em v\u00eddeo no \u00e2mbito da Opera\u00e7\u00e3o Compliance Zero, que investiga fraudes &#8230;<\/p>\n","protected":false},"author":3,"featured_media":157466,"comment_status":"open","ping_status":"open","sticky":false,"template":"","format":"standard","meta":[],"categories":[1],"tags":[8],"jetpack_featured_media_url":"https:\/\/orc.com.br\/novo\/wp-content\/uploads\/2026\/01\/Toffoli-1.jpg","_links":{"self":[{"href":"http:\/\/www.orc.com.br\/novo\/wp-json\/wp\/v2\/posts\/157465"}],"collection":[{"href":"http:\/\/www.orc.com.br\/novo\/wp-json\/wp\/v2\/posts"}],"about":[{"href":"http:\/\/www.orc.com.br\/novo\/wp-json\/wp\/v2\/types\/post"}],"author":[{"embeddable":true,"href":"http:\/\/www.orc.com.br\/novo\/wp-json\/wp\/v2\/users\/3"}],"replies":[{"embeddable":true,"href":"http:\/\/www.orc.com.br\/novo\/wp-json\/wp\/v2\/comments?post=157465"}],"version-history":[{"count":1,"href":"http:\/\/www.orc.com.br\/novo\/wp-json\/wp\/v2\/posts\/157465\/revisions"}],"predecessor-version":[{"id":157467,"href":"http:\/\/www.orc.com.br\/novo\/wp-json\/wp\/v2\/posts\/157465\/revisions\/157467"}],"wp:featuredmedia":[{"embeddable":true,"href":"http:\/\/www.orc.com.br\/novo\/wp-json\/wp\/v2\/media\/157466"}],"wp:attachment":[{"href":"http:\/\/www.orc.com.br\/novo\/wp-json\/wp\/v2\/media?parent=157465"}],"wp:term":[{"taxonomy":"category","embeddable":true,"href":"http:\/\/www.orc.com.br\/novo\/wp-json\/wp\/v2\/categories?post=157465"},{"taxonomy":"post_tag","embeddable":true,"href":"http:\/\/www.orc.com.br\/novo\/wp-json\/wp\/v2\/tags?post=157465"}],"curies":[{"name":"wp","href":"https:\/\/api.w.org\/{rel}","templated":true}]}}