{"id":157468,"date":"2026-01-30T11:02:35","date_gmt":"2026-01-30T14:02:35","guid":{"rendered":"https:\/\/www.orc.com.br\/novo\/?p=157468"},"modified":"2026-01-30T11:02:35","modified_gmt":"2026-01-30T14:02:35","slug":"brasil-fecha-2-025-com-a-menor-taxa-de-desemprego-em-14-anos","status":"publish","type":"post","link":"http:\/\/www.orc.com.br\/novo\/brasil\/brasil-fecha-2-025-com-a-menor-taxa-de-desemprego-em-14-anos.html","title":{"rendered":"Brasil fecha 2.025 com a menor taxa de desemprego em 14 anos"},"content":{"rendered":"<div id=\"chunk-1e4cf\">\n<div class=\"mc-column mc-side-item__container\" data-block-type=\"ads\" data-block-id=\"3\">\n<div class=\"mc-side-item mc-side-item--right content-ads content-ads--side-ad\">\n<div id=\"banner_materia1\" class=\"tag-manager-publicidade-container tag-manager-publicidade-banner_materia1 tag-manager-publicidade-container--carregado tag-manager-publicidade-container--visivel\" data-google-query-id=\"CKmzloK2s5IDFUEIHgAdQ1gj5Q\">\n<div id=\"google_ads_iframe_\/95377733\/tvg_G1\/Economia_1__container__\"><\/div>\n<\/div>\n<\/div>\n<\/div>\n<\/div>\n<div id=\"chunk-4qetp\">\n<div class=\"mc-column content-text active-extra-styles \" data-block-type=\"unstyled\" data-block-weight=\"37\" data-block-id=\"2\">\n<p class=\" content-text__container \" data-track-category=\"Link no Texto\" data-track-links=\"\" data-mrf-recirculation=\"Mat\u00e9ria - Links no Texto\"><span class=\"highlight highlighted\">A taxa m\u00e9dia anual de desocupa\u00e7\u00e3o ficou em <\/span><strong><span class=\"highlight highlighted\">5,6%<\/span><\/strong><span class=\"highlight highlighted\"> em 2025<\/span>, o menor patamar desde o in\u00edcio da s\u00e9rie hist\u00f3rica, em 2012. O \u00edndice recuou 1 ponto percentual <a class=\"\" href=\"https:\/\/g1.globo.com\/economia\/noticia\/2025\/01\/31\/taxa-media-de-desemprego-cai-para-66percent-em-2024-menor-patamar-da-historia-diz-ibge.ghtml\" data-mrf-link=\"https:\/\/g1.globo.com\/economia\/noticia\/2025\/01\/31\/taxa-media-de-desemprego-cai-para-66percent-em-2024-menor-patamar-da-historia-diz-ibge.ghtml\">em rela\u00e7\u00e3o a 2024, quando estava em 6,6%<\/a>.<\/p>\n<\/div>\n<\/div>\n<div class=\"wall protected-content\">\n<div id=\"chunk-bmgdk\">\n<div class=\"mc-column content-text active-extra-styles\" data-block-type=\"raw\" data-block-weight=\"10\" data-block-id=\"4\">\n<p>&nbsp;<\/p>\n<\/div>\n<\/div>\n<div id=\"chunk-d9q6a\">\n<div class=\"mc-column content-text active-extra-styles \" data-block-type=\"unstyled\" data-block-weight=\"37\" data-block-id=\"5\">\n<p class=\" content-text__container \" data-track-category=\"Link no Texto\" data-track-links=\"\" data-mrf-recirculation=\"Mat\u00e9ria - Links no Texto\">Na compara\u00e7\u00e3o com 2019, ano anterior \u00e0 pandemia de Covid-19, a queda foi ainda mais expressiva, de 6,2 pontos percentuais. J\u00e1 frente a 2012, quando a taxa era de 7,4%, o recuo foi de 1,8 ponto percentual.<\/p>\n<\/div>\n<\/div>\n<div id=\"chunk-e9et1\">\n<div class=\"mc-column content-text active-extra-styles \" data-block-type=\"unstyled\" data-block-weight=\"11\" data-block-id=\"6\">\n<p class=\" content-text__container \" data-track-category=\"Link no Texto\" data-track-links=\"\" data-mrf-recirculation=\"Mat\u00e9ria - Links no Texto\">No trimestre encerrado em dezembro, <a class=\"\" href=\"https:\/\/g1.globo.com\/economia\/noticia\/2026\/01\/30\/desemprego-fica-em-51percent-no-trimestre-terminado-em-dezembro-diz-ibge.ghtml\" data-mrf-link=\"https:\/\/g1.globo.com\/economia\/noticia\/2026\/01\/30\/desemprego-fica-em-51percent-no-trimestre-terminado-em-dezembro-diz-ibge.ghtml\">a taxa foi de 5,1%<\/a>.<\/p>\n<\/div>\n<\/div>\n<div id=\"chunk-3256r\">\n<div class=\"show-flourish-embed-block\" data-mrf-recirculation=\"Mat\u00e9ria - Flourish\">\n<div class=\"show-flourish-embed-block__container show-flourish-embed-block__container--visualization\" data-flourish-embed=\"\" data-flourish-content-type=\"visualization\">\n<div class=\"flourish-embed flourish-embed--visualization flourish-background\" data-src=\"visualisation\/27442464\" data-width=\"100%\"><iframe title=\"Interactive or visual content\" src=\"https:\/\/flo.uri.sh\/visualisation\/27442464\/embed?auto=1\" frameborder=\"0\" scrolling=\"no\" sandbox=\"allow-same-origin allow-forms allow-scripts allow-downloads allow-popups allow-popups-to-escape-sandbox allow-top-navigation-by-user-activation\" data-mce-fragment=\"1\"><\/iframe><\/div>\n<\/div>\n<\/div>\n<\/div>\n<div id=\"chunk-3a8an\">\n<div class=\"content-ads\" data-block-type=\"ads\" data-block-id=\"8\"><\/div>\n<\/div>\n<div id=\"chunk-9d1j2\">\n<div class=\"mc-column content-text active-extra-styles \" data-block-type=\"unstyled\" data-block-weight=\"35\" data-block-id=\"7\">\n<p class=\" content-text__container \" data-track-category=\"Link no Texto\" data-track-links=\"\" data-mrf-recirculation=\"Mat\u00e9ria - Links no Texto\">Sobre o cen\u00e1rio de desemprego em patamares baixos mesmo com juros elevados, Adriana Beringuy, analista do <a class=\"\" href=\"https:\/\/g1.globo.com\/tudo-sobre\/ibge\/\" data-mrf-link=\"https:\/\/g1.globo.com\/tudo-sobre\/ibge\/\">IBGE<\/a> respons\u00e1vel pela PNAD, explica que o <span class=\"highlight highlighted\">movimento reflete o efeito heterog\u00eaneo da pol\u00edtica monet\u00e1ria sobre a economia<\/span>.<\/p>\n<\/div>\n<\/div>\n<div id=\"chunk-6pi3p\">\n<div class=\"mc-column content-text active-extra-styles \" data-block-type=\"unstyled\" data-block-weight=\"21\" data-block-id=\"9\">\n<p class=\" content-text__container \" data-track-category=\"Link no Texto\" data-track-links=\"\" data-mrf-recirculation=\"Mat\u00e9ria - Links no Texto\">Segundo ela, em 2025, <strong>a expans\u00e3o da ocupa\u00e7\u00e3o se concentrou justamente em setores menos sens\u00edveis \u00e0 alta da taxa de juros<\/strong>.<\/p>\n<\/div>\n<\/div>\n<div id=\"chunk-9tfcv\">\n<div class=\"mc-column content-text active-extra-styles\" data-block-type=\"raw\" data-block-weight=\"28\" data-block-id=\"10\">\n<p class=\"content-text__container\" data-mrf-recirculation=\"Mat\u00e9ria - Links no Texto\">\n<blockquote class=\"content-blockquote theme-border-color-primary-before\"><p>\u201cO efeito da taxa de juros n\u00e3o \u00e9 uniforme. As atividades que mais expandiram o emprego e o consumo n\u00e3o foram as mais dependentes de cr\u00e9dito\u201d, afirma Beringuy.<\/p><\/blockquote>\n<\/div>\n<\/div>\n<\/div>\n<div id=\"fb_share_1\" style=\"float: right; margin-left: 10px;\"><a name=\"fb_share\" type=\"button\" share_url=\"http:\/\/www.orc.com.br\/novo\/brasil\/brasil-fecha-2-025-com-a-menor-taxa-de-desemprego-em-14-anos.html\" href=\"http:\/\/www.facebook.com\/sharer.php\">Share<\/a><\/div><div><script src=\"http:\/\/static.ak.fbcdn.net\/connect.php\/js\/FB.Share\" type=\"text\/javascript\"><\/script><\/div>","protected":false},"excerpt":{"rendered":"<p>A taxa m\u00e9dia anual de desocupa\u00e7\u00e3o ficou em 5,6% em 2025, o menor patamar desde o in\u00edcio da s\u00e9rie hist\u00f3rica, em 2012. O \u00edndice recuou 1 ponto percentual em rela\u00e7\u00e3o a 2024, quando estava em 6,6%. &nbsp; Na compara\u00e7\u00e3o com 2019, ano anterior \u00e0 pandemia de Covid-19, a queda foi ainda mais expressiva, de 6,2 &#8230;<\/p>\n","protected":false},"author":3,"featured_media":157469,"comment_status":"open","ping_status":"open","sticky":false,"template":"","format":"standard","meta":[],"categories":[1],"tags":[8],"jetpack_featured_media_url":"https:\/\/orc.com.br\/novo\/wp-content\/uploads\/2026\/01\/CarteiraTrabalho2.jpg","_links":{"self":[{"href":"http:\/\/www.orc.com.br\/novo\/wp-json\/wp\/v2\/posts\/157468"}],"collection":[{"href":"http:\/\/www.orc.com.br\/novo\/wp-json\/wp\/v2\/posts"}],"about":[{"href":"http:\/\/www.orc.com.br\/novo\/wp-json\/wp\/v2\/types\/post"}],"author":[{"embeddable":true,"href":"http:\/\/www.orc.com.br\/novo\/wp-json\/wp\/v2\/users\/3"}],"replies":[{"embeddable":true,"href":"http:\/\/www.orc.com.br\/novo\/wp-json\/wp\/v2\/comments?post=157468"}],"version-history":[{"count":1,"href":"http:\/\/www.orc.com.br\/novo\/wp-json\/wp\/v2\/posts\/157468\/revisions"}],"predecessor-version":[{"id":157470,"href":"http:\/\/www.orc.com.br\/novo\/wp-json\/wp\/v2\/posts\/157468\/revisions\/157470"}],"wp:featuredmedia":[{"embeddable":true,"href":"http:\/\/www.orc.com.br\/novo\/wp-json\/wp\/v2\/media\/157469"}],"wp:attachment":[{"href":"http:\/\/www.orc.com.br\/novo\/wp-json\/wp\/v2\/media?parent=157468"}],"wp:term":[{"taxonomy":"category","embeddable":true,"href":"http:\/\/www.orc.com.br\/novo\/wp-json\/wp\/v2\/categories?post=157468"},{"taxonomy":"post_tag","embeddable":true,"href":"http:\/\/www.orc.com.br\/novo\/wp-json\/wp\/v2\/tags?post=157468"}],"curies":[{"name":"wp","href":"https:\/\/api.w.org\/{rel}","templated":true}]}}