{"id":157478,"date":"2026-01-31T06:19:29","date_gmt":"2026-01-31T09:19:29","guid":{"rendered":"https:\/\/www.orc.com.br\/novo\/?p=157478"},"modified":"2026-01-31T06:21:10","modified_gmt":"2026-01-31T09:21:10","slug":"venezuela-anuncia-anistia-a-presos-politicos-e-fechamento-de-centro-de-tortura","status":"publish","type":"post","link":"http:\/\/www.orc.com.br\/novo\/internacional\/venezuela-anuncia-anistia-a-presos-politicos-e-fechamento-de-centro-de-tortura.html","title":{"rendered":"Venezuela anuncia anistia a presos pol\u00edticos e fechamento de centro de tortura"},"content":{"rendered":"<p class=\"styles__ParagraphStyled-sc-6adecn-0 gsLklW \" data-component-name=\"paragraph\">A presidente interina da <a title=\"https:\/\/www.estadao.com.br\/tudo-sobre\/venezuela-america-do-sul\/?srsltid=AfmBOopAHjY98kCek8cC1cYD5F7DI36u-LGuC8MUUrK0ZgxTLS-gu8XL\" href=\"https:\/\/www.estadao.com.br\/tudo-sobre\/venezuela-america-do-sul\/?srsltid=AfmBOopAHjY98kCek8cC1cYD5F7DI36u-LGuC8MUUrK0ZgxTLS-gu8XL\" target=\"_blank\" rel=\"noopener noreferrer\"><strong>Venezuela<\/strong><\/a>, <a title=\"https:\/\/www.estadao.com.br\/tudo-sobre\/delcy-rodriguez\/?srsltid=AfmBOoqx9N3uqiNHpPHbfVvbqycPLHUCpBUiUspz7JxTVo0IVfnfqH2z\" href=\"https:\/\/www.estadao.com.br\/tudo-sobre\/delcy-rodriguez\/?srsltid=AfmBOoqx9N3uqiNHpPHbfVvbqycPLHUCpBUiUspz7JxTVo0IVfnfqH2z\" target=\"_blank\" rel=\"noopener noreferrer\"><strong>Delcy Rodriguez<\/strong><\/a> anunciou nesta sexta-feira, 30, uma anistia geral no pa\u00eds, durante uma declara\u00e7\u00e3o perante o Supremo Tribunal (TSJ). \u201cDecidimos promover uma lei de anistia geral cobrindo todo o per\u00edodo de viol\u00eancia pol\u00edtica de 1999 at\u00e9 hoje\u201d, disse Rodriguez, afirmando que a lei ser\u00e1 apresentada \u00e0 Assembleia Nacional.<\/p>\n<div class=\"styles__MultiParagraphAdStyled-sc-1yb8ue6-0 dAAozZ\" data-component-name=\"multi-paragraph\">\n<div class=\"paragraph\">\n<p>Os <a title=\"https:\/\/www.estadao.com.br\/tudo-sobre\/estados-unidos-america-do-norte\/?srsltid=AfmBOop-rnZGOIRrwN70pIuLn0lrWHjdsl6SfHCBsAMRo7U0SkIxREKs\" href=\"https:\/\/www.estadao.com.br\/tudo-sobre\/estados-unidos-america-do-norte\/?srsltid=AfmBOop-rnZGOIRrwN70pIuLn0lrWHjdsl6SfHCBsAMRo7U0SkIxREKs\" target=\"_blank\" rel=\"noopener noreferrer\"><strong>Estados Unidos<\/strong><\/a> tamb\u00e9m informaram nesta sexta-feira que \u201ctodos\u201d os seus cidad\u00e3os detidos na <a title=\"https:\/\/www.estadao.com.br\/tudo-sobre\/venezuela-america-do-sul\/?srsltid=AfmBOop5_CPsNnJilliBdLpsC7rRdlkfS4FC_-PpeP1lU6Pfx-al3mDq\" href=\"https:\/\/www.estadao.com.br\/tudo-sobre\/venezuela-america-do-sul\/?srsltid=AfmBOop5_CPsNnJilliBdLpsC7rRdlkfS4FC_-PpeP1lU6Pfx-al3mDq\" target=\"_blank\" rel=\"noopener noreferrer\"><strong>Venezuela<\/strong><\/a> foram libertados como resultado de um processo de liberta\u00e7\u00f5es acordado com a presid\u00eancia interina ap\u00f3s a captura e derrubada do ditador <a title=\"https:\/\/www.estadao.com.br\/tudo-sobre\/nicolas-maduro\/?srsltid=AfmBOoqoRStazEuSB50e7zt012bb_QDBV_w7kOFHfIsBadY5TQupDCJy\" href=\"https:\/\/www.estadao.com.br\/tudo-sobre\/nicolas-maduro\/?srsltid=AfmBOoqoRStazEuSB50e7zt012bb_QDBV_w7kOFHfIsBadY5TQupDCJy\" target=\"_blank\" rel=\"noopener noreferrer\"><strong>Nicol\u00e1s Maduro<\/strong><\/a> em 3 de janeiro.<\/p>\n<p>\u201cTemos o prazer de confirmar a liberta\u00e7\u00e3o, pelas autoridades interinas, de todos os cidad\u00e3os americanos conhecidos que estavam detidos na Venezuela\u201d, indicou a embaixada americana em um comunicado, sem especificar o n\u00famero de liberta\u00e7\u00f5es.<\/p>\n<p>Na Venezuela h\u00e1 pelo menos 711 presos pol\u00edticos, dos quais 65 s\u00e3o estrangeiros, segundo a ONG Foro Penal, especializada na defesa de presos pol\u00edticos. Rodriguez ainda pediu a cria\u00e7\u00e3o de um \u201cnovo sistema de justi\u00e7a\u201d no pa\u00eds, onde o sistema atual tem sido acusado de corrupto e servil ao chavismo.<\/p>\n<p>A medida ocorre ap\u00f3s a Assembleia Nacional da <a title=\"https:\/\/www.estadao.com.br\/tudo-sobre\/venezuela-america-do-sul\" href=\"https:\/\/www.estadao.com.br\/tudo-sobre\/venezuela-america-do-sul\" target=\"_blank\" rel=\"noopener\"><strong>Venezuela<\/strong><\/a>, de maioria governista, aprovar por unanimidade na quinta-feira, 29, uma reforma parcial da lei de hidrocarbonetos que reduz significativamente o r\u00edgido controle estatal sobre as opera\u00e7\u00f5es <a title=\"https:\/\/www.estadao.com.br\/tudo-sobre\/petroleo\" href=\"https:\/\/www.estadao.com.br\/tudo-sobre\/petroleo\" target=\"_blank\" rel=\"noopener\"><strong>petrol\u00edferas<\/strong><\/a>, vigente nas \u00faltimas duas d\u00e9cadas. A reforma cria maiores oportunidades para o setor privado e para o investimento estrangeiro e permite o reconhecimento da arbitragem internacional em disputas de investimento.<\/p>\n<\/div>\n<\/div>\n<div id=\"fb_share_1\" style=\"float: right; margin-left: 10px;\"><a name=\"fb_share\" type=\"button\" share_url=\"http:\/\/www.orc.com.br\/novo\/internacional\/venezuela-anuncia-anistia-a-presos-politicos-e-fechamento-de-centro-de-tortura.html\" href=\"http:\/\/www.facebook.com\/sharer.php\">Share<\/a><\/div><div><script src=\"http:\/\/static.ak.fbcdn.net\/connect.php\/js\/FB.Share\" type=\"text\/javascript\"><\/script><\/div>","protected":false},"excerpt":{"rendered":"<p>A presidente interina da Venezuela, Delcy Rodriguez anunciou nesta sexta-feira, 30, uma anistia geral no pa\u00eds, durante uma declara\u00e7\u00e3o perante o Supremo Tribunal (TSJ). \u201cDecidimos promover uma lei de anistia geral cobrindo todo o per\u00edodo de viol\u00eancia pol\u00edtica de 1999 at\u00e9 hoje\u201d, disse Rodriguez, afirmando que a lei ser\u00e1 apresentada \u00e0 Assembleia Nacional. Os Estados &#8230;<\/p>\n","protected":false},"author":3,"featured_media":157479,"comment_status":"open","ping_status":"open","sticky":false,"template":"","format":"standard","meta":[],"categories":[24],"tags":[8],"jetpack_featured_media_url":"https:\/\/orc.com.br\/novo\/wp-content\/uploads\/2026\/01\/Venezuela5.jpg","_links":{"self":[{"href":"http:\/\/www.orc.com.br\/novo\/wp-json\/wp\/v2\/posts\/157478"}],"collection":[{"href":"http:\/\/www.orc.com.br\/novo\/wp-json\/wp\/v2\/posts"}],"about":[{"href":"http:\/\/www.orc.com.br\/novo\/wp-json\/wp\/v2\/types\/post"}],"author":[{"embeddable":true,"href":"http:\/\/www.orc.com.br\/novo\/wp-json\/wp\/v2\/users\/3"}],"replies":[{"embeddable":true,"href":"http:\/\/www.orc.com.br\/novo\/wp-json\/wp\/v2\/comments?post=157478"}],"version-history":[{"count":3,"href":"http:\/\/www.orc.com.br\/novo\/wp-json\/wp\/v2\/posts\/157478\/revisions"}],"predecessor-version":[{"id":157482,"href":"http:\/\/www.orc.com.br\/novo\/wp-json\/wp\/v2\/posts\/157478\/revisions\/157482"}],"wp:featuredmedia":[{"embeddable":true,"href":"http:\/\/www.orc.com.br\/novo\/wp-json\/wp\/v2\/media\/157479"}],"wp:attachment":[{"href":"http:\/\/www.orc.com.br\/novo\/wp-json\/wp\/v2\/media?parent=157478"}],"wp:term":[{"taxonomy":"category","embeddable":true,"href":"http:\/\/www.orc.com.br\/novo\/wp-json\/wp\/v2\/categories?post=157478"},{"taxonomy":"post_tag","embeddable":true,"href":"http:\/\/www.orc.com.br\/novo\/wp-json\/wp\/v2\/tags?post=157478"}],"curies":[{"name":"wp","href":"https:\/\/api.w.org\/{rel}","templated":true}]}}