{"id":157483,"date":"2026-01-31T06:41:12","date_gmt":"2026-01-31T09:41:12","guid":{"rendered":"https:\/\/www.orc.com.br\/novo\/?p=157483"},"modified":"2026-01-31T06:41:12","modified_gmt":"2026-01-31T09:41:12","slug":"157483","status":"publish","type":"post","link":"http:\/\/www.orc.com.br\/novo\/brasil\/157483.html","title":{"rendered":""},"content":{"rendered":"<p>Circula nas redes sociais um v\u00eddeo no qual o presidente da Argentina, <a class=\"\" href=\"https:\/\/g1.globo.com\/tudo-sobre\/javier-milei\/\" data-mrf-link=\"https:\/\/g1.globo.com\/tudo-sobre\/javier-milei\/\">Javier Milei<\/a>, aparece em um palco sendo beijado na boca por uma mulher. <strong>\u00c9<\/strong> <strong>#FATO.<\/strong><\/p>\n<div id=\"chunk-7b74u\">\n<div class=\"mc-column content-text active-extra-styles\" data-block-type=\"raw\" data-block-weight=\"6\" data-block-id=\"5\">\n<div class=\"content-intertitle\">\n<h2><strong>&#x1f7e2; O que diz a publica\u00e7\u00e3o?<\/strong><\/h2>\n<\/div>\n<\/div>\n<\/div>\n<div id=\"chunk-2vo25\">\n<div class=\"mc-column content-text active-extra-styles\" data-block-type=\"raw\" data-block-weight=\"102\" data-block-id=\"7\">\n<ul class=\"content-unordered-list\" data-mrf-recirculation=\"Mat\u00e9ria - Leia Tamb\u00e9m (Lista)\">\n<li>Publicado\u00a0 ter\u00e7a-feira (27) no X, onde j\u00e1 teve 7,2 milh\u00f5es de visualiza\u00e7\u00f5es, o post mostra um v\u00eddeo de uma mulher beijando o presidente argentino Javier Milei, sob os gritos e aplausos de um grande p\u00fablico.<\/li>\n<li>A legenda do post diz: &#8220;Existe algo mais perigoso do que a IA: a realidade.&#8221;<\/li>\n<li>Na se\u00e7\u00e3o de coment\u00e1rios, h\u00e1 diversas mensagens questionando se houve algum tipo de manipula\u00e7\u00e3o. Veja dois exemplos: &#8220;Isso \u00e9 IA [intelig\u00eancia artificial], n\u00e3o \u00e9 poss\u00edvel&#8221;; e &#8220;@grok, isso realmente aconteceu?&#8221;. Grok \u00e9 o assistente de IA do pr\u00f3prio X, ao qual usu\u00e1rios costumam fazer perguntas sobre conte\u00fados publicados na plataforma.<\/li>\n<\/ul>\n<\/div>\n<\/div>\n<div id=\"chunk-5b8v2\">\n<div class=\"mc-column content-text active-extra-styles\" data-block-type=\"raw\" data-block-weight=\"34\" data-block-id=\"8\">\n<blockquote class=\"content-blockquote theme-border-color-primary-before\"><p>Mas a cena \u00e9 verdadeira. Foi gravada em dezembro de 2023, durante uma apresenta\u00e7\u00e3o da atriz e comediante argentina F\u00e1tima Fl\u00f3rez, 47, ent\u00e3o namorada de Milei. Ele havia sido empossado presidente duas semanas antes.<\/p><\/blockquote>\n<\/div>\n<\/div>\n<div id=\"chunk-d4ll0\">\n<div class=\"mc-column content-text active-extra-styles\" data-block-type=\"raw\" data-block-weight=\"57\" data-block-id=\"9\">\n<ul class=\"content-unordered-list\" data-mrf-recirculation=\"Mat\u00e9ria - Leia Tamb\u00e9m (Lista)\">\n<li>O registro voltou a viralizar no mesmo dia em que Milei voltou a se encontrar no palco com a agora ex-namorada \u2013 o casal est\u00e1 separado desde abril de 2024. Em um show na noite desta ter\u00e7a em Mar del Plata, os dois cantaram juntos a m\u00fasica &#8220;El Rock del Gato&#8221;, sucesso da banda argentina Ratones Paranoicos.<\/li>\n<\/ul>\n<p>&nbsp;<\/p>\n<\/div>\n<\/div>\n<div id=\"chunk-fp6k4\">\n<div class=\"mc-column content-text active-extra-styles\" data-block-type=\"raw\" data-block-weight=\"7\" data-block-id=\"10\">\n<div class=\"content-intertitle\">\n<h2><\/h2>\n<\/div>\n<p>&nbsp;<\/p>\n<\/div>\n<\/div>\n<div id=\"chunk-6rluh\">\n<div class=\"content-ads content-ads--reveal\" data-block-type=\"ads\" data-block-id=\"12\">\n<div id=\"banner_materia__ea02b6e4-5a39-41c5-a616-e841ae53f4a8\" class=\"tag-manager-publicidade-container tag-manager-publicidade-banner_materia__ea02b6e4-5a39-41c5-a616-e841ae53f4a8 tag-manager-publicidade-container--carregado tag-manager-publicidade-container--visivel\" data-google-query-id=\"COuLsLy9tZIDFUU4uQYdobgQbw\">\n<div id=\"google_ads_iframe_\/95377733\/tvg_G1\/Fato_ou_fake_3__container__\"><\/div>\n<\/div>\n<\/div>\n<\/div>\n<div id=\"fb_share_1\" style=\"float: right; margin-left: 10px;\"><a name=\"fb_share\" type=\"button\" share_url=\"http:\/\/www.orc.com.br\/novo\/brasil\/157483.html\" href=\"http:\/\/www.facebook.com\/sharer.php\">Share<\/a><\/div><div><script src=\"http:\/\/static.ak.fbcdn.net\/connect.php\/js\/FB.Share\" type=\"text\/javascript\"><\/script><\/div>","protected":false},"excerpt":{"rendered":"<p>Circula nas redes sociais um v\u00eddeo no qual o presidente da Argentina, Javier Milei, aparece em um palco sendo beijado na boca por uma mulher. \u00c9 #FATO. &#x1f7e2; O que diz a publica\u00e7\u00e3o? Publicado\u00a0 ter\u00e7a-feira (27) no X, onde j\u00e1 teve 7,2 milh\u00f5es de visualiza\u00e7\u00f5es, o post mostra um v\u00eddeo de uma mulher beijando o &#8230;<\/p>\n","protected":false},"author":3,"featured_media":157484,"comment_status":"open","ping_status":"open","sticky":false,"template":"","format":"standard","meta":[],"categories":[1],"tags":[8],"jetpack_featured_media_url":"https:\/\/orc.com.br\/novo\/wp-content\/uploads\/2026\/01\/Milei8.jpg","_links":{"self":[{"href":"http:\/\/www.orc.com.br\/novo\/wp-json\/wp\/v2\/posts\/157483"}],"collection":[{"href":"http:\/\/www.orc.com.br\/novo\/wp-json\/wp\/v2\/posts"}],"about":[{"href":"http:\/\/www.orc.com.br\/novo\/wp-json\/wp\/v2\/types\/post"}],"author":[{"embeddable":true,"href":"http:\/\/www.orc.com.br\/novo\/wp-json\/wp\/v2\/users\/3"}],"replies":[{"embeddable":true,"href":"http:\/\/www.orc.com.br\/novo\/wp-json\/wp\/v2\/comments?post=157483"}],"version-history":[{"count":1,"href":"http:\/\/www.orc.com.br\/novo\/wp-json\/wp\/v2\/posts\/157483\/revisions"}],"predecessor-version":[{"id":157485,"href":"http:\/\/www.orc.com.br\/novo\/wp-json\/wp\/v2\/posts\/157483\/revisions\/157485"}],"wp:featuredmedia":[{"embeddable":true,"href":"http:\/\/www.orc.com.br\/novo\/wp-json\/wp\/v2\/media\/157484"}],"wp:attachment":[{"href":"http:\/\/www.orc.com.br\/novo\/wp-json\/wp\/v2\/media?parent=157483"}],"wp:term":[{"taxonomy":"category","embeddable":true,"href":"http:\/\/www.orc.com.br\/novo\/wp-json\/wp\/v2\/categories?post=157483"},{"taxonomy":"post_tag","embeddable":true,"href":"http:\/\/www.orc.com.br\/novo\/wp-json\/wp\/v2\/tags?post=157483"}],"curies":[{"name":"wp","href":"https:\/\/api.w.org\/{rel}","templated":true}]}}