{"id":157985,"date":"2026-03-12T06:16:45","date_gmt":"2026-03-12T09:16:45","guid":{"rendered":"https:\/\/www.orc.com.br\/novo\/?p=157985"},"modified":"2026-03-12T06:16:45","modified_gmt":"2026-03-12T09:16:45","slug":"flavio-diz-que-cpi-do-banco-master-e-ilegal-e-alessandro-vieira-reage-covardia-ou-conveniencia","status":"publish","type":"post","link":"http:\/\/www.orc.com.br\/novo\/brasil\/flavio-diz-que-cpi-do-banco-master-e-ilegal-e-alessandro-vieira-reage-covardia-ou-conveniencia.html","title":{"rendered":"Fl\u00e1vio diz que CPI do Banco Master \u00e9 ilegal e Alessandro Vieira reage: \u2018covardia ou conveni\u00eancia\u2019"},"content":{"rendered":"<p>Por Pedro Penteado<\/p>\n<p class=\"styles__ParagraphStyled-sc-6adecn-0 kdCuzP  \" data-component-name=\"paragraph\">O pr\u00e9-candidato a presid\u00eancia <a title=\"https:\/\/www.estadao.com.br\/tudo-sobre\/flavio-bolsonaro\/?srsltid=AfmBOoropiGp2Fx22U6y2iHpvJsvJc-w2wBNs0iP_aeYZUfH2PS1guW4\" href=\"https:\/\/www.estadao.com.br\/tudo-sobre\/flavio-bolsonaro\/?srsltid=AfmBOoropiGp2Fx22U6y2iHpvJsvJc-w2wBNs0iP_aeYZUfH2PS1guW4\" target=\"_blank\" rel=\"noopener\"><strong>Fl\u00e1vio Bolsonaro<\/strong><\/a> (PL-RJ) disse, em entrevista ao SBT News nesta quarta-feira, 11, que a Comiss\u00e3o Parlamentar de Inqu\u00e9rito proposta pelo senador <a title=\"https:\/\/www.estadao.com.br\/tudo-sobre\/alessandro-vieira\/?srsltid=AfmBOoou7yEud3_jR7sH_FJ_BANUz_Dzs047HAdwIK-pksXqeSWCA8eh\" href=\"https:\/\/www.estadao.com.br\/tudo-sobre\/alessandro-vieira\/?srsltid=AfmBOoou7yEud3_jR7sH_FJ_BANUz_Dzs047HAdwIK-pksXqeSWCA8eh\" target=\"_blank\" rel=\"noopener\"><strong>Alessandro Vieira<\/strong><\/a> (MDB-SE) para investigar os ministros do Supremo Tribunal Federal (STF) <a title=\"https:\/\/www.estadao.com.br\/tudo-sobre\/alexandre-de-moraes\/?srsltid=AfmBOopKYpAYiB-Eng5fisSd1TDMxP5rj6oNocdyOzePP1cJJbYD0txp\" href=\"https:\/\/www.estadao.com.br\/tudo-sobre\/alexandre-de-moraes\/?srsltid=AfmBOopKYpAYiB-Eng5fisSd1TDMxP5rj6oNocdyOzePP1cJJbYD0txp\" target=\"_blank\" rel=\"noopener\"><strong>Alexandre de Moraes<\/strong><\/a> e <a title=\"https:\/\/www.estadao.com.br\/tudo-sobre\/dias-toffoli\/?srsltid=AfmBOoqiTp1uTJLtAL_vCHttCCl0Vw4GBwFj3ixmS1eRI5Qz9Z0JFwMB\" href=\"https:\/\/www.estadao.com.br\/tudo-sobre\/dias-toffoli\/?srsltid=AfmBOoqiTp1uTJLtAL_vCHttCCl0Vw4GBwFj3ixmS1eRI5Qz9Z0JFwMB\" target=\"_blank\" rel=\"noopener\"><strong>Dias Toffoli<\/strong><\/a> no caso do <a title=\"https:\/\/www.estadao.com.br\/politica\/senador-obtem-numero-minimo-de-27-assinaturas-para-abrir-cpi-contra-moraes-e-toffoli-por-caso-master\/?srsltid=AfmBOopsGsh2ICVisy1i1GgSbNY0HTONcTZE1KfJCOhPXqnmhI_L_irX\" href=\"https:\/\/www.estadao.com.br\/politica\/senador-obtem-numero-minimo-de-27-assinaturas-para-abrir-cpi-contra-moraes-e-toffoli-por-caso-master\/?srsltid=AfmBOopsGsh2ICVisy1i1GgSbNY0HTONcTZE1KfJCOhPXqnmhI_L_irX\" target=\"_blank\" rel=\"noopener\"><strong>Banco Master<\/strong><\/a> \u00e9 ilegal. \u201cVoc\u00ea n\u00e3o pode instaurar uma CPI para investigar crimes comuns de pessoas\u201d, afirmou.<\/p>\n<div class=\"styles__MultiParagraphAdStyled-sc-1yb8ue6-0 dAAozZ\" data-component-name=\"multi-paragraph\">\n<div class=\"paragraph\">\n<p>O requerimento foi protocolado na segunda-feira, 9, com 35 assinaturas \u2014 oito acima do m\u00ednimo exigido. Fl\u00e1vio foi o 29\u00ba signat\u00e1rio. A demora gerou <a title=\"https:\/\/www.estadao.com.br\/politica\/alessandro-vieira-e-eduardo-bolsonaro-discutem-nas-redes-por-causa-de-cpi-contra-moraes-e-toffoli\/\" href=\"https:\/\/www.estadao.com.br\/politica\/alessandro-vieira-e-eduardo-bolsonaro-discutem-nas-redes-por-causa-de-cpi-contra-moraes-e-toffoli\/\" target=\"_blank\" rel=\"noopener\"><strong>cr\u00edticas <\/strong><\/a>nas redes sociais, onde eleitores da oposi\u00e7\u00e3o questionaram se o senador tinha v\u00ednculos com os ministros investigados.<\/p>\n<p>Fl\u00e1vio negou qualquer rela\u00e7\u00e3o com o atraso. Segundo ele, Vieira acelerou a coleta de assinaturas durante o fim de semana de forma deliberada para constrang\u00ea-lo publicamente. \u201cEle correu com as assinaturas exatamente para dizer que eu n\u00e3o assinei, porque eu tenho algum rabo preso, o que \u00e9 mentira. E ele sabe disso\u201d, disse.<\/p>\n<p>O senador aproveitou para atacar Vieira de forma mais ampla. Afirmou que o colega transformou a <a title=\"https:\/\/www.estadao.com.br\/politica\/coluna-do-estadao\/master-cpi-para-investigar-ministros-do-supremo-atinge-o-numero-minimo-de-assinaturas\/?srsltid=AfmBOopxBTETNZlx5VkglUS73lYasH-XqOMIWQGz6JYJI2TvtSEk83vz\" href=\"https:\/\/www.estadao.com.br\/politica\/coluna-do-estadao\/master-cpi-para-investigar-ministros-do-supremo-atinge-o-numero-minimo-de-assinaturas\/?srsltid=AfmBOopxBTETNZlx5VkglUS73lYasH-XqOMIWQGz6JYJI2TvtSEk83vz\" target=\"_blank\" rel=\"noopener\"><strong>CPI do Crime Organizado<\/strong><\/a> \u2014 da qual Fl\u00e1vio esperava participar para investigar o PCC e o Comando Vermelho \u2014 em palanque eleitoral, com a convoca\u00e7\u00e3o de ex-ministros do governo Bolsonaro como Paulo Guedes e Roberto Campos Neto. \u201cSenadores como Alessandro Vieira descredibilizam o que ainda resta de credibilidade do instituto das CPIs\u201d, declarou.<\/p>\n<p>&nbsp;<\/p>\n<\/div>\n<\/div>\n<div id=\"fb_share_1\" style=\"float: right; margin-left: 10px;\"><a name=\"fb_share\" type=\"button\" share_url=\"http:\/\/www.orc.com.br\/novo\/brasil\/flavio-diz-que-cpi-do-banco-master-e-ilegal-e-alessandro-vieira-reage-covardia-ou-conveniencia.html\" href=\"http:\/\/www.facebook.com\/sharer.php\">Share<\/a><\/div><div><script src=\"http:\/\/static.ak.fbcdn.net\/connect.php\/js\/FB.Share\" type=\"text\/javascript\"><\/script><\/div>","protected":false},"excerpt":{"rendered":"<p>Por Pedro Penteado O pr\u00e9-candidato a presid\u00eancia Fl\u00e1vio Bolsonaro (PL-RJ) disse, em entrevista ao SBT News nesta quarta-feira, 11, que a Comiss\u00e3o Parlamentar de Inqu\u00e9rito proposta pelo senador Alessandro Vieira (MDB-SE) para investigar os ministros do Supremo Tribunal Federal (STF) Alexandre de Moraes e Dias Toffoli no caso do Banco Master \u00e9 ilegal. \u201cVoc\u00ea n\u00e3o &#8230;<\/p>\n","protected":false},"author":3,"featured_media":157986,"comment_status":"open","ping_status":"open","sticky":false,"template":"","format":"standard","meta":[],"categories":[1],"tags":[8],"jetpack_featured_media_url":"https:\/\/orc.com.br\/novo\/wp-content\/uploads\/2026\/03\/FlavioBolsonaro2.png","_links":{"self":[{"href":"http:\/\/www.orc.com.br\/novo\/wp-json\/wp\/v2\/posts\/157985"}],"collection":[{"href":"http:\/\/www.orc.com.br\/novo\/wp-json\/wp\/v2\/posts"}],"about":[{"href":"http:\/\/www.orc.com.br\/novo\/wp-json\/wp\/v2\/types\/post"}],"author":[{"embeddable":true,"href":"http:\/\/www.orc.com.br\/novo\/wp-json\/wp\/v2\/users\/3"}],"replies":[{"embeddable":true,"href":"http:\/\/www.orc.com.br\/novo\/wp-json\/wp\/v2\/comments?post=157985"}],"version-history":[{"count":1,"href":"http:\/\/www.orc.com.br\/novo\/wp-json\/wp\/v2\/posts\/157985\/revisions"}],"predecessor-version":[{"id":157987,"href":"http:\/\/www.orc.com.br\/novo\/wp-json\/wp\/v2\/posts\/157985\/revisions\/157987"}],"wp:featuredmedia":[{"embeddable":true,"href":"http:\/\/www.orc.com.br\/novo\/wp-json\/wp\/v2\/media\/157986"}],"wp:attachment":[{"href":"http:\/\/www.orc.com.br\/novo\/wp-json\/wp\/v2\/media?parent=157985"}],"wp:term":[{"taxonomy":"category","embeddable":true,"href":"http:\/\/www.orc.com.br\/novo\/wp-json\/wp\/v2\/categories?post=157985"},{"taxonomy":"post_tag","embeddable":true,"href":"http:\/\/www.orc.com.br\/novo\/wp-json\/wp\/v2\/tags?post=157985"}],"curies":[{"name":"wp","href":"https:\/\/api.w.org\/{rel}","templated":true}]}}