{"id":157988,"date":"2026-03-12T06:42:15","date_gmt":"2026-03-12T09:42:15","guid":{"rendered":"https:\/\/www.orc.com.br\/novo\/?p=157988"},"modified":"2026-03-12T06:42:15","modified_gmt":"2026-03-12T09:42:15","slug":"cargill-suspende-exportacao-de-soja-do-brasil-a-china-diz-presidente","status":"publish","type":"post","link":"http:\/\/www.orc.com.br\/novo\/agronegocio\/cargill-suspende-exportacao-de-soja-do-brasil-a-china-diz-presidente.html","title":{"rendered":"Cargill suspende exporta\u00e7\u00e3o de soja do Brasil \u00e0 China, diz presidente"},"content":{"rendered":"<p data-t=\"{&quot;n&quot;:&quot;blueLinks&quot;,&quot;t&quot;:13,&quot;a&quot;:&quot;click&quot;,&quot;b&quot;:76}\">A Cargill suspendeu opera\u00e7\u00f5es de exporta\u00e7\u00e3o de soja do Brasil para China devido a mudan\u00e7as na inspe\u00e7\u00e3o fitossanit\u00e1ria pelo governo brasileiro, disse o presidente da empresa no Brasil e do Neg\u00f3cio Agr\u00edcola na Am\u00e9rica Latina, Paulo Sousa, \u00e0 Reuters, nesta quarta-feira (11).<\/p>\n<p data-t=\"{&quot;n&quot;:&quot;blueLinks&quot;,&quot;t&quot;:13,&quot;a&quot;:&quot;click&quot;,&quot;b&quot;:76}\">Segundo ele, o Minist\u00e9rio da Agricultura do Brasil adotou uma inspe\u00e7\u00e3o mais rigorosa para soja destinada \u00e0 China, ap\u00f3s solicita\u00e7\u00e3o do governo chin\u00eas, e a nova fiscaliza\u00e7\u00e3o est\u00e1 dificultando cumprimento de normas pelos comerciantes e a obten\u00e7\u00e3o da autoriza\u00e7\u00e3o para o embarque do produto.<\/p>\n<div id=\"fb_share_1\" style=\"float: right; margin-left: 10px;\"><a name=\"fb_share\" type=\"button\" share_url=\"http:\/\/www.orc.com.br\/novo\/agronegocio\/cargill-suspende-exportacao-de-soja-do-brasil-a-china-diz-presidente.html\" href=\"http:\/\/www.facebook.com\/sharer.php\">Share<\/a><\/div><div><script src=\"http:\/\/static.ak.fbcdn.net\/connect.php\/js\/FB.Share\" type=\"text\/javascript\"><\/script><\/div>","protected":false},"excerpt":{"rendered":"<p>A Cargill suspendeu opera\u00e7\u00f5es de exporta\u00e7\u00e3o de soja do Brasil para China devido a mudan\u00e7as na inspe\u00e7\u00e3o fitossanit\u00e1ria pelo governo brasileiro, disse o presidente da empresa no Brasil e do Neg\u00f3cio Agr\u00edcola na Am\u00e9rica Latina, Paulo Sousa, \u00e0 Reuters, nesta quarta-feira (11). Segundo ele, o Minist\u00e9rio da Agricultura do Brasil adotou uma inspe\u00e7\u00e3o mais rigorosa &#8230;<\/p>\n","protected":false},"author":3,"featured_media":157989,"comment_status":"open","ping_status":"open","sticky":false,"template":"","format":"standard","meta":[],"categories":[21],"tags":[],"jetpack_featured_media_url":"https:\/\/orc.com.br\/novo\/wp-content\/uploads\/2026\/03\/Soja8.jpg","_links":{"self":[{"href":"http:\/\/www.orc.com.br\/novo\/wp-json\/wp\/v2\/posts\/157988"}],"collection":[{"href":"http:\/\/www.orc.com.br\/novo\/wp-json\/wp\/v2\/posts"}],"about":[{"href":"http:\/\/www.orc.com.br\/novo\/wp-json\/wp\/v2\/types\/post"}],"author":[{"embeddable":true,"href":"http:\/\/www.orc.com.br\/novo\/wp-json\/wp\/v2\/users\/3"}],"replies":[{"embeddable":true,"href":"http:\/\/www.orc.com.br\/novo\/wp-json\/wp\/v2\/comments?post=157988"}],"version-history":[{"count":1,"href":"http:\/\/www.orc.com.br\/novo\/wp-json\/wp\/v2\/posts\/157988\/revisions"}],"predecessor-version":[{"id":157990,"href":"http:\/\/www.orc.com.br\/novo\/wp-json\/wp\/v2\/posts\/157988\/revisions\/157990"}],"wp:featuredmedia":[{"embeddable":true,"href":"http:\/\/www.orc.com.br\/novo\/wp-json\/wp\/v2\/media\/157989"}],"wp:attachment":[{"href":"http:\/\/www.orc.com.br\/novo\/wp-json\/wp\/v2\/media?parent=157988"}],"wp:term":[{"taxonomy":"category","embeddable":true,"href":"http:\/\/www.orc.com.br\/novo\/wp-json\/wp\/v2\/categories?post=157988"},{"taxonomy":"post_tag","embeddable":true,"href":"http:\/\/www.orc.com.br\/novo\/wp-json\/wp\/v2\/tags?post=157988"}],"curies":[{"name":"wp","href":"https:\/\/api.w.org\/{rel}","templated":true}]}}