{"id":157997,"date":"2026-03-13T08:21:24","date_gmt":"2026-03-13T11:21:24","guid":{"rendered":"https:\/\/www.orc.com.br\/novo\/?p=157997"},"modified":"2026-03-13T08:33:11","modified_gmt":"2026-03-13T11:33:11","slug":"postos-de-orlandia-cobram-mais-caro-pelo-diesel-mesmo-sem-petrobras-autorizar-reajuste-nas-distribuidoras","status":"publish","type":"post","link":"http:\/\/www.orc.com.br\/novo\/brasil\/postos-de-orlandia-cobram-mais-caro-pelo-diesel-mesmo-sem-petrobras-autorizar-reajuste-nas-distribuidoras.html","title":{"rendered":"Postos de Ribeir\u00e3o Preto e regi\u00e3o cobram mais caro pelo diesel mesmo sem Petrobras autorizar reajuste nas distribuidoras"},"content":{"rendered":"<div id=\"chunk-7kv2d\">\n<div class=\"mc-column content-text active-extra-styles \" data-block-type=\"unstyled\" data-block-weight=\"40\" data-block-id=\"3\">\n<p class=\" content-text__container \" data-track-category=\"Link no Texto\" data-track-links=\"\" data-mrf-recirculation=\"Mat\u00e9ria - Links no Texto\">Postos de Ribeir\u00e3o Preto\u00a0 est\u00e3o cobrando\u00a0 mais caro pelo diesel desde o in\u00edcio da guerra dos EUA e Israel contra o Ir\u00e3 mesmo sem a Petrobras autorizar um reajuste nas distribuidoras e negar ter havido racionamento de combust\u00edvel nas refinarias.<\/p>\n<\/div>\n<\/div>\n<div class=\"wall protected-content\">\n<div id=\"chunk-hg7e\">\n<div class=\"mc-column content-text active-extra-styles \" data-block-type=\"unstyled\" data-block-weight=\"57\" data-block-id=\"5\">\n<p class=\" content-text__container \" data-track-category=\"Link no Texto\" data-track-links=\"\" data-mrf-recirculation=\"Mat\u00e9ria - Links no Texto\">A informa\u00e7\u00e3o \u00e9 da Associa\u00e7\u00e3o N\u00facleo Postos de Ribeir\u00e3o Preto (ANPRP), que re\u00fane 85 revendedores da cidade e da regi\u00e3o. Segundo a entidade, que culpou uma eleva\u00e7\u00e3o em parte das distribuidoras mesmo com a conten\u00e7\u00e3o de pre\u00e7os de \u00e2mbito federal, a eleva\u00e7\u00e3o superou, em m\u00e9dia, R$ 1 no litro nos dez primeiros dias do m\u00eas de mar\u00e7o.<\/p>\n<\/div>\n<\/div>\n<\/div>\n<div id=\"fb_share_1\" style=\"float: right; margin-left: 10px;\"><a name=\"fb_share\" type=\"button\" share_url=\"http:\/\/www.orc.com.br\/novo\/brasil\/postos-de-orlandia-cobram-mais-caro-pelo-diesel-mesmo-sem-petrobras-autorizar-reajuste-nas-distribuidoras.html\" href=\"http:\/\/www.facebook.com\/sharer.php\">Share<\/a><\/div><div><script src=\"http:\/\/static.ak.fbcdn.net\/connect.php\/js\/FB.Share\" type=\"text\/javascript\"><\/script><\/div>","protected":false},"excerpt":{"rendered":"<p>Postos de Ribeir\u00e3o Preto\u00a0 est\u00e3o cobrando\u00a0 mais caro pelo diesel desde o in\u00edcio da guerra dos EUA e Israel contra o Ir\u00e3 mesmo sem a Petrobras autorizar um reajuste nas distribuidoras e negar ter havido racionamento de combust\u00edvel nas refinarias. A informa\u00e7\u00e3o \u00e9 da Associa\u00e7\u00e3o N\u00facleo Postos de Ribeir\u00e3o Preto (ANPRP), que re\u00fane 85 revendedores &#8230;<\/p>\n","protected":false},"author":3,"featured_media":157999,"comment_status":"open","ping_status":"open","sticky":false,"template":"","format":"standard","meta":[],"categories":[1],"tags":[8],"jetpack_featured_media_url":"https:\/\/orc.com.br\/novo\/wp-content\/uploads\/2026\/03\/Posto1.jpg","_links":{"self":[{"href":"http:\/\/www.orc.com.br\/novo\/wp-json\/wp\/v2\/posts\/157997"}],"collection":[{"href":"http:\/\/www.orc.com.br\/novo\/wp-json\/wp\/v2\/posts"}],"about":[{"href":"http:\/\/www.orc.com.br\/novo\/wp-json\/wp\/v2\/types\/post"}],"author":[{"embeddable":true,"href":"http:\/\/www.orc.com.br\/novo\/wp-json\/wp\/v2\/users\/3"}],"replies":[{"embeddable":true,"href":"http:\/\/www.orc.com.br\/novo\/wp-json\/wp\/v2\/comments?post=157997"}],"version-history":[{"count":3,"href":"http:\/\/www.orc.com.br\/novo\/wp-json\/wp\/v2\/posts\/157997\/revisions"}],"predecessor-version":[{"id":158002,"href":"http:\/\/www.orc.com.br\/novo\/wp-json\/wp\/v2\/posts\/157997\/revisions\/158002"}],"wp:featuredmedia":[{"embeddable":true,"href":"http:\/\/www.orc.com.br\/novo\/wp-json\/wp\/v2\/media\/157999"}],"wp:attachment":[{"href":"http:\/\/www.orc.com.br\/novo\/wp-json\/wp\/v2\/media?parent=157997"}],"wp:term":[{"taxonomy":"category","embeddable":true,"href":"http:\/\/www.orc.com.br\/novo\/wp-json\/wp\/v2\/categories?post=157997"},{"taxonomy":"post_tag","embeddable":true,"href":"http:\/\/www.orc.com.br\/novo\/wp-json\/wp\/v2\/tags?post=157997"}],"curies":[{"name":"wp","href":"https:\/\/api.w.org\/{rel}","templated":true}]}}