{"id":158579,"date":"2026-04-28T06:03:11","date_gmt":"2026-04-28T09:03:11","guid":{"rendered":"https:\/\/www.orc.com.br\/novo\/?p=158579"},"modified":"2026-04-28T06:03:11","modified_gmt":"2026-04-28T09:03:11","slug":"ataque-israelense-no-libano-mata-mae-e-crianca-de-11-anos-brasileiras-pai-libanes-tambem-morreu","status":"publish","type":"post","link":"http:\/\/www.orc.com.br\/novo\/internacional\/ataque-israelense-no-libano-mata-mae-e-crianca-de-11-anos-brasileiras-pai-libanes-tambem-morreu.html","title":{"rendered":"Ataque israelense no L\u00edbano mata m\u00e3e e crian\u00e7a de 11 anos brasileiras; pai liban\u00eas tamb\u00e9m morreu"},"content":{"rendered":"<p class=\"styles__ParagraphStyled-sc-6adecn-0 geGWDE theme-default  \" data-component-name=\"paragraph\">O <a title=\"https:\/\/www.estadao.com.br\/tudo-sobre\/libano-asia\/\" href=\"https:\/\/www.estadao.com.br\/tudo-sobre\/libano-asia\/\" target=\"_blank\" rel=\"noopener\"><strong>Minist\u00e9rio das Rela\u00e7\u00f5es Exteriores<\/strong><\/a> confirmou na noite desta segunda-feira, 27, a morte de uma mulher e um menino de 11 anos brasileiros, m\u00e3e e filho, em um ataque das for\u00e7as de defesa de <a title=\"https:\/\/www.estadao.com.br\/tudo-sobre\/israel-asia\" href=\"https:\/\/www.estadao.com.br\/tudo-sobre\/israel-asia\" target=\"_blank\" rel=\"noopener\"><strong>Israel<\/strong><\/a> ao <a title=\"https:\/\/www.estadao.com.br\/tudo-sobre\/libano-asia\/\" href=\"https:\/\/www.estadao.com.br\/tudo-sobre\/libano-asia\/\" target=\"_blank\" rel=\"noopener\"><strong>L\u00edbano<\/strong><\/a>. Al\u00e9m dos dois, o pai da fam\u00edlia, de nacionalidade libanesa, tamb\u00e9m faleceu.<\/p>\n<div class=\"styles__MultiParagraphAdStyled-sc-1yb8ue6-0 kAOghv theme-default\" data-component-name=\"multi-paragraph\">\n<div class=\"paragraph\">\n<p>Outro filho do casal, tamb\u00e9m brasileiro, est\u00e1 hospitalizado, mas o Itamaraty n\u00e3o forneceu mais detalhes sobre a idade ou o estado de sa\u00fade dele. A fam\u00edlia estava em casa, no distrito de Bint Jeil, no sul do L\u00edbano, no momento do bombardeio israelense.<\/p>\n<p>Em nota oficial, o minist\u00e9rio afirmou que o ataque constitui mais uma viola\u00e7\u00e3o ao cessar-fogo da guerra que op\u00f5e Israel e <a title=\"https:\/\/www.estadao.com.br\/tudo-sobre\/estados-unidos-america-do-norte\/\" href=\"https:\/\/www.estadao.com.br\/tudo-sobre\/estados-unidos-america-do-norte\/\" target=\"_blank\" rel=\"noopener\"><strong>Estados Unidos<\/strong><\/a> ao <a title=\"https:\/\/www.estadao.com.br\/tudo-sobre\/ira-asia\/\" href=\"https:\/\/www.estadao.com.br\/tudo-sobre\/ira-asia\/\" target=\"_blank\" rel=\"noopener\"><strong>Ir\u00e3<\/strong><\/a> e lembrou que essas viola\u00e7\u00f5es j\u00e1 resultaram na morte de dezenas de civis libaneses, incluindo mulheres e crian\u00e7as, de uma jornalista e de dois soldados franceses da For\u00e7a Interina das Na\u00e7\u00f5es Unidas no L\u00edbano (Unifil).<\/p>\n<\/div>\n<\/div>\n<div id=\"fb_share_1\" style=\"float: right; margin-left: 10px;\"><a name=\"fb_share\" type=\"button\" share_url=\"http:\/\/www.orc.com.br\/novo\/internacional\/ataque-israelense-no-libano-mata-mae-e-crianca-de-11-anos-brasileiras-pai-libanes-tambem-morreu.html\" href=\"http:\/\/www.facebook.com\/sharer.php\">Share<\/a><\/div><div><script src=\"http:\/\/static.ak.fbcdn.net\/connect.php\/js\/FB.Share\" type=\"text\/javascript\"><\/script><\/div>","protected":false},"excerpt":{"rendered":"<p>O Minist\u00e9rio das Rela\u00e7\u00f5es Exteriores confirmou na noite desta segunda-feira, 27, a morte de uma mulher e um menino de 11 anos brasileiros, m\u00e3e e filho, em um ataque das for\u00e7as de defesa de Israel ao L\u00edbano. Al\u00e9m dos dois, o pai da fam\u00edlia, de nacionalidade libanesa, tamb\u00e9m faleceu. Outro filho do casal, tamb\u00e9m brasileiro, &#8230;<\/p>\n","protected":false},"author":3,"featured_media":158580,"comment_status":"open","ping_status":"open","sticky":false,"template":"","format":"standard","meta":[],"categories":[24],"tags":[8],"jetpack_featured_media_url":"https:\/\/orc.com.br\/novo\/wp-content\/uploads\/2026\/04\/Libano1.webp","_links":{"self":[{"href":"http:\/\/www.orc.com.br\/novo\/wp-json\/wp\/v2\/posts\/158579"}],"collection":[{"href":"http:\/\/www.orc.com.br\/novo\/wp-json\/wp\/v2\/posts"}],"about":[{"href":"http:\/\/www.orc.com.br\/novo\/wp-json\/wp\/v2\/types\/post"}],"author":[{"embeddable":true,"href":"http:\/\/www.orc.com.br\/novo\/wp-json\/wp\/v2\/users\/3"}],"replies":[{"embeddable":true,"href":"http:\/\/www.orc.com.br\/novo\/wp-json\/wp\/v2\/comments?post=158579"}],"version-history":[{"count":1,"href":"http:\/\/www.orc.com.br\/novo\/wp-json\/wp\/v2\/posts\/158579\/revisions"}],"predecessor-version":[{"id":158581,"href":"http:\/\/www.orc.com.br\/novo\/wp-json\/wp\/v2\/posts\/158579\/revisions\/158581"}],"wp:featuredmedia":[{"embeddable":true,"href":"http:\/\/www.orc.com.br\/novo\/wp-json\/wp\/v2\/media\/158580"}],"wp:attachment":[{"href":"http:\/\/www.orc.com.br\/novo\/wp-json\/wp\/v2\/media?parent=158579"}],"wp:term":[{"taxonomy":"category","embeddable":true,"href":"http:\/\/www.orc.com.br\/novo\/wp-json\/wp\/v2\/categories?post=158579"},{"taxonomy":"post_tag","embeddable":true,"href":"http:\/\/www.orc.com.br\/novo\/wp-json\/wp\/v2\/tags?post=158579"}],"curies":[{"name":"wp","href":"https:\/\/api.w.org\/{rel}","templated":true}]}}