{"id":158598,"date":"2026-04-29T06:28:25","date_gmt":"2026-04-29T09:28:25","guid":{"rendered":"https:\/\/www.orc.com.br\/novo\/?p=158598"},"modified":"2026-04-29T06:28:25","modified_gmt":"2026-04-29T09:28:25","slug":"pf-apura-contrabando-em-aviao-de-empresario-e-descobre-presenca-de-hugo-motta-e-ciro-nogueira-no-voo","status":"publish","type":"post","link":"http:\/\/www.orc.com.br\/novo\/politica\/pf-apura-contrabando-em-aviao-de-empresario-e-descobre-presenca-de-hugo-motta-e-ciro-nogueira-no-voo.html","title":{"rendered":"PF apura contrabando em avi\u00e3o de empres\u00e1rio e descobre presen\u00e7a de Hugo Motta e Ciro Nogueira no voo"},"content":{"rendered":"<div class=\"photos\">\n<div class=\"photo\">Estad\u00e3o<\/div>\n<\/div>\n<div class=\"informs\">\n<div class=\"names\">Por <a title=\"Ir para p\u00e1gina do autor\" href=\"https:\/\/www.estadao.com.br\/autores\/aguirre-talento\/\" data-component-name=\"pagina-autor\">Aguirre Talento<\/a>, <a title=\"Ir para p\u00e1gina do autor\" href=\"https:\/\/www.estadao.com.br\/autores\/gustavo-cortes\/\" data-component-name=\"pagina-autor\">Gustavo C\u00f4rtes<\/a> e <a title=\"Ir para p\u00e1gina do autor\" href=\"https:\/\/www.estadao.com.br\/autores\/vinicius-valfre\/\" data-component-name=\"pagina-autor\">Vin\u00edcius Valfr\u00e9<\/a><\/div>\n<\/div>\n<div><\/div>\n<div>\n<p class=\"styles__ParagraphStyled-sc-6adecn-0 geGWDE theme-default  \" data-component-name=\"paragraph\">A <a title=\"https:\/\/www.estadao.com.br\/tudo-sobre\/policia-federal\/\" href=\"https:\/\/www.estadao.com.br\/tudo-sobre\/policia-federal\/\" target=\"_blank\" rel=\"noopener\"><strong>Pol\u00edcia Federal <\/strong><\/a>abriu um inqu\u00e9rito para apurar suspeitas de descaminho ou contrabando em um voo realizado em uma aeronave particular de um empres\u00e1rio investigado na CPI das Bets do Senado. Esse inqu\u00e9rito, entretanto, foi remetido ao <a title=\"https:\/\/www.estadao.com.br\/tudo-sobre\/stf-supremo-tribunal-federal\/\" href=\"https:\/\/www.estadao.com.br\/tudo-sobre\/stf-supremo-tribunal-federal\/\" target=\"_blank\" rel=\"noopener\"><strong>Supremo Tribunal Federal (STF)<\/strong><\/a> depois que a PF constatou que quatro parlamentares acompanharam o empres\u00e1rio no voo: o presidente da C\u00e2mara, <a title=\"https:\/\/www.estadao.com.br\/tudo-sobre\/hugo-motta\/\" href=\"https:\/\/www.estadao.com.br\/tudo-sobre\/hugo-motta\/\" target=\"_blank\" rel=\"noopener\"><strong>Hugo Motta <\/strong><\/a>(Republicanos-PB), o senador <a title=\"https:\/\/www.estadao.com.br\/tudo-sobre\/ciro-nogueira\/\" href=\"https:\/\/www.estadao.com.br\/tudo-sobre\/ciro-nogueira\/\" target=\"_blank\" rel=\"noopener\"><strong>Ciro Nogueira<\/strong><\/a> (PP-PI) e os deputados <a title=\"https:\/\/www.estadao.com.br\/tudo-sobre\/doutor-luizinho\/\" href=\"https:\/\/www.estadao.com.br\/tudo-sobre\/doutor-luizinho\/\" target=\"_blank\" rel=\"noopener\"><strong>Doutor Luizinho<\/strong><\/a> (PP-RJ) e <a title=\"https:\/\/www.estadao.com.br\/tudo-sobre\/isnaldo-bulhoes\/\" href=\"https:\/\/www.estadao.com.br\/tudo-sobre\/isnaldo-bulhoes\/\" target=\"_blank\" rel=\"noopener\"><strong>Isnaldo Bulh\u00f5es<\/strong><\/a> (MDB-AL). Os parlamentares ainda n\u00e3o se manifestaram.<\/p>\n<p class=\"styles__ParagraphStyled-sc-6adecn-0 geGWDE theme-default  \" data-component-name=\"paragraph\">A informa\u00e7\u00e3o foi divulgada inicialmente pelo jornal <em>Folha de S.Paulo<\/em>. O <strong>Estad\u00e3o <\/strong>teve acesso ao relat\u00f3rio da PF produzido na investiga\u00e7\u00e3o. Motta afirmou, por meio de nota, que \u201ccumpriu todos os protocolos e determina\u00e7\u00f5es estabelecidas na legisla\u00e7\u00e3o aduaneira\u201d e aguardar\u00e1 a manifesta\u00e7\u00e3o da Procuradoria Geral da Rep\u00fablica (PGR). Os demais parlamentares foram procurados pela reportagem, mas ainda n\u00e3o se manifestaram. O espa\u00e7o segue aberto.<\/p>\n<\/div>\n<div class=\"informs\">\n<div><\/div>\n<\/div>\n<div id=\"fb_share_1\" style=\"float: right; margin-left: 10px;\"><a name=\"fb_share\" type=\"button\" share_url=\"http:\/\/www.orc.com.br\/novo\/politica\/pf-apura-contrabando-em-aviao-de-empresario-e-descobre-presenca-de-hugo-motta-e-ciro-nogueira-no-voo.html\" href=\"http:\/\/www.facebook.com\/sharer.php\">Share<\/a><\/div><div><script src=\"http:\/\/static.ak.fbcdn.net\/connect.php\/js\/FB.Share\" type=\"text\/javascript\"><\/script><\/div>","protected":false},"excerpt":{"rendered":"<p>Estad\u00e3o Por Aguirre Talento, Gustavo C\u00f4rtes e Vin\u00edcius Valfr\u00e9 A Pol\u00edcia Federal abriu um inqu\u00e9rito para apurar suspeitas de descaminho ou contrabando em um voo realizado em uma aeronave particular de um empres\u00e1rio investigado na CPI das Bets do Senado. Esse inqu\u00e9rito, entretanto, foi remetido ao Supremo Tribunal Federal (STF) depois que a PF constatou &#8230;<\/p>\n","protected":false},"author":3,"featured_media":158599,"comment_status":"open","ping_status":"open","sticky":false,"template":"","format":"standard","meta":[],"categories":[14],"tags":[8],"jetpack_featured_media_url":"https:\/\/orc.com.br\/novo\/wp-content\/uploads\/2026\/04\/HUgo-Motta.jpg","_links":{"self":[{"href":"http:\/\/www.orc.com.br\/novo\/wp-json\/wp\/v2\/posts\/158598"}],"collection":[{"href":"http:\/\/www.orc.com.br\/novo\/wp-json\/wp\/v2\/posts"}],"about":[{"href":"http:\/\/www.orc.com.br\/novo\/wp-json\/wp\/v2\/types\/post"}],"author":[{"embeddable":true,"href":"http:\/\/www.orc.com.br\/novo\/wp-json\/wp\/v2\/users\/3"}],"replies":[{"embeddable":true,"href":"http:\/\/www.orc.com.br\/novo\/wp-json\/wp\/v2\/comments?post=158598"}],"version-history":[{"count":1,"href":"http:\/\/www.orc.com.br\/novo\/wp-json\/wp\/v2\/posts\/158598\/revisions"}],"predecessor-version":[{"id":158600,"href":"http:\/\/www.orc.com.br\/novo\/wp-json\/wp\/v2\/posts\/158598\/revisions\/158600"}],"wp:featuredmedia":[{"embeddable":true,"href":"http:\/\/www.orc.com.br\/novo\/wp-json\/wp\/v2\/media\/158599"}],"wp:attachment":[{"href":"http:\/\/www.orc.com.br\/novo\/wp-json\/wp\/v2\/media?parent=158598"}],"wp:term":[{"taxonomy":"category","embeddable":true,"href":"http:\/\/www.orc.com.br\/novo\/wp-json\/wp\/v2\/categories?post=158598"},{"taxonomy":"post_tag","embeddable":true,"href":"http:\/\/www.orc.com.br\/novo\/wp-json\/wp\/v2\/tags?post=158598"}],"curies":[{"name":"wp","href":"https:\/\/api.w.org\/{rel}","templated":true}]}}