{"id":158601,"date":"2026-04-29T06:37:20","date_gmt":"2026-04-29T09:37:20","guid":{"rendered":"https:\/\/www.orc.com.br\/novo\/?p=158601"},"modified":"2026-04-29T06:37:20","modified_gmt":"2026-04-29T09:37:20","slug":"passaporte-moeda-e-predios-como-trump-tem-estampado-o-proprio-rosto-em-simbolos-publicos","status":"publish","type":"post","link":"http:\/\/www.orc.com.br\/novo\/internacional\/passaporte-moeda-e-predios-como-trump-tem-estampado-o-proprio-rosto-em-simbolos-publicos.html","title":{"rendered":"Passaporte, moeda e pr\u00e9dios: como Trump tem estampado o pr\u00f3prio rosto em s\u00edmbolos p\u00fablicos"},"content":{"rendered":"<div id=\"chunk-6ls7p\">\n<div class=\"mc-column content-text active-extra-styles \" data-block-type=\"unstyled\" data-block-weight=\"46\" data-block-id=\"3\">\n<p class=\" content-text__container \" data-track-category=\"Link no Texto\" data-track-links=\"\" data-mrf-recirculation=\"Mat\u00e9ria - Links no Texto\">O Departamento de Estado dos <a class=\"\" href=\"https:\/\/g1.globo.com\/tudo-sobre\/estados-unidos\/\" data-mrf-link=\"https:\/\/g1.globo.com\/tudo-sobre\/estados-unidos\/\">Estados Unidos<\/a> anunciou na ter\u00e7a-feira (28) que o pa\u00eds vai emitir uma edi\u00e7\u00e3o especial do passaporte com o rosto de <a class=\"\" href=\"https:\/\/g1.globo.com\/tudo-sobre\/donald-trump\/\" data-mrf-link=\"https:\/\/g1.globo.com\/tudo-sobre\/donald-trump\/\">Donald Trump<\/a>. A medida se soma a outras iniciativas do governo para colocar a imagem do presidente norte-americano em s\u00edmbolos p\u00fablicos.<\/p>\n<\/div>\n<\/div>\n<div class=\"wall protected-content\">\n<div id=\"chunk-554o4\">\n<div class=\"mc-column content-text active-extra-styles \" data-block-type=\"unstyled\" data-block-weight=\"34\" data-block-id=\"6\">\n<p class=\" content-text__container \" data-track-category=\"Link no Texto\" data-track-links=\"\" data-mrf-recirculation=\"Mat\u00e9ria - Links no Texto\"><strong>&#x25b6;&#xfe0f; Contexto:<\/strong> Em entrevista \u00e0 Fox News, o porta-voz do Departamento de Estado disse que a <a class=\"\" href=\"https:\/\/g1.globo.com\/mundo\/noticia\/2026\/04\/28\/estados-unidos-vao-emitir-passaportes-com-o-rosto-de-trump.ghtml\" data-mrf-link=\"https:\/\/g1.globo.com\/mundo\/noticia\/2026\/04\/28\/estados-unidos-vao-emitir-passaportes-com-o-rosto-de-trump.ghtml\">vers\u00e3o especial do passaporte \u00e9 limitada<\/a> e faz parte das comemora\u00e7\u00f5es dos 250 anos da independ\u00eancia dos EUA.<\/p>\n<\/div>\n<\/div>\n<div id=\"chunk-di516\">\n<div class=\"mc-column content-text active-extra-styles\" data-block-type=\"raw\" data-block-weight=\"55\" data-block-id=\"7\">\n<p class=\"content-text__container\" data-mrf-recirculation=\"Mat\u00e9ria - Links no Texto\">\n<ul class=\"content-unordered-list\" data-mrf-recirculation=\"Mat\u00e9ria - Leia Tamb\u00e9m (Lista)\">\n<li>O documento ter\u00e1 uma ilustra\u00e7\u00e3o baseada no retrato oficial de Trump como presidente na parte interna da capa.<\/li>\n<li>A arte tamb\u00e9m traz uma assinatura do presidente em dourado. Ao fundo, estar\u00e3o a bandeira dos EUA e a Declara\u00e7\u00e3o de Independ\u00eancia.<\/li>\n<li>O passaporte ter\u00e1 a mesma validade e os mesmos recursos de seguran\u00e7a do modelo tradicional.<\/li>\n<\/ul>\n<\/div>\n<\/div>\n<\/div>\n<div id=\"fb_share_1\" style=\"float: right; margin-left: 10px;\"><a name=\"fb_share\" type=\"button\" share_url=\"http:\/\/www.orc.com.br\/novo\/internacional\/passaporte-moeda-e-predios-como-trump-tem-estampado-o-proprio-rosto-em-simbolos-publicos.html\" href=\"http:\/\/www.facebook.com\/sharer.php\">Share<\/a><\/div><div><script src=\"http:\/\/static.ak.fbcdn.net\/connect.php\/js\/FB.Share\" type=\"text\/javascript\"><\/script><\/div>","protected":false},"excerpt":{"rendered":"<p>O Departamento de Estado dos Estados Unidos anunciou na ter\u00e7a-feira (28) que o pa\u00eds vai emitir uma edi\u00e7\u00e3o especial do passaporte com o rosto de Donald Trump. A medida se soma a outras iniciativas do governo para colocar a imagem do presidente norte-americano em s\u00edmbolos p\u00fablicos. &#x25b6;&#xfe0f; Contexto: Em entrevista \u00e0 Fox News, o porta-voz &#8230;<\/p>\n","protected":false},"author":3,"featured_media":158602,"comment_status":"open","ping_status":"open","sticky":false,"template":"","format":"standard","meta":[],"categories":[24],"tags":[8],"jetpack_featured_media_url":"https:\/\/orc.com.br\/novo\/wp-content\/uploads\/2026\/04\/Trump1.webp","_links":{"self":[{"href":"http:\/\/www.orc.com.br\/novo\/wp-json\/wp\/v2\/posts\/158601"}],"collection":[{"href":"http:\/\/www.orc.com.br\/novo\/wp-json\/wp\/v2\/posts"}],"about":[{"href":"http:\/\/www.orc.com.br\/novo\/wp-json\/wp\/v2\/types\/post"}],"author":[{"embeddable":true,"href":"http:\/\/www.orc.com.br\/novo\/wp-json\/wp\/v2\/users\/3"}],"replies":[{"embeddable":true,"href":"http:\/\/www.orc.com.br\/novo\/wp-json\/wp\/v2\/comments?post=158601"}],"version-history":[{"count":1,"href":"http:\/\/www.orc.com.br\/novo\/wp-json\/wp\/v2\/posts\/158601\/revisions"}],"predecessor-version":[{"id":158603,"href":"http:\/\/www.orc.com.br\/novo\/wp-json\/wp\/v2\/posts\/158601\/revisions\/158603"}],"wp:featuredmedia":[{"embeddable":true,"href":"http:\/\/www.orc.com.br\/novo\/wp-json\/wp\/v2\/media\/158602"}],"wp:attachment":[{"href":"http:\/\/www.orc.com.br\/novo\/wp-json\/wp\/v2\/media?parent=158601"}],"wp:term":[{"taxonomy":"category","embeddable":true,"href":"http:\/\/www.orc.com.br\/novo\/wp-json\/wp\/v2\/categories?post=158601"},{"taxonomy":"post_tag","embeddable":true,"href":"http:\/\/www.orc.com.br\/novo\/wp-json\/wp\/v2\/tags?post=158601"}],"curies":[{"name":"wp","href":"https:\/\/api.w.org\/{rel}","templated":true}]}}