{"id":158605,"date":"2026-05-02T05:53:02","date_gmt":"2026-05-02T08:53:02","guid":{"rendered":"https:\/\/www.orc.com.br\/novo\/?p=158605"},"modified":"2026-05-02T05:53:02","modified_gmt":"2026-05-02T08:53:02","slug":"alexandre-pires-e-clube-da-viola-serao-as-atracoes-musicais-da-feijoada-do-bem-2026","status":"publish","type":"post","link":"http:\/\/www.orc.com.br\/novo\/brasil\/alexandre-pires-e-clube-da-viola-serao-as-atracoes-musicais-da-feijoada-do-bem-2026.html","title":{"rendered":"Alexandre Pires e Clube da Viola ser\u00e3o as atra\u00e7\u00f5es musicais da Feijoada do Bem 2026"},"content":{"rendered":"<p>Alexandre Pires e Clube da Viola ser\u00e3o as atra\u00e7\u00f5es musicais da Feijoada do Bem 2026<\/p>\n<p>O Instituto Oswaldo Ribeiro de Mendon\u00e7a (IORM) realizar\u00e1 no dia 9 de maio de 2026, na Est\u00e2ncia Colorado, em Sales Oliveira, a tradicional Feijoada do Bem. Nesta edi\u00e7\u00e3o, o evento beneficente j\u00e1 prenuncia um grande sucesso e promete ser inesquec\u00edvel. A grande atra\u00e7\u00e3o da festa ser\u00e1 o contagiante show Pagonejo, com Alexandre Pires, trazendo muita alegria e m\u00fasica de qualidade para o nosso p\u00fablico.<\/p>\n<p>A programa\u00e7\u00e3o acaba de ser refor\u00e7ada com a participa\u00e7\u00e3o especial dos m\u00fasicos do Clube da Viola, que abrem o evento celebrando a turn\u00ea de 30 anos do projeto, com a presen\u00e7a de Guilherme e Gustavo, Roby e Roger, Fred\u00e3o e Mauricio e Marcelo.<\/p>\n<p>O Clube da Viola foi fundamental na populariza\u00e7\u00e3o do sertanejo universit\u00e1rio no Brasil. A apresenta\u00e7\u00e3o na Feijoada do Bem marca um momento hist\u00f3rico da turn\u00ea comemorativa de tr\u00eas d\u00e9cadas, que inclui o DVD em Ribeir\u00e3o Preto, reunindo cl\u00e1ssicos e novos sucessos.<\/p>\n<p>O projeto de 30 anos do Clube da Viola conta com participa\u00e7\u00f5es confirmadas de<\/p>\n<p>Mais do que um encontro social, a Feijoada do Bem \u00e9 essencial para a manuten\u00e7\u00e3o das atividades do IORM, que h\u00e1 21 anos utiliza a educa\u00e7\u00e3o atrav\u00e9s da arte \u2014 dan\u00e7a, m\u00fasica, teatro e literatura \u2014 para desenvolver disciplina, foco, criatividade e autoconfian\u00e7a em milhares de crian\u00e7as e jovens.<\/p>\n<p>Al\u00e9m de muita m\u00fasica boa, feijoada deliciosa, comida de boteco e open bar, o evento oferecer\u00e1 atra\u00e7\u00f5es imperd\u00edveis, como o tradicional Leil\u00e3o com itens valiosos, o sorteio de pr\u00eamios exclusivos aos participantes e a presen\u00e7a das bel\u00edssimas e exclusivas pe\u00e7as do DIORM para casa, unindo bom gosto e prop\u00f3sito.<\/p>\n<p>&nbsp;<\/p>\n<p>&nbsp;<\/p>\n<p><strong>\u00daltimos Ingressos<\/strong><\/p>\n<p>Com a comercializa\u00e7\u00e3o de mesas em ritmo bastante avan\u00e7ado, a organiza\u00e7\u00e3o alerta que os \u00faltimos ingressos est\u00e3o \u00e0 venda. A Feijoada do Bem 2026 representa uma oportunidade \u00fanica para o p\u00fablico e empresas aliarem entretenimento de qualidade ao apoio direto a uma causa social de extrema relev\u00e2ncia.<\/p>\n<p>Fundado pela Diretora de Responsabilidade Social do Grupo Colorado, Josimara Ribeiro de Mendon\u00e7a, o IORM \u00e9 uma organiza\u00e7\u00e3o de transforma\u00e7\u00e3o social focada na educa\u00e7\u00e3o atrav\u00e9s da arte. Em duas d\u00e9cadas de atua\u00e7\u00e3o, o Instituto tem sido respons\u00e1vel por formar uma nova gera\u00e7\u00e3o de cidad\u00e3os, superando barreiras e criando oportunidades reais de desenvolvimento para crian\u00e7as e jovens.<\/p>\n<p>&nbsp;<\/p>\n<p><strong>Servi\u00e7o:<\/strong><\/p>\n<p>Feijoada do Bem do Instituto Oswaldo Ribeiro de Mendon\u00e7a 2026<br \/>\nOpen Bar<br \/>\n9 de maio de 2026, s\u00e1bado<br \/>\n13 horas<br \/>\nEst\u00e2ncia Colorado, Sales Oliveira \u2013 SP<br \/>\nShow Pagonejo e abertura com Clube da Viola (Turn\u00ea 30 Anos)<br \/>\nIngressos: \u00daltimas unidades \u00e0 venda<\/p>\n<p>&nbsp;<\/p>\n<p>&nbsp;<\/p>\n<div id=\"fb_share_1\" style=\"float: right; margin-left: 10px;\"><a name=\"fb_share\" type=\"button\" share_url=\"http:\/\/www.orc.com.br\/novo\/brasil\/alexandre-pires-e-clube-da-viola-serao-as-atracoes-musicais-da-feijoada-do-bem-2026.html\" href=\"http:\/\/www.facebook.com\/sharer.php\">Share<\/a><\/div><div><script src=\"http:\/\/static.ak.fbcdn.net\/connect.php\/js\/FB.Share\" type=\"text\/javascript\"><\/script><\/div>","protected":false},"excerpt":{"rendered":"<p>Alexandre Pires e Clube da Viola ser\u00e3o as atra\u00e7\u00f5es musicais da Feijoada do Bem 2026 O Instituto Oswaldo Ribeiro de Mendon\u00e7a (IORM) realizar\u00e1 no dia 9 de maio de 2026, na Est\u00e2ncia Colorado, em Sales Oliveira, a tradicional Feijoada do Bem. Nesta edi\u00e7\u00e3o, o evento beneficente j\u00e1 prenuncia um grande sucesso e promete ser inesquec\u00edvel. &#8230;<\/p>\n","protected":false},"author":3,"featured_media":158606,"comment_status":"open","ping_status":"open","sticky":false,"template":"","format":"standard","meta":[],"categories":[1],"tags":[8],"jetpack_featured_media_url":"https:\/\/orc.com.br\/novo\/wp-content\/uploads\/2026\/05\/AlexandrePires.webp","_links":{"self":[{"href":"http:\/\/www.orc.com.br\/novo\/wp-json\/wp\/v2\/posts\/158605"}],"collection":[{"href":"http:\/\/www.orc.com.br\/novo\/wp-json\/wp\/v2\/posts"}],"about":[{"href":"http:\/\/www.orc.com.br\/novo\/wp-json\/wp\/v2\/types\/post"}],"author":[{"embeddable":true,"href":"http:\/\/www.orc.com.br\/novo\/wp-json\/wp\/v2\/users\/3"}],"replies":[{"embeddable":true,"href":"http:\/\/www.orc.com.br\/novo\/wp-json\/wp\/v2\/comments?post=158605"}],"version-history":[{"count":1,"href":"http:\/\/www.orc.com.br\/novo\/wp-json\/wp\/v2\/posts\/158605\/revisions"}],"predecessor-version":[{"id":158607,"href":"http:\/\/www.orc.com.br\/novo\/wp-json\/wp\/v2\/posts\/158605\/revisions\/158607"}],"wp:featuredmedia":[{"embeddable":true,"href":"http:\/\/www.orc.com.br\/novo\/wp-json\/wp\/v2\/media\/158606"}],"wp:attachment":[{"href":"http:\/\/www.orc.com.br\/novo\/wp-json\/wp\/v2\/media?parent=158605"}],"wp:term":[{"taxonomy":"category","embeddable":true,"href":"http:\/\/www.orc.com.br\/novo\/wp-json\/wp\/v2\/categories?post=158605"},{"taxonomy":"post_tag","embeddable":true,"href":"http:\/\/www.orc.com.br\/novo\/wp-json\/wp\/v2\/tags?post=158605"}],"curies":[{"name":"wp","href":"https:\/\/api.w.org\/{rel}","templated":true}]}}