{"id":159591,"date":"2026-07-21T10:24:07","date_gmt":"2026-07-21T13:24:07","guid":{"rendered":"https:\/\/www.orc.com.br\/novo\/?p=159591"},"modified":"2026-07-21T10:24:07","modified_gmt":"2026-07-21T13:24:07","slug":"orlandinos-em-destaque-no-maior-torneio-infantojuvenil-de-tenis-do-brasil","status":"publish","type":"post","link":"http:\/\/www.orc.com.br\/novo\/esportes\/orlandinos-em-destaque-no-maior-torneio-infantojuvenil-de-tenis-do-brasil.html","title":{"rendered":"Orl\u00e2ndinos em destaque no maior torneio infantojuvenil de t\u00eanis do Brasil"},"content":{"rendered":"<p>&nbsp;<\/p>\n<p>Os atletas do Projeto T\u00eanis da Prefeitura de Orl\u00e2ndia representaram o munic\u00edpio no Brasileir\u00e3o de T\u00eanis 2026, realizado em Uberl\u00e2ndia (MG). Considerado o maior torneio infantojuvenil da modalidade no pa\u00eds, o evento reuniu cerca de 1.600 atletas de diversas regi\u00f5es do Brasil.<\/p>\n<p>Representando Orl\u00e2ndia em uma competi\u00e7\u00e3o de n\u00edvel nacional, os atletas Mariana Santos da Silva, Davi Ara\u00fajo Nascimento e Lucas Nascimento Souza disputaram as categorias 10 anos feminino, 11 anos masculino e 12 anos masculino, nas modalidades de simples e duplas, conquistando vit\u00f3rias e importantes resultados.<\/p>\n<p>O Projeto T\u00eanis atende atualmente cerca de 180 crian\u00e7as, com atividades de segunda a sexta-feira, realizadas na Avenida G, na EMEB Prof.\u00aa Madalena Brasil e na Quadra de Esportes Pedro L\u00e1zari. Mais do que formar atletas, o projeto incentiva a disciplina, o desenvolvimento pessoal e a inclus\u00e3o por meio do esporte.<\/p>\n<div id=\"fb_share_1\" style=\"float: right; margin-left: 10px;\"><a name=\"fb_share\" type=\"button\" share_url=\"http:\/\/www.orc.com.br\/novo\/esportes\/orlandinos-em-destaque-no-maior-torneio-infantojuvenil-de-tenis-do-brasil.html\" href=\"http:\/\/www.facebook.com\/sharer.php\">Share<\/a><\/div><div><script src=\"http:\/\/static.ak.fbcdn.net\/connect.php\/js\/FB.Share\" type=\"text\/javascript\"><\/script><\/div>","protected":false},"excerpt":{"rendered":"<p>&nbsp; Os atletas do Projeto T\u00eanis da Prefeitura de Orl\u00e2ndia representaram o munic\u00edpio no Brasileir\u00e3o de T\u00eanis 2026, realizado em Uberl\u00e2ndia (MG). Considerado o maior torneio infantojuvenil da modalidade no pa\u00eds, o evento reuniu cerca de 1.600 atletas de diversas regi\u00f5es do Brasil. Representando Orl\u00e2ndia em uma competi\u00e7\u00e3o de n\u00edvel nacional, os atletas Mariana Santos &#8230;<\/p>\n","protected":false},"author":3,"featured_media":159592,"comment_status":"open","ping_status":"open","sticky":false,"template":"","format":"standard","meta":[],"categories":[5],"tags":[8],"jetpack_featured_media_url":"https:\/\/orc.com.br\/novo\/wp-content\/uploads\/2026\/07\/Tenis9.jpg","_links":{"self":[{"href":"http:\/\/www.orc.com.br\/novo\/wp-json\/wp\/v2\/posts\/159591"}],"collection":[{"href":"http:\/\/www.orc.com.br\/novo\/wp-json\/wp\/v2\/posts"}],"about":[{"href":"http:\/\/www.orc.com.br\/novo\/wp-json\/wp\/v2\/types\/post"}],"author":[{"embeddable":true,"href":"http:\/\/www.orc.com.br\/novo\/wp-json\/wp\/v2\/users\/3"}],"replies":[{"embeddable":true,"href":"http:\/\/www.orc.com.br\/novo\/wp-json\/wp\/v2\/comments?post=159591"}],"version-history":[{"count":1,"href":"http:\/\/www.orc.com.br\/novo\/wp-json\/wp\/v2\/posts\/159591\/revisions"}],"predecessor-version":[{"id":159593,"href":"http:\/\/www.orc.com.br\/novo\/wp-json\/wp\/v2\/posts\/159591\/revisions\/159593"}],"wp:featuredmedia":[{"embeddable":true,"href":"http:\/\/www.orc.com.br\/novo\/wp-json\/wp\/v2\/media\/159592"}],"wp:attachment":[{"href":"http:\/\/www.orc.com.br\/novo\/wp-json\/wp\/v2\/media?parent=159591"}],"wp:term":[{"taxonomy":"category","embeddable":true,"href":"http:\/\/www.orc.com.br\/novo\/wp-json\/wp\/v2\/categories?post=159591"},{"taxonomy":"post_tag","embeddable":true,"href":"http:\/\/www.orc.com.br\/novo\/wp-json\/wp\/v2\/tags?post=159591"}],"curies":[{"name":"wp","href":"https:\/\/api.w.org\/{rel}","templated":true}]}}