{"id":159594,"date":"2026-07-21T14:55:44","date_gmt":"2026-07-21T17:55:44","guid":{"rendered":"https:\/\/www.orc.com.br\/novo\/?p=159594"},"modified":"2026-07-21T14:55:44","modified_gmt":"2026-07-21T17:55:44","slug":"duarte-nogueira-tem-candidatura-a-deputado-federal-oficializada-em-convencao-estadual-do-psd","status":"publish","type":"post","link":"http:\/\/www.orc.com.br\/novo\/politica\/duarte-nogueira-tem-candidatura-a-deputado-federal-oficializada-em-convencao-estadual-do-psd.html","title":{"rendered":"Duarte Nogueira tem candidatura a deputado federal oficializada em Conven\u00e7\u00e3o Estadual do PSD"},"content":{"rendered":"<p>S\u00e3o Paulo, 26 de julho de 2026 \u2014 O pr\u00e9-candidato a deputado federal Duarte Nogueira participa neste domingo (26), na capital paulista, da Conven\u00e7\u00e3o Estadual do PSD, encontro que homologa a chapa do partido para as elei\u00e7\u00f5es de 2026. Representando a regi\u00e3o de Ribeir\u00e3o Preto e o Estado de S\u00e3o Paulo, Nogueira integra o grupo de nomes com que o PSD chega \u00e0 disputa deste ano.<\/p>\n<p>&nbsp;<\/p>\n<p>A conven\u00e7\u00e3o re\u00fane as principais lideran\u00e7as da legenda em S\u00e3o Paulo. O evento tem como destaque nacional a candidatura de Ronaldo Caiado \u00e0 Presid\u00eancia da Rep\u00fablica, \u00e0 frente da chapa do PSD e o vice-presidente, Gilberto Kassab.<\/p>\n<p>&nbsp;<\/p>\n<p>\u201c\u00c9 uma honra representar Ribeir\u00e3o Preto e todas as cidades da regi\u00e3o em um projeto que valoriza o interior de S\u00e3o Paulo. O interior produz, trabalha e precisa de voz firme em Bras\u00edlia. Tenho hist\u00f3ria com essa regi\u00e3o e conhe\u00e7o o caminho, foi aqui que aprendi a fazer gest\u00e3o e a entregar resultado\u201d, afirmou Duarte Nogueira.<\/p>\n<p>Nascido em Ribeir\u00e3o Preto e engenheiro agr\u00f4nomo, Duarte Nogueira construiu uma das trajet\u00f3rias mais longevas da pol\u00edtica do interior paulista: foi tr\u00eas vezes deputado estadual, tr\u00eas vezes deputado federal, secret\u00e1rio de Estado em tr\u00eas pastas \u2014 Habita\u00e7\u00e3o, Agricultura e Abastecimento, e Transportes e duas vezes prefeito de Ribeir\u00e3o Preto.<\/p>\n<p>&nbsp;<\/p>\n<p>\u00c0 frente da Prefeitura de Ribeir\u00e3o Preto, entregou uma administra\u00e7\u00e3o reconhecida pela solidez fiscal: o munic\u00edpio alcan\u00e7ou a nota m\u00e1xima de capacidade de pagamento (CAPAG A+) e somou oito pareceres favor\u00e1veis consecutivos do Tribunal de Contas do Estado de S\u00e3o Paulo.<\/p>\n<p>&nbsp;<\/p>\n<p>&nbsp;<\/p>\n<p>&nbsp;<\/p>\n<p>&nbsp;<\/p>\n<table>\n<tbody>\n<tr>\n<td><\/td>\n<\/tr>\n<\/tbody>\n<\/table>\n<div id=\"fb_share_1\" style=\"float: right; margin-left: 10px;\"><a name=\"fb_share\" type=\"button\" share_url=\"http:\/\/www.orc.com.br\/novo\/politica\/duarte-nogueira-tem-candidatura-a-deputado-federal-oficializada-em-convencao-estadual-do-psd.html\" href=\"http:\/\/www.facebook.com\/sharer.php\">Share<\/a><\/div><div><script src=\"http:\/\/static.ak.fbcdn.net\/connect.php\/js\/FB.Share\" type=\"text\/javascript\"><\/script><\/div>","protected":false},"excerpt":{"rendered":"<p>S\u00e3o Paulo, 26 de julho de 2026 \u2014 O pr\u00e9-candidato a deputado federal Duarte Nogueira participa neste domingo (26), na capital paulista, da Conven\u00e7\u00e3o Estadual do PSD, encontro que homologa a chapa do partido para as elei\u00e7\u00f5es de 2026. Representando a regi\u00e3o de Ribeir\u00e3o Preto e o Estado de S\u00e3o Paulo, Nogueira integra o grupo &#8230;<\/p>\n","protected":false},"author":3,"featured_media":159595,"comment_status":"open","ping_status":"open","sticky":false,"template":"","format":"standard","meta":[],"categories":[14],"tags":[8],"jetpack_featured_media_url":"https:\/\/orc.com.br\/novo\/wp-content\/uploads\/2026\/07\/Nogueirinha.jpeg","_links":{"self":[{"href":"http:\/\/www.orc.com.br\/novo\/wp-json\/wp\/v2\/posts\/159594"}],"collection":[{"href":"http:\/\/www.orc.com.br\/novo\/wp-json\/wp\/v2\/posts"}],"about":[{"href":"http:\/\/www.orc.com.br\/novo\/wp-json\/wp\/v2\/types\/post"}],"author":[{"embeddable":true,"href":"http:\/\/www.orc.com.br\/novo\/wp-json\/wp\/v2\/users\/3"}],"replies":[{"embeddable":true,"href":"http:\/\/www.orc.com.br\/novo\/wp-json\/wp\/v2\/comments?post=159594"}],"version-history":[{"count":1,"href":"http:\/\/www.orc.com.br\/novo\/wp-json\/wp\/v2\/posts\/159594\/revisions"}],"predecessor-version":[{"id":159596,"href":"http:\/\/www.orc.com.br\/novo\/wp-json\/wp\/v2\/posts\/159594\/revisions\/159596"}],"wp:featuredmedia":[{"embeddable":true,"href":"http:\/\/www.orc.com.br\/novo\/wp-json\/wp\/v2\/media\/159595"}],"wp:attachment":[{"href":"http:\/\/www.orc.com.br\/novo\/wp-json\/wp\/v2\/media?parent=159594"}],"wp:term":[{"taxonomy":"category","embeddable":true,"href":"http:\/\/www.orc.com.br\/novo\/wp-json\/wp\/v2\/categories?post=159594"},{"taxonomy":"post_tag","embeddable":true,"href":"http:\/\/www.orc.com.br\/novo\/wp-json\/wp\/v2\/tags?post=159594"}],"curies":[{"name":"wp","href":"https:\/\/api.w.org\/{rel}","templated":true}]}}