{"id":159597,"date":"2026-07-21T15:10:46","date_gmt":"2026-07-21T18:10:46","guid":{"rendered":"https:\/\/www.orc.com.br\/novo\/?p=159597"},"modified":"2026-07-21T15:10:46","modified_gmt":"2026-07-21T18:10:46","slug":"coronel-da-pm-e-acusado-de-envolvimento-com-grupo-de-membro-da-pcc","status":"publish","type":"post","link":"http:\/\/www.orc.com.br\/novo\/brasil\/coronel-da-pm-e-acusado-de-envolvimento-com-grupo-de-membro-da-pcc.html","title":{"rendered":"Coronel da PM \u00e9 acusado de envolvimento com grupo de Membro da PCC"},"content":{"rendered":"<div>\n<h1><span style=\"font-size: 10pt;\">Por <a title=\"Ir para p\u00e1gina do autor\" href=\"https:\/\/www.estadao.com.br\/autores\/fausto-macedo\/\" data-component-name=\"pagina-autor\">Fausto Macedo<\/a>, <a title=\"Ir para p\u00e1gina do autor\" href=\"https:\/\/www.estadao.com.br\/autores\/felipe-de-paula\/\" data-component-name=\"pagina-autor\">Felipe de Paula<\/a> e <a title=\"Ir para p\u00e1gina do autor\" href=\"https:\/\/www.estadao.com.br\/autores\/marcelo-godoy\/\" data-component-name=\"pagina-autor\">Marcelo Godoy<\/a><\/span><\/h1>\n<h1>Anivers\u00e1rio general\u2019: coronel da PM tinha grupo no WhatsApp com \u2018companheiro\u2019 do PCC, aponta MP<\/h1>\n<\/div>\n<h2>Luiz Carlos Pereira Martins, aposentado da c\u00fapula da PM e ex-chefe da Diretoria de Ensino e Cultura da corpora\u00e7\u00e3o, intermediava contatos pol\u00edticos e fazia festas com Cl\u00e9ber Azevedo dos Santos, operador financeiro da fac\u00e7\u00e3o e principal alvo da Opera\u00e7\u00e3o Janus, deflagrada nesta nesta ter\u00e7a-feira, 21; \u2018Estad\u00e3o\u2019 pediu manifesta\u00e7\u00e3o da PM e busca contato direto com os citados<\/h2>\n<p class=\"styles__ParagraphStyled-sc-6adecn-0 geGWDE theme-default  \" data-component-name=\"paragraph\"><span style=\"font-size: 18pt;\">Um grupo de WhatsApp batizado \u201cAnivers\u00e1rio general\u201d, ativo ao menos at\u00e9 21 de novembro de 2023, reunia o coronel da Pol\u00edcia Militar do Estado de S\u00e3o Paulo, Luiz Carlos Pereira Martins, e o \u201ccompanheiro\u201d do <a title=\"https:\/\/www.estadao.com.br\/tudo-sobre\/pcc-primeiro-comando-da-capital\/?srsltid=AfmBOoqGIT1oqvyFb2q4U6uokfFpodw9ZWRBjcqCOJlBS8tEaoF2Bsca\" href=\"https:\/\/www.estadao.com.br\/tudo-sobre\/pcc-primeiro-comando-da-capital\/?srsltid=AfmBOoqGIT1oqvyFb2q4U6uokfFpodw9ZWRBjcqCOJlBS8tEaoF2Bsca\" target=\"_blank\" rel=\"noopener noreferrer\"><strong>Primeiro Comando da Capital (PCC)<\/strong><\/a> Cl\u00e9ber Azevedo dos Santos. Segundo os promotores do Minist\u00e9rio P\u00fablico de S\u00e3o Paulo que conduzem a <a title=\"https:\/\/www.estadao.com.br\/politica\/blog-do-fausto-macedo\/mp-faz-operacao-contra-rede-financeira-do-pcc-tribunal-do-crime-e-aliado-de-leo-do-moinho\/?utm_source=estadao:app&amp;utm_medium=noticia:compartilhamento\" href=\"https:\/\/www.estadao.com.br\/politica\/blog-do-fausto-macedo\/mp-faz-operacao-contra-rede-financeira-do-pcc-tribunal-do-crime-e-aliado-de-leo-do-moinho\/?utm_source=estadao:app&amp;utm_medium=noticia:compartilhamento\" target=\"_blank\" rel=\"noopener noreferrer\"><strong>Opera\u00e7\u00e3o Janus<\/strong><\/a>, deflagrada nesta ter\u00e7a-feira, 21, as mensagens trocadas no grupo tinham \u201ccar\u00e1ter pessoal e social, com refer\u00eancias a eventos e celebra\u00e7\u00f5es\u201d.<\/span><\/p>\n<p class=\"styles__ParagraphStyled-sc-6adecn-0 geGWDE theme-default  \" data-component-name=\"paragraph\"><span style=\"font-size: 18pt;\">Aposentado da c\u00fapula da PM, Pereira Martins n\u00e3o foi alvo da opera\u00e7\u00e3o nesta manh\u00e3. A reportagem pediu manifesta\u00e7\u00e3o da corpora\u00e7\u00e3o sobre as men\u00e7\u00f5es ao coronel e busca contato direto com ele. O espa\u00e7o est\u00e1 aberto.<\/span><\/p>\n<p>A partir do achado \u201cAnivers\u00e1rio general\u201d, os promotores descobriram que Cl\u00e9ber \u201ccompanheiro\u201d mantinha rela\u00e7\u00e3o de amizade com o coronel Pereira Martins. Segundo os investigadores, o v\u00ednculo permaneceu mesmo ap\u00f3s Cl\u00e9ber se tornar alvo de opera\u00e7\u00f5es policiais de grande repercuss\u00e3o, como a Opera\u00e7\u00e3o Fractal, deflagrada no fim de 2022.<\/p>\n<p>Os promotores afirmam que a rela\u00e7\u00e3o entre o coronel e o \u201ccompanheiro\u201d do PCC ultrapassava contatos ocasionais. \u201cAnivers\u00e1rio general\u201d cont\u00e9m registros em que Pereira Martins teria se prontificado a auxiliar os investigados e intermediar negocia\u00e7\u00f5es com autoridades e pol\u00edticos, inclusive o ex-candidato \u00e0 prefeitura do Guaruj\u00e1, no litoral paulista, coronel Rog\u00e9rio (PRTB), nas elei\u00e7\u00f5es de 2024.<\/p>\n<div id=\"fb_share_1\" style=\"float: right; margin-left: 10px;\"><a name=\"fb_share\" type=\"button\" share_url=\"http:\/\/www.orc.com.br\/novo\/brasil\/coronel-da-pm-e-acusado-de-envolvimento-com-grupo-de-membro-da-pcc.html\" href=\"http:\/\/www.facebook.com\/sharer.php\">Share<\/a><\/div><div><script src=\"http:\/\/static.ak.fbcdn.net\/connect.php\/js\/FB.Share\" type=\"text\/javascript\"><\/script><\/div>","protected":false},"excerpt":{"rendered":"<p>Por Fausto Macedo, Felipe de Paula e Marcelo Godoy Anivers\u00e1rio general\u2019: coronel da PM tinha grupo no WhatsApp com \u2018companheiro\u2019 do PCC, aponta MP Luiz Carlos Pereira Martins, aposentado da c\u00fapula da PM e ex-chefe da Diretoria de Ensino e Cultura da corpora\u00e7\u00e3o, intermediava contatos pol\u00edticos e fazia festas com Cl\u00e9ber Azevedo dos Santos, operador &#8230;<\/p>\n","protected":false},"author":3,"featured_media":159598,"comment_status":"open","ping_status":"open","sticky":false,"template":"","format":"standard","meta":[],"categories":[1],"tags":[8],"jetpack_featured_media_url":"https:\/\/orc.com.br\/novo\/wp-content\/uploads\/2026\/07\/coronel1.jpeg","_links":{"self":[{"href":"http:\/\/www.orc.com.br\/novo\/wp-json\/wp\/v2\/posts\/159597"}],"collection":[{"href":"http:\/\/www.orc.com.br\/novo\/wp-json\/wp\/v2\/posts"}],"about":[{"href":"http:\/\/www.orc.com.br\/novo\/wp-json\/wp\/v2\/types\/post"}],"author":[{"embeddable":true,"href":"http:\/\/www.orc.com.br\/novo\/wp-json\/wp\/v2\/users\/3"}],"replies":[{"embeddable":true,"href":"http:\/\/www.orc.com.br\/novo\/wp-json\/wp\/v2\/comments?post=159597"}],"version-history":[{"count":1,"href":"http:\/\/www.orc.com.br\/novo\/wp-json\/wp\/v2\/posts\/159597\/revisions"}],"predecessor-version":[{"id":159599,"href":"http:\/\/www.orc.com.br\/novo\/wp-json\/wp\/v2\/posts\/159597\/revisions\/159599"}],"wp:featuredmedia":[{"embeddable":true,"href":"http:\/\/www.orc.com.br\/novo\/wp-json\/wp\/v2\/media\/159598"}],"wp:attachment":[{"href":"http:\/\/www.orc.com.br\/novo\/wp-json\/wp\/v2\/media?parent=159597"}],"wp:term":[{"taxonomy":"category","embeddable":true,"href":"http:\/\/www.orc.com.br\/novo\/wp-json\/wp\/v2\/categories?post=159597"},{"taxonomy":"post_tag","embeddable":true,"href":"http:\/\/www.orc.com.br\/novo\/wp-json\/wp\/v2\/tags?post=159597"}],"curies":[{"name":"wp","href":"https:\/\/api.w.org\/{rel}","templated":true}]}}