{"id":160214,"date":"2026-08-31T06:25:22","date_gmt":"2026-08-31T09:25:22","guid":{"rendered":"https:\/\/www.orc.com.br\/novo\/?p=160214"},"modified":"2026-08-31T06:26:02","modified_gmt":"2026-08-31T09:26:02","slug":"brasil-e-eua-retomam-negociacao-comercial-nesta-segunda-saiba-o-que-o-governo-lula-espera","status":"publish","type":"post","link":"http:\/\/www.orc.com.br\/novo\/brasil\/brasil-e-eua-retomam-negociacao-comercial-nesta-segunda-saiba-o-que-o-governo-lula-espera.html","title":{"rendered":"Brasil e EUA retomam negocia\u00e7\u00e3o comercial nesta segunda; saiba o que o governo Lula espera"},"content":{"rendered":"<p class=\"styles__ParagraphStyled-sc-6adecn-0 geGWDE theme-default \" data-component-name=\"paragraph\">Felipe Fraz\u00e3o &#8211; Estad\u00e3o<\/p>\n<p class=\"styles__ParagraphStyled-sc-6adecn-0 geGWDE theme-default \" data-component-name=\"paragraph\">Integrantes dos governos de <strong>Brasil<\/strong> e <a title=\"https:\/\/www.estadao.com.br\/tudo-sobre\/estados-unidos-america-do-norte\/\" href=\"https:\/\/www.estadao.com.br\/tudo-sobre\/estados-unidos-america-do-norte\/\" target=\"_blank\" rel=\"noopener noreferrer\"><strong>Estados Unidos<\/strong><\/a> voltam a se reunir para discutir a rela\u00e7\u00e3o comercial entre os pa\u00edses nesta segunda-feira, 31. A retomada das rodadas de negocia\u00e7\u00e3o, especialmente sobre aspectos tarif\u00e1rios, foi acordada entre os presidentes <a title=\"https:\/\/www.estadao.com.br\/tudo-sobre\/lula-luiz-inacio-lula-da-silva\/\" href=\"https:\/\/www.estadao.com.br\/tudo-sobre\/lula-luiz-inacio-lula-da-silva\/\" target=\"_blank\" rel=\"noopener noreferrer\"><strong>Luiz In\u00e1cio Lula da Silva<\/strong><\/a> e <a title=\"https:\/\/www.estadao.com.br\/tudo-sobre\/donald-trump\/\" href=\"https:\/\/www.estadao.com.br\/tudo-sobre\/donald-trump\/\" target=\"_blank\" rel=\"noopener noreferrer\"><strong>Donald Trump<\/strong><\/a>, <a title=\"https:\/\/www.estadao.com.br\/internacional\/lula-e-trump-conversam-sobre-tarifaco-e-combate-ao-crime-organizado\/\" href=\"https:\/\/www.estadao.com.br\/internacional\/lula-e-trump-conversam-sobre-tarifaco-e-combate-ao-crime-organizado\/\" target=\"_blank\" rel=\"noopener\"><strong>durante um telefonema<\/strong><\/a>.<\/p>\n<p class=\"styles__ParagraphStyled-sc-6adecn-0 geGWDE theme-default \" data-component-name=\"paragraph\">Do lado brasileiro, o encontro virtual vai ser liderado pelo ministro <strong>M\u00e1rcio Elias Rosa<\/strong>, do Desenvolvimento, Ind\u00fastria, Com\u00e9rcio e Servi\u00e7os (<strong>MDIC<\/strong>) e pelo chanceler <strong>Mauro Vieira <\/strong>(<strong>Itamaraty<\/strong>). Os americanos ser\u00e3o representados pelo embaixador <strong>Jamieson Greer<\/strong>, chefe do Escrit\u00f3rio do Representante Comercial dos EUA (<strong>USTR<\/strong>).<\/p>\n<figure class=\"styles__FigureImageWrapper-sc-1qk1vbn-0 lnSyuk figure-image-wrapper      \"><figcaption class=\"ignore-change-font-for-app\"><\/figcaption><\/figure>\n<div class=\"styles__MultiParagraphAdStyled-sc-1yb8ue6-0 kAOghv theme-default\" data-component-name=\"multi-paragraph\">\n<div class=\"paragraph\">\n<p>Greer fez contato com Elias Rosa logo ap\u00f3s a conversa entre Lula e Trump, uma jogada do petista para contornar atritos com outras figuras do governo americano e reestabelecer canais com republicano.<\/p>\n<p>O contato ocorreu logo depois de <a title=\"https:\/\/www.estadao.com.br\/economia\/governo-lula-anuncia-abertura-de-processo-de-reciprocidade-por-tarifaco-de-trump-e-notifica-eua\/?srsltid=AfmBOoruo4ngm5eOirIUfaLHvuqpEF1tMY46kbowlVgzyNhBDjSi5f2f\" href=\"https:\/\/www.estadao.com.br\/economia\/governo-lula-anuncia-abertura-de-processo-de-reciprocidade-por-tarifaco-de-trump-e-notifica-eua\/?srsltid=AfmBOoruo4ngm5eOirIUfaLHvuqpEF1tMY46kbowlVgzyNhBDjSi5f2f\" target=\"_blank\" rel=\"noopener\"><strong>o governo brasileiro ter iniciado um processo de aplica\u00e7\u00e3o da Lei de Reciprocidade Econ\u00f4mica<\/strong><\/a>, que poderia levar \u00e0 resposta por meio de sobretaxas de forma emergencial e em patamares proporcionais aos impostos pelos EUA. A Presid\u00eancia da Rep\u00fablica, no entanto, indicou que ser\u00e3o feitos estudos mais detalhados antes de qualquer decis\u00e3o e abriu canais diplom\u00e1ticos.<\/p>\n<\/div>\n<\/div>\n<figure class=\"styles__FigureImageWrapper-sc-1qk1vbn-0 lnSyuk figure-image-wrapper \">\n<div class=\"figure-image-container\"><img class=\"lazy-load-img\" data-srcset=\"https:\/\/www.estadao.com.br\/resizer\/v2\/IZQC3T4IAFAMNLUSGIKFWI2N2M.jpg?quality=80&amp;auth=396462f49a4241bb445717534f31dd584aaeeb1f9825f735bfa6f1fa092f0251&amp;width=380 768w, https:\/\/www.estadao.com.br\/resizer\/v2\/IZQC3T4IAFAMNLUSGIKFWI2N2M.jpg?quality=80&amp;auth=396462f49a4241bb445717534f31dd584aaeeb1f9825f735bfa6f1fa092f0251&amp;width=768 1024w, https:\/\/www.estadao.com.br\/resizer\/v2\/IZQC3T4IAFAMNLUSGIKFWI2N2M.jpg?quality=80&amp;auth=396462f49a4241bb445717534f31dd584aaeeb1f9825f735bfa6f1fa092f0251&amp;width=1200 1322w\" \/><\/div>\n<\/figure>\n<div id=\"fb_share_1\" style=\"float: right; margin-left: 10px;\"><a name=\"fb_share\" type=\"button\" share_url=\"http:\/\/www.orc.com.br\/novo\/brasil\/brasil-e-eua-retomam-negociacao-comercial-nesta-segunda-saiba-o-que-o-governo-lula-espera.html\" href=\"http:\/\/www.facebook.com\/sharer.php\">Share<\/a><\/div><div><script src=\"http:\/\/static.ak.fbcdn.net\/connect.php\/js\/FB.Share\" type=\"text\/javascript\"><\/script><\/div>","protected":false},"excerpt":{"rendered":"<p>Felipe Fraz\u00e3o &#8211; Estad\u00e3o Integrantes dos governos de Brasil e Estados Unidos voltam a se reunir para discutir a rela\u00e7\u00e3o comercial entre os pa\u00edses nesta segunda-feira, 31. A retomada das rodadas de negocia\u00e7\u00e3o, especialmente sobre aspectos tarif\u00e1rios, foi acordada entre os presidentes Luiz In\u00e1cio Lula da Silva e Donald Trump, durante um telefonema. Do lado &#8230;<\/p>\n","protected":false},"author":3,"featured_media":160215,"comment_status":"open","ping_status":"open","sticky":false,"template":"","format":"standard","meta":[],"categories":[1],"tags":[8],"jetpack_featured_media_url":"https:\/\/orc.com.br\/novo\/wp-content\/uploads\/2026\/08\/Porto-1.jpg","_links":{"self":[{"href":"http:\/\/www.orc.com.br\/novo\/wp-json\/wp\/v2\/posts\/160214"}],"collection":[{"href":"http:\/\/www.orc.com.br\/novo\/wp-json\/wp\/v2\/posts"}],"about":[{"href":"http:\/\/www.orc.com.br\/novo\/wp-json\/wp\/v2\/types\/post"}],"author":[{"embeddable":true,"href":"http:\/\/www.orc.com.br\/novo\/wp-json\/wp\/v2\/users\/3"}],"replies":[{"embeddable":true,"href":"http:\/\/www.orc.com.br\/novo\/wp-json\/wp\/v2\/comments?post=160214"}],"version-history":[{"count":2,"href":"http:\/\/www.orc.com.br\/novo\/wp-json\/wp\/v2\/posts\/160214\/revisions"}],"predecessor-version":[{"id":160217,"href":"http:\/\/www.orc.com.br\/novo\/wp-json\/wp\/v2\/posts\/160214\/revisions\/160217"}],"wp:featuredmedia":[{"embeddable":true,"href":"http:\/\/www.orc.com.br\/novo\/wp-json\/wp\/v2\/media\/160215"}],"wp:attachment":[{"href":"http:\/\/www.orc.com.br\/novo\/wp-json\/wp\/v2\/media?parent=160214"}],"wp:term":[{"taxonomy":"category","embeddable":true,"href":"http:\/\/www.orc.com.br\/novo\/wp-json\/wp\/v2\/categories?post=160214"},{"taxonomy":"post_tag","embeddable":true,"href":"http:\/\/www.orc.com.br\/novo\/wp-json\/wp\/v2\/tags?post=160214"}],"curies":[{"name":"wp","href":"https:\/\/api.w.org\/{rel}","templated":true}]}}