{"id":160218,"date":"2026-08-31T06:30:13","date_gmt":"2026-08-31T09:30:13","guid":{"rendered":"https:\/\/www.orc.com.br\/novo\/?p=160218"},"modified":"2026-08-31T06:30:13","modified_gmt":"2026-08-31T09:30:13","slug":"congresso-vota-taxa-das-blusinhas-e-fim-da-6x1-apos-pacto-entre-lula-motta-e-alcolumbre","status":"publish","type":"post","link":"http:\/\/www.orc.com.br\/novo\/politica\/congresso-vota-taxa-das-blusinhas-e-fim-da-6x1-apos-pacto-entre-lula-motta-e-alcolumbre.html","title":{"rendered":"Congresso vota taxa das blusinhas e fim da 6&#215;1 ap\u00f3s pacto entre Lula, Motta e Alcolumbre"},"content":{"rendered":"<div class=\"photos\">\n<div class=\"photo\"><img title=\"Danielle Brant\" src=\"https:\/\/www.estadao.com.br\/resizer\/v2\/https%3A%2F%2Fauthor-service-images-prod-us-east-1.publishing.aws.arc.pub%2Festadao%2FNCH7BULQ6JD5DFRRHGHK5HAVZU.png?quality=80&amp;auth=fa1ffa4bb9507af07bfc328a0c8c3e9b7b025994e1088192efe4977ccff9e538&amp;width=60&amp;height=60&amp;smart=true\" alt=\"Foto do autor Danielle Brant\" \/><\/div>\n<\/div>\n<div class=\"informs\">\n<div class=\"names\">Por <a title=\"Ir para p\u00e1gina do autor\" href=\"https:\/\/www.estadao.com.br\/autores\/danielle-brant\/\" data-component-name=\"pagina-autor\">Danielle Brant<\/a><\/div>\n<div>Estad\u00e3o<\/div>\n<div>\n<p class=\"styles__ParagraphStyled-sc-6adecn-0 geGWDE theme-default  \" data-component-name=\"paragraph\">No \u00faltimo esfor\u00e7o concentrado antes das elei\u00e7\u00f5es, o <a title=\"https:\/\/www.estadao.com.br\/tudo-sobre\/congresso-nacional\/?srsltid=AfmBOora_zm9TWgfBEHQkxkSg5ojSmO-lVlmXdY0rKwvAWiGd4CVKTnj\" href=\"https:\/\/www.estadao.com.br\/tudo-sobre\/congresso-nacional\/?srsltid=AfmBOora_zm9TWgfBEHQkxkSg5ojSmO-lVlmXdY0rKwvAWiGd4CVKTnj\" target=\"_blank\" rel=\"noopener\"><strong>Congresso<\/strong><\/a> se prepara para destravar boa parte da <a title=\"https:\/\/www.estadao.com.br\/politica\/lula-acerta-com-motta-e-alcolumbre-votacoes-de-6x1mp-das-blusinhas-terras-raras-e-pec-da-seguranca\/\" href=\"https:\/\/www.estadao.com.br\/politica\/lula-acerta-com-motta-e-alcolumbre-votacoes-de-6x1mp-das-blusinhas-terras-raras-e-pec-da-seguranca\/\" target=\"_blank\" rel=\"noopener noreferrer\"><strong>agenda priorit\u00e1ria do presidente Luiz In\u00e1cio Lula da Silva (PT)<\/strong><\/a>, em uma pauta que inclui a <a title=\"https:\/\/www.estadao.com.br\/economia\/governo-lula-anuncia-o-fim-da-taxa-das-blusinhas\" href=\"https:\/\/www.estadao.com.br\/economia\/governo-lula-anuncia-o-fim-da-taxa-das-blusinhas\" target=\"_blank\" rel=\"noopener noreferrer\"><strong>medida provis\u00f3ria que acaba com a taxa das blusinhas<\/strong><\/a> e as propostas de emenda \u00e0 Constitui\u00e7\u00e3o do <a title=\"https:\/\/www.estadao.com.br\/economia\/fim-da-escala-6x1-veja-o-que-pode-mudar-para-os-trabalhadores-se-a-reducao-de-jornada-for-aprovada\/\" href=\"https:\/\/www.estadao.com.br\/economia\/fim-da-escala-6x1-veja-o-que-pode-mudar-para-os-trabalhadores-se-a-reducao-de-jornada-for-aprovada\/\" target=\"_blank\" rel=\"noopener noreferrer\"><strong>fim da escala 6&#215;1<\/strong><\/a> e da <a title=\"https:\/\/www.estadao.com.br\/tudo-sobre\/seguranca-publica\" href=\"https:\/\/www.estadao.com.br\/tudo-sobre\/seguranca-publica\" target=\"_blank\" rel=\"noopener noreferrer\"><strong>Seguran\u00e7a P\u00fablica<\/strong><\/a>.<\/p>\n<p class=\"styles__ParagraphStyled-sc-6adecn-0 geGWDE theme-default  \" data-component-name=\"paragraph\">A movimenta\u00e7\u00e3o ocorre depois de uma reuni\u00e3o entre o petista e os presidentes da C\u00e2mara, <a title=\"https:\/\/www.estadao.com.br\/politica\/motta-avisa-que-nao-ha-consenso-para-votar-pl-da-misoginia-defendido-por-janja\/\" href=\"https:\/\/www.estadao.com.br\/politica\/motta-avisa-que-nao-ha-consenso-para-votar-pl-da-misoginia-defendido-por-janja\/\" target=\"_blank\" rel=\"noopener\"><strong>Hugo Motta<\/strong><\/a> (Republicanos-PB), e do Senado, <a title=\"https:\/\/www.estadao.com.br\/politica\/pec-da-escala-6x1-e-pec-da-seguranca-sao-oficialmente-despachadas-para-comissao-do-senado\/\" href=\"https:\/\/www.estadao.com.br\/politica\/pec-da-escala-6x1-e-pec-da-seguranca-sao-oficialmente-despachadas-para-comissao-do-senado\/\" target=\"_blank\" rel=\"noopener\"><strong>Davi Alcolumbre<\/strong><\/a> (Uni\u00e3o Brasil-AP) na \u00faltima quarta-feira, 26. Ao final do encontro, que teve como objetivo <a title=\"https:\/\/www.estadao.com.br\/politica\/pacto-entre-lula-motta-e-alcolumbre-tem-eleicoes-no-radar-promessas-de-apoio-e-uniao-contra-flavio\/\" href=\"https:\/\/www.estadao.com.br\/politica\/pacto-entre-lula-motta-e-alcolumbre-tem-eleicoes-no-radar-promessas-de-apoio-e-uniao-contra-flavio\/\" target=\"_blank\" rel=\"noopener noreferrer\"><strong>alinhar as pautas do governo no Congresso<\/strong><\/a>, Lula posou para fotos e disse: \u201cpoderia dizer \u2018juntos para sempre\u2019\u201d.<\/p>\n<div class=\"figure-image-container\">\n<figure class=\"styles__FigureImageWrapper-sc-1qk1vbn-0 lnSyuk figure-image-wrapper      \">\n<div class=\"figure-image-container\">\n<p>O resultado do pacto entre os tr\u00eas j\u00e1 rendeu frutos concretos no dia seguinte, quando Alcolumbre nomeou <a title=\"https:\/\/www.estadao.com.br\/economia\/relator-da-pec-do-fim-da-escala-6x1-no-senado-mantem-texto-aprovado-na-camara\/\" href=\"https:\/\/www.estadao.com.br\/economia\/relator-da-pec-do-fim-da-escala-6x1-no-senado-mantem-texto-aprovado-na-camara\/\" target=\"_blank\" rel=\"noopener noreferrer\"><strong>tr\u00eas governistas para relatar projetos do petista<\/strong><\/a>, depois de j\u00e1 ter escolhido um aliado de Lula, o senador <a title=\"https:\/\/www.estadao.com.br\/tudo-sobre\/omar-aziz\" href=\"https:\/\/www.estadao.com.br\/tudo-sobre\/omar-aziz\" target=\"_blank\" rel=\"noopener noreferrer\"><strong>Omar Aziz<\/strong><\/a> (PSD-AM), para dar o <a title=\"https:\/\/www.estadao.com.br\/economia\/relator-se-diz-favoravel-ao-fim-da-escala-6x1-e-quer-agilizar-votacao-na-ccj-do-senado\/\" href=\"https:\/\/www.estadao.com.br\/economia\/relator-se-diz-favoravel-ao-fim-da-escala-6x1-e-quer-agilizar-votacao-na-ccj-do-senado\/\" target=\"_blank\" rel=\"noopener noreferrer\"><strong>parecer da PEC que acaba com a escala 6&#215;1<\/strong><\/a> na Comiss\u00e3o de Constitui\u00e7\u00e3o e Justi\u00e7a do Senado (CCJ).<\/p>\n<p>A senadora <a title=\"https:\/\/www.estadao.com.br\/tudo-sobre\/leila-do-volei\" href=\"https:\/\/www.estadao.com.br\/tudo-sobre\/leila-do-volei\" target=\"_blank\" rel=\"noopener noreferrer\"><strong>Leila Barros<\/strong><\/a> (PDT-DF) vai relatar a MP da taxa das blusinhas. O projeto que institui a Pol\u00edtica Nacional de Minerais Cr\u00edticos e Estrat\u00e9gicos ter\u00e1 como relator o senador <a title=\"https:\/\/www.estadao.com.br\/tudo-sobre\/eduardo-braga\/?srsltid=AfmBOoqmxyVdowQV9c1EgZ5fqehem_zFuMD6yBxoDq_HqxEkv8O1epK5\" href=\"https:\/\/www.estadao.com.br\/tudo-sobre\/eduardo-braga\/?srsltid=AfmBOoqmxyVdowQV9c1EgZ5fqehem_zFuMD6yBxoDq_HqxEkv8O1epK5\" target=\"_blank\" rel=\"noopener\"><strong>Eduardo Braga<\/strong><\/a>(MDB-AM), enquanto a proposta de incentivos no Regime Especial de Tributa\u00e7\u00e3o para Servi\u00e7os de Data Center (Redata) foi atribu\u00edda ao senador <a title=\"https:\/\/www.estadao.com.br\/tudo-sobre\/cid-gomes\" href=\"https:\/\/www.estadao.com.br\/tudo-sobre\/cid-gomes\" target=\"_blank\" rel=\"noopener noreferrer\"><strong>Cid Gomes<\/strong><\/a> (PSB-CE). Os tr\u00eas concorrem \u00e0 reelei\u00e7\u00e3o ao Senado.<\/p>\n<\/div>\n<\/figure>\n<\/div>\n<\/div>\n<\/div>\n<div id=\"fb_share_1\" style=\"float: right; margin-left: 10px;\"><a name=\"fb_share\" type=\"button\" share_url=\"http:\/\/www.orc.com.br\/novo\/politica\/congresso-vota-taxa-das-blusinhas-e-fim-da-6x1-apos-pacto-entre-lula-motta-e-alcolumbre.html\" href=\"http:\/\/www.facebook.com\/sharer.php\">Share<\/a><\/div><div><script src=\"http:\/\/static.ak.fbcdn.net\/connect.php\/js\/FB.Share\" type=\"text\/javascript\"><\/script><\/div>","protected":false},"excerpt":{"rendered":"<p>Por Danielle Brant Estad\u00e3o No \u00faltimo esfor\u00e7o concentrado antes das elei\u00e7\u00f5es, o Congresso se prepara para destravar boa parte da agenda priorit\u00e1ria do presidente Luiz In\u00e1cio Lula da Silva (PT), em uma pauta que inclui a medida provis\u00f3ria que acaba com a taxa das blusinhas e as propostas de emenda \u00e0 Constitui\u00e7\u00e3o do fim da &#8230;<\/p>\n","protected":false},"author":3,"featured_media":160219,"comment_status":"open","ping_status":"open","sticky":false,"template":"","format":"standard","meta":[],"categories":[14],"tags":[],"jetpack_featured_media_url":"https:\/\/orc.com.br\/novo\/wp-content\/uploads\/2026\/08\/Lula31.jpg","_links":{"self":[{"href":"http:\/\/www.orc.com.br\/novo\/wp-json\/wp\/v2\/posts\/160218"}],"collection":[{"href":"http:\/\/www.orc.com.br\/novo\/wp-json\/wp\/v2\/posts"}],"about":[{"href":"http:\/\/www.orc.com.br\/novo\/wp-json\/wp\/v2\/types\/post"}],"author":[{"embeddable":true,"href":"http:\/\/www.orc.com.br\/novo\/wp-json\/wp\/v2\/users\/3"}],"replies":[{"embeddable":true,"href":"http:\/\/www.orc.com.br\/novo\/wp-json\/wp\/v2\/comments?post=160218"}],"version-history":[{"count":1,"href":"http:\/\/www.orc.com.br\/novo\/wp-json\/wp\/v2\/posts\/160218\/revisions"}],"predecessor-version":[{"id":160220,"href":"http:\/\/www.orc.com.br\/novo\/wp-json\/wp\/v2\/posts\/160218\/revisions\/160220"}],"wp:featuredmedia":[{"embeddable":true,"href":"http:\/\/www.orc.com.br\/novo\/wp-json\/wp\/v2\/media\/160219"}],"wp:attachment":[{"href":"http:\/\/www.orc.com.br\/novo\/wp-json\/wp\/v2\/media?parent=160218"}],"wp:term":[{"taxonomy":"category","embeddable":true,"href":"http:\/\/www.orc.com.br\/novo\/wp-json\/wp\/v2\/categories?post=160218"},{"taxonomy":"post_tag","embeddable":true,"href":"http:\/\/www.orc.com.br\/novo\/wp-json\/wp\/v2\/tags?post=160218"}],"curies":[{"name":"wp","href":"https:\/\/api.w.org\/{rel}","templated":true}]}}