{"id":160221,"date":"2026-08-31T06:36:09","date_gmt":"2026-08-31T09:36:09","guid":{"rendered":"https:\/\/www.orc.com.br\/novo\/?p=160221"},"modified":"2026-08-31T06:36:09","modified_gmt":"2026-08-31T09:36:09","slug":"por-que-mark-zuckerberg-da-meta-comprou-um-castelo-gotico-de-196-anos-na-irlanda","status":"publish","type":"post","link":"http:\/\/www.orc.com.br\/novo\/internacional\/por-que-mark-zuckerberg-da-meta-comprou-um-castelo-gotico-de-196-anos-na-irlanda.html","title":{"rendered":"Por que Mark Zuckerberg, da Meta, comprou um castelo g\u00f3tico de 196 anos na Irlanda"},"content":{"rendered":"<header class=\"styles__ContainerHeaderNoticiaBlockStyled-sc-17abcbt-0 ikFzgt\">\n<div class=\"container\">\n<div class=\"container-news-informs\">\n<div>\n<h1><\/h1>\n<\/div>\n<h2>Avaliado em cerca de US$ 35 milh\u00f5es, o castelo adquirido por Zuckerberg ilustra uma nova tend\u00eancia entre os ultrarricos americanos,<\/h2>\n<\/div>\n<\/div>\n<\/header>\n<div class=\"default__StyledWrapper-sc-1jubmr2-0 iIvkrZ styled-wrapper    \">\n<div class=\"styles__Tag-sc-1kqcjew-0 styles__TagStyled-sc-1kqcjew-1 dEOAIa bTRcNF container default-theme\">\n<div class=\"styles__Tag-sc-1kqcjew-0 styles__TagStyled-sc-1kqcjew-1 dEOAIa bTRcNF row\">\n<div class=\"styles__Tag-sc-1kqcjew-0 styles__TagStyled-sc-1kqcjew-1 dEOAIa bTRcNF col-12\">\n<div class=\"styles__AuthorsNoticiaContainerStyled-sc-q2i3u1-0 gpJpmR authors-noticia\">\n<div class=\"container-content authors-noticia-content --length-1\">\n<div class=\"informs\">\n<div class=\"names\">Por Emma Burleigh (Fortune)<\/div>\n<div class=\"date\"><\/div>\n<\/div>\n<\/div>\n<div class=\"button-gift-container\">\n<h2>Avaliado em cerca de US$ 35 milh\u00f5es, o castelo adquirido por Zuckerberg ilustra uma nova tend\u00eancia entre os ultrarricos americanos, agora interessados na aquisi\u00e7\u00e3o de im\u00f3veis hist\u00f3ricos no exterior<\/h2>\n<\/div>\n<\/div>\n<\/div>\n<\/div>\n<\/div>\n<\/div>\n<div class=\"default__StyledWrapper-sc-1jubmr2-0 iIvkrZ styled-wrapper    \">\n<div class=\"styles__Tag-sc-1kqcjew-0 styles__TagStyled-sc-1kqcjew-1 dEOAIa bTRcNF container default-theme\">\n<div class=\"styles__Tag-sc-1kqcjew-0 styles__TagStyled-sc-1kqcjew-1 dEOAIa bTRcNF row\">\n<div class=\"styles__Tag-sc-1kqcjew-0 styles__TagStyled-sc-1kqcjew-1 dEOAIa bTRcNF col-12\">\n<div class=\"paragraph\">\n<p>Zuckerberg e sua esposa, Priscilla Chan, compraram recentemente o Castelo de Strancally, em Waterford, na Irlanda: uma mans\u00e3o do s\u00e9culo 19, em estilo g\u00f3tico, com vista para o rio Blackwater, no sudeste do pa\u00eds.<\/p>\n<\/div>\n<\/div>\n<\/div>\n<\/div>\n<\/div>\n<div id=\"content\" class=\"styles__ContentWrapperContainerStyled-sc-1ehbu6v-0 iMMgpd content-wrapper -paywall-parent box\">\n<div class=\"styles__ContentWrapperContainerStyled-sc-1ehbu6v-0 iMMgpd content-wrapper news-body container content template-reportagem already-sliced already-checked\" data-paywall-wrapper=\"true\">\n<p class=\"styles__ParagraphStyled-sc-6adecn-0 geGWDE theme-default  \" data-component-name=\"paragraph\">A resid\u00eancia de tr\u00eas andares foi constru\u00edda em 1830 e posteriormente passou por uma ampla reforma em 2003. Segundo relatos, o im\u00f3vel conta com 11 quartos principais, uma fachada de pedra talhada em estilo neog\u00f3tico, 1486 metros quadrados de \u00e1rea habit\u00e1vel e extensos jardins que se espalham por 440 acres. Embora a transa\u00e7\u00e3o n\u00e3o tenha sido cadastrada no registro oficial irland\u00eas de pre\u00e7os de im\u00f3veis, o jornal <em>Irish Times<\/em> estima que a nova propriedade do casal bilion\u00e1rio possa valer entre \u20ac 20 milh\u00f5es (cerca de US$ 23,3 milh\u00f5es) e \u20ac 30 milh\u00f5es (aproximadamente US$ 35 milh\u00f5es).<\/p>\n<div class=\"container-lazy \">\n<div class=\"styles__ListaRecomendadasStyled-sc-1ambvjo-0 cpTHzY\">\n<div class=\"header\">\n<h3><\/h3>\n<\/div>\n<div class=\"styles__CarouselEstadaoStyled-sc-mp9jdl-0 htJfci carousel-estadao\">\n<div class=\"container-content\">\n<div class=\"container-item active cols-current-4\">\n<div class=\"element\"><\/div>\n<\/div>\n<\/div>\n<\/div>\n<\/div>\n<\/div>\n<figure class=\"styles__FigureImageWrapper-sc-1qk1vbn-0 lnSyuk figure-image-wrapper      \">\n<div class=\"figure-image-container\"><img src=\"https:\/\/www.estadao.com.br\/resizer\/v2\/PFNYWASKDRB3XHKLDZ3JNJVLCM.jpg?quality=80&amp;auth=1d6c40a7044f2fbfc85a726e3ff105af05f948adf1f4f728ac50c28a067b21ae&amp;width=380\" sizes=\"(max-width: 768px) 728px, (max-width: 1024px) 984px, 1322px\" srcset=\"https:\/\/www.estadao.com.br\/resizer\/v2\/PFNYWASKDRB3XHKLDZ3JNJVLCM.jpg?quality=80&amp;auth=1d6c40a7044f2fbfc85a726e3ff105af05f948adf1f4f728ac50c28a067b21ae&amp;width=380 768w, https:\/\/www.estadao.com.br\/resizer\/v2\/PFNYWASKDRB3XHKLDZ3JNJVLCM.jpg?quality=80&amp;auth=1d6c40a7044f2fbfc85a726e3ff105af05f948adf1f4f728ac50c28a067b21ae&amp;width=768 1024w, https:\/\/www.estadao.com.br\/resizer\/v2\/PFNYWASKDRB3XHKLDZ3JNJVLCM.jpg?quality=80&amp;auth=1d6c40a7044f2fbfc85a726e3ff105af05f948adf1f4f728ac50c28a067b21ae&amp;width=1200 1322w\" alt=\"O Castelo de Strancally est\u00e1 situado no condado de Waterford, a cerca de 150 quil\u00f4metros a sudoeste de Dublin\" data-srcset=\"https:\/\/www.estadao.com.br\/resizer\/v2\/PFNYWASKDRB3XHKLDZ3JNJVLCM.jpg?quality=80&amp;auth=1d6c40a7044f2fbfc85a726e3ff105af05f948adf1f4f728ac50c28a067b21ae&amp;width=380 768w, https:\/\/www.estadao.com.br\/resizer\/v2\/PFNYWASKDRB3XHKLDZ3JNJVLCM.jpg?quality=80&amp;auth=1d6c40a7044f2fbfc85a726e3ff105af05f948adf1f4f728ac50c28a067b21ae&amp;width=768 1024w, https:\/\/www.estadao.com.br\/resizer\/v2\/PFNYWASKDRB3XHKLDZ3JNJVLCM.jpg?quality=80&amp;auth=1d6c40a7044f2fbfc85a726e3ff105af05f948adf1f4f728ac50c28a067b21ae&amp;width=1200 1322w\" \/><\/div><figcaption class=\"ignore-change-font-for-app\">\n<div class=\"\">O Castelo de Strancally est\u00e1 situado no condado de Waterford, a cerca de 150 quil\u00f4metros a sudoeste de Dublin\u00a0Foto: Reprodu\u00e7\u00e3o<\/div>\n<\/figcaption><\/figure>\n<p class=\"styles__ParagraphStyled-sc-6adecn-0 geGWDE theme-default  \" data-component-name=\"paragraph\">Al\u00e9m do luxo e do apelo hist\u00f3rico, a compra pode ter tamb\u00e9m uma finalidade pr\u00e1tica para Zuckerberg. A sede internacional da Meta est\u00e1 localizada em Dublin, a cerca de 200 quil\u00f4metros do Castelo de Strancally. A fam\u00edlia n\u00e3o viver\u00e1 na Irlanda em tempo integral, mas a propriedade servir\u00e1 como uma base residencial na Europa.<\/p>\n<p class=\"styles__ParagraphStyled-sc-6adecn-0 geGWDE theme-default  \" data-component-name=\"paragraph\">\u201cMark e sua fam\u00edlia est\u00e3o entusiasmados em continuar cuidando desta casa hist\u00f3rica e ansiosos para passar algum tempo na Irlanda, onde a Meta mant\u00e9m sua sede internacional\u201d, disse Brian Baker, porta-voz de Zuckerberg, \u00e0 Fortune.<\/p>\n<div class=\"styles__IntertitleWrapper-sc-vje7ac-0 jLslCd intertitle-wrapper   theme-default\">\n<h3 id=\"americanos-ricos-estao-comprando-mansoes-na-europa\">Americanos ricos est\u00e3o comprando mans\u00f5es na Europa<\/h3>\n<\/div>\n<p class=\"styles__ParagraphStyled-sc-6adecn-0 geGWDE theme-default  \" data-component-name=\"paragraph\">Zuckerberg \u00e9 apenas um dos muitos americanos ricos que est\u00e3o acrescentando endere\u00e7os no exterior aos seus portf\u00f3lios imobili\u00e1rios.<\/p>\n<div class=\"container-lazy \">\n<div class=\"styles__Container-sc-1kqto0p-0 kEQlLa\" title=\"Estad\u00e3o Conectado\">\n<div class=\"box\"><picture class=\"image\"><source srcset=\"https:\/\/assets-dev.estadao.com.br\/onboarding\/img-mobile-newsletter-conectado.png\" media=\"(max-width:576px)\" \/><source srcset=\"https:\/\/assets-dev.estadao.com.br\/onboarding\/img-desk-newsletter-conectado.png\" media=\"(max-width:1322px)\" \/><\/picture>\n<div class=\"form\">\n<div class=\"title-newsletter\">newsletter<\/div>\n<div class=\"title\">Estad\u00e3o Conectado<\/div>\n<div class=\"description\">Comece o dia com as principais not\u00edcias, al\u00e9m de colunas e links selecionados, de segunda a sexta.<\/div>\n<div class=\"buttonContainer\"><\/div>\n<\/div>\n<\/div>\n<\/div>\n<\/div>\n<p class=\"styles__ParagraphStyled-sc-6adecn-0 geGWDE theme-default  \" data-component-name=\"paragraph\">Em 2019, o bilion\u00e1rio dos fundos de investimento <a title=\"https:\/\/www.estadao.com.br\/einvestidor\/onde-investir\/ken-griffin-aposta-miami-centro-financeiro-eua\/?srsltid=AfmBOoo0Vy-UZ5P88j89pugV8RDkS58qFsinwX5Htp0OouFNUwHfxd8K\" href=\"https:\/\/www.estadao.com.br\/einvestidor\/onde-investir\/ken-griffin-aposta-miami-centro-financeiro-eua\/?srsltid=AfmBOoo0Vy-UZ5P88j89pugV8RDkS58qFsinwX5Htp0OouFNUwHfxd8K\" target=\"_blank\" rel=\"noopener\"><strong>Ken Griffin<\/strong><\/a> comprou uma mans\u00e3o georgiana de US$ 122 milh\u00f5es perto do Pal\u00e1cio de Buckingham \u2014 que, na \u00e9poca, foi a venda mais cara de Londres em mais de uma d\u00e9cada. A mans\u00e3o de cerca de 1.486 metros quadrados, localizada no n\u00famero 3 de Carlton Gardens, ostenta um spa e uma piscina coberta, al\u00e9m de uma hist\u00f3ria marcante, tendo servido como sede do general e ex-presidente franc\u00eas Charles de Gaulle durante a guerra.<\/p>\n<p class=\"styles__ParagraphStyled-sc-6adecn-0 geGWDE theme-default  \" data-component-name=\"paragraph\">Outros americanos ultrarricos, incluindo George Clooney, Tom Ford e o ex-CEO do Google <a title=\"https:\/\/www.estadao.com.br\/link\/empresas\/se-voce-quer-ser-bem-sucedido-em-tecnologia-precisa-fazer-concessoes-diz-ex-google\/?srsltid=AfmBOoqlQjsICzasqLOzRw1u1ki9CjGEkKcxXuu6OzSsxCpxcBzbdCFW\" href=\"https:\/\/www.estadao.com.br\/link\/empresas\/se-voce-quer-ser-bem-sucedido-em-tecnologia-precisa-fazer-concessoes-diz-ex-google\/?srsltid=AfmBOoqlQjsICzasqLOzRw1u1ki9CjGEkKcxXuu6OzSsxCpxcBzbdCFW\" target=\"_blank\" rel=\"noopener\"><strong>Eric Schmidt<\/strong><\/a>, tamb\u00e9m acrescentaram resid\u00eancias europeias aos seus portf\u00f3lios.<\/p>\n<p class=\"styles__ParagraphStyled-sc-6adecn-0 geGWDE theme-default  \" data-component-name=\"paragraph\">A tend\u00eancia n\u00e3o se restringe aos famosos. Os magnatas an\u00f4nimos tamb\u00e9m v\u00eam demonstrando interesse por im\u00f3veis no Reino Unido, em busca de estabilidade enquanto os Estados Unidos enfrentam um custo de vida crescente, polariza\u00e7\u00e3o pol\u00edtica e incerteza econ\u00f4mica.<\/p>\n<p class=\"styles__ParagraphStyled-sc-6adecn-0 geGWDE theme-default  \" data-component-name=\"paragraph\">Neste ano, Londres registrou um aumento impressionante no n\u00famero de vendas avaliadas em mais de \u00a3 15 milh\u00f5es (US$ 20 milh\u00f5es) \u2014 e os americanos est\u00e3o impulsionando grande parte desse movimento, segundo a empresa de im\u00f3veis de luxo Beauchamp Estates. Estima-se que \u00a3 1,24 bilh\u00e3o (US$ 1,66 bilh\u00e3o) em im\u00f3veis tenha sido vendido em 34 transa\u00e7\u00f5es entre janeiro e junho de 2026, em compara\u00e7\u00e3o com US$ 928 milh\u00f5es em vendas de 27 propriedades no mesmo per\u00edodo de 2025.<\/p>\n<p class=\"styles__ParagraphStyled-sc-6adecn-0 geGWDE theme-default  \" data-component-name=\"paragraph\">No primeiro semestre deste ano, os americanos responderam por 30% de todas as vendas de im\u00f3veis acima de US$ 20 milh\u00f5es \u2014 ante 20% no fim de 2025 \u2014 ajudando a impulsionar em US$ 730 milh\u00f5es o valor desse mercado em apenas seis meses.<\/p>\n<p class=\"styles__ParagraphStyled-sc-6adecn-0 geGWDE theme-default  \" data-component-name=\"paragraph\">A empresa imobili\u00e1ria afirma que a nova riqueza gerada pelo setor de tecnologia, as condi\u00e7\u00f5es favor\u00e1veis de compra e a incerteza em torno do governo Trump est\u00e3o levando mais americanos ao mercado imobili\u00e1rio de luxo da cidade.<\/p>\n<\/div>\n<\/div>\n<div id=\"fb_share_1\" style=\"float: right; margin-left: 10px;\"><a name=\"fb_share\" type=\"button\" share_url=\"http:\/\/www.orc.com.br\/novo\/internacional\/por-que-mark-zuckerberg-da-meta-comprou-um-castelo-gotico-de-196-anos-na-irlanda.html\" href=\"http:\/\/www.facebook.com\/sharer.php\">Share<\/a><\/div><div><script src=\"http:\/\/static.ak.fbcdn.net\/connect.php\/js\/FB.Share\" type=\"text\/javascript\"><\/script><\/div>","protected":false},"excerpt":{"rendered":"<p>Avaliado em cerca de US$ 35 milh\u00f5es, o castelo adquirido por Zuckerberg ilustra uma nova tend\u00eancia entre os ultrarricos americanos, Por Emma Burleigh (Fortune) Avaliado em cerca de US$ 35 milh\u00f5es, o castelo adquirido por Zuckerberg ilustra uma nova tend\u00eancia entre os ultrarricos americanos, agora interessados na aquisi\u00e7\u00e3o de im\u00f3veis hist\u00f3ricos no exterior Zuckerberg e &#8230;<\/p>\n","protected":false},"author":3,"featured_media":160222,"comment_status":"open","ping_status":"open","sticky":false,"template":"","format":"standard","meta":[],"categories":[24],"tags":[],"jetpack_featured_media_url":"https:\/\/orc.com.br\/novo\/wp-content\/uploads\/2026\/08\/Castelo.jpg","_links":{"self":[{"href":"http:\/\/www.orc.com.br\/novo\/wp-json\/wp\/v2\/posts\/160221"}],"collection":[{"href":"http:\/\/www.orc.com.br\/novo\/wp-json\/wp\/v2\/posts"}],"about":[{"href":"http:\/\/www.orc.com.br\/novo\/wp-json\/wp\/v2\/types\/post"}],"author":[{"embeddable":true,"href":"http:\/\/www.orc.com.br\/novo\/wp-json\/wp\/v2\/users\/3"}],"replies":[{"embeddable":true,"href":"http:\/\/www.orc.com.br\/novo\/wp-json\/wp\/v2\/comments?post=160221"}],"version-history":[{"count":1,"href":"http:\/\/www.orc.com.br\/novo\/wp-json\/wp\/v2\/posts\/160221\/revisions"}],"predecessor-version":[{"id":160223,"href":"http:\/\/www.orc.com.br\/novo\/wp-json\/wp\/v2\/posts\/160221\/revisions\/160223"}],"wp:featuredmedia":[{"embeddable":true,"href":"http:\/\/www.orc.com.br\/novo\/wp-json\/wp\/v2\/media\/160222"}],"wp:attachment":[{"href":"http:\/\/www.orc.com.br\/novo\/wp-json\/wp\/v2\/media?parent=160221"}],"wp:term":[{"taxonomy":"category","embeddable":true,"href":"http:\/\/www.orc.com.br\/novo\/wp-json\/wp\/v2\/categories?post=160221"},{"taxonomy":"post_tag","embeddable":true,"href":"http:\/\/www.orc.com.br\/novo\/wp-json\/wp\/v2\/tags?post=160221"}],"curies":[{"name":"wp","href":"https:\/\/api.w.org\/{rel}","templated":true}]}}