{"id":160224,"date":"2026-08-31T14:26:51","date_gmt":"2026-08-31T17:26:51","guid":{"rendered":"https:\/\/www.orc.com.br\/novo\/?p=160224"},"modified":"2026-08-31T14:26:51","modified_gmt":"2026-08-31T17:26:51","slug":"augusto-cury-cresce-em-duas-pesquisas-e-aparece-em-3o-lugar-na-corrida-presidencial","status":"publish","type":"post","link":"http:\/\/www.orc.com.br\/novo\/brasil\/augusto-cury-cresce-em-duas-pesquisas-e-aparece-em-3o-lugar-na-corrida-presidencial.html","title":{"rendered":"Augusto Cury cresce em duas pesquisas e aparece em 3\u00ba lugar na corrida presidencial"},"content":{"rendered":"<p>&nbsp;<\/p>\n<p class=\"styles__ParagraphStyled-sc-6adecn-0 geGWDE theme-default  \" data-component-name=\"paragraph\">O escritor <a title=\"https:\/\/www.estadao.com.br\/tudo-sobre\/augusto-cury\/\" href=\"https:\/\/www.estadao.com.br\/tudo-sobre\/augusto-cury\/\" target=\"_blank\" rel=\"noopener noreferrer\"><strong>Augusto Cury<\/strong><\/a> (Avante) alcan\u00e7ou o terceiro lugar na disputa presidencial pelo primeiro turno nas pesquisas <a title=\"https:\/\/www.estadao.com.br\/politica\/lula-tem-471-e-flavio-bolsonaro-registra-426-no-segundo-turno-aponta-pesquisa-atlas\/\" href=\"https:\/\/www.estadao.com.br\/politica\/lula-tem-471-e-flavio-bolsonaro-registra-426-no-segundo-turno-aponta-pesquisa-atlas\/\" target=\"_blank\" rel=\"noopener noreferrer\"><strong>Atlas\/Bloomberg <\/strong><\/a>e <a title=\"https:\/\/www.estadao.com.br\/politica\/eleicoes\/btgnexus-lula-tem-46-das-intencoes-de-vota-contra-45-de-flavio-bolsonaro-em-cenario-de-2-turno\/\" href=\"https:\/\/www.estadao.com.br\/politica\/eleicoes\/btgnexus-lula-tem-46-das-intencoes-de-vota-contra-45-de-flavio-bolsonaro-em-cenario-de-2-turno\/\" target=\"_blank\" rel=\"noopener noreferrer\"><strong>BTG\/Nexus<\/strong><\/a> divulgadas na manh\u00e3 desta segunda-feira, 31. O candidato do Avante chegou a atingir dois d\u00edgitos no levantamento BTG\/Nexus, saltando de 2% a 11% das inten\u00e7\u00f5es de voto. No estudo Atlas\/Bloomberg, ele atingiu 7,8%, ap\u00f3s sair de 1,6% na pesquisa passada. Na semana passada, o <strong>Estad\u00e3o<\/strong> registrou que <a title=\"https:\/\/www.estadao.com.br\/politica\/videos-de-augusto-cury-inundam-redes-candidato-ganha-milhoes-de-seguidores-e-mira-sabatina-da-globo\/\" href=\"https:\/\/www.estadao.com.br\/politica\/videos-de-augusto-cury-inundam-redes-candidato-ganha-milhoes-de-seguidores-e-mira-sabatina-da-globo\/\" target=\"_blank\" rel=\"noopener noreferrer\"><strong>v\u00eddeos do escritor inundaram as redes, com milh\u00f5es de visualiza\u00e7\u00f5es<\/strong><\/a>.<\/p>\n<p class=\"styles__ParagraphStyled-sc-6adecn-0 geGWDE theme-default  \" data-component-name=\"paragraph\">O presidente <a title=\"https:\/\/www.estadao.com.br\/tudo-sobre\/lula-luiz-inacio-lula-da-silva\/\" href=\"https:\/\/www.estadao.com.br\/tudo-sobre\/lula-luiz-inacio-lula-da-silva\/\" target=\"_blank\" rel=\"noopener noreferrer\"><strong>Luiz In\u00e1cio Lula da Silva <\/strong><\/a>(PT) e o senador<a title=\"https:\/\/www.estadao.com.br\/tudo-sobre\/flavio-bolsonaro\/\" href=\"https:\/\/www.estadao.com.br\/tudo-sobre\/flavio-bolsonaro\/\" target=\"_blank\" rel=\"noopener noreferrer\"><strong> Fl\u00e1vio Bolsonaro<\/strong><\/a> (PL) seguem na lideran\u00e7a. O petista tem 43,4% dos votos contra 33,7% de Fl\u00e1vio no primeiro tempo, segundo a pesquisa Atlas. No levantamento BTG\/Nexus, Lula marca 39% e Fl\u00e1vio 33%.<\/p>\n<p data-component-name=\"paragraph\">Na BTG\/Nexus, Caiado aparece em quarto, com 5%. Em seguida, com 3%, vem Renan Santos, e Romeu Zema (Novo) registrou 1%. Brancos e nulos somam 3% e n\u00e3o sabem ou n\u00e3o responderam 3%. Em outra proje\u00e7\u00e3o de 1\u00ba turno, o coach Pablo Mar\u00e7al, que est\u00e1 ineleg\u00edvel por decis\u00e3o da Justi\u00e7a Eleitoral, pontua 3%.<\/p>\n<p data-component-name=\"paragraph\">\n<div id=\"fb_share_1\" style=\"float: right; margin-left: 10px;\"><a name=\"fb_share\" type=\"button\" share_url=\"http:\/\/www.orc.com.br\/novo\/brasil\/augusto-cury-cresce-em-duas-pesquisas-e-aparece-em-3o-lugar-na-corrida-presidencial.html\" href=\"http:\/\/www.facebook.com\/sharer.php\">Share<\/a><\/div><div><script src=\"http:\/\/static.ak.fbcdn.net\/connect.php\/js\/FB.Share\" type=\"text\/javascript\"><\/script><\/div>","protected":false},"excerpt":{"rendered":"<p>&nbsp; O escritor Augusto Cury (Avante) alcan\u00e7ou o terceiro lugar na disputa presidencial pelo primeiro turno nas pesquisas Atlas\/Bloomberg e BTG\/Nexus divulgadas na manh\u00e3 desta segunda-feira, 31. O candidato do Avante chegou a atingir dois d\u00edgitos no levantamento BTG\/Nexus, saltando de 2% a 11% das inten\u00e7\u00f5es de voto. No estudo Atlas\/Bloomberg, ele atingiu 7,8%, ap\u00f3s &#8230;<\/p>\n","protected":false},"author":3,"featured_media":160225,"comment_status":"open","ping_status":"open","sticky":false,"template":"","format":"standard","meta":[],"categories":[1],"tags":[8],"jetpack_featured_media_url":"https:\/\/orc.com.br\/novo\/wp-content\/uploads\/2026\/08\/AugustoCury.webp","_links":{"self":[{"href":"http:\/\/www.orc.com.br\/novo\/wp-json\/wp\/v2\/posts\/160224"}],"collection":[{"href":"http:\/\/www.orc.com.br\/novo\/wp-json\/wp\/v2\/posts"}],"about":[{"href":"http:\/\/www.orc.com.br\/novo\/wp-json\/wp\/v2\/types\/post"}],"author":[{"embeddable":true,"href":"http:\/\/www.orc.com.br\/novo\/wp-json\/wp\/v2\/users\/3"}],"replies":[{"embeddable":true,"href":"http:\/\/www.orc.com.br\/novo\/wp-json\/wp\/v2\/comments?post=160224"}],"version-history":[{"count":1,"href":"http:\/\/www.orc.com.br\/novo\/wp-json\/wp\/v2\/posts\/160224\/revisions"}],"predecessor-version":[{"id":160226,"href":"http:\/\/www.orc.com.br\/novo\/wp-json\/wp\/v2\/posts\/160224\/revisions\/160226"}],"wp:featuredmedia":[{"embeddable":true,"href":"http:\/\/www.orc.com.br\/novo\/wp-json\/wp\/v2\/media\/160225"}],"wp:attachment":[{"href":"http:\/\/www.orc.com.br\/novo\/wp-json\/wp\/v2\/media?parent=160224"}],"wp:term":[{"taxonomy":"category","embeddable":true,"href":"http:\/\/www.orc.com.br\/novo\/wp-json\/wp\/v2\/categories?post=160224"},{"taxonomy":"post_tag","embeddable":true,"href":"http:\/\/www.orc.com.br\/novo\/wp-json\/wp\/v2\/tags?post=160224"}],"curies":[{"name":"wp","href":"https:\/\/api.w.org\/{rel}","templated":true}]}}