{"id":160227,"date":"2026-08-31T14:30:20","date_gmt":"2026-08-31T17:30:20","guid":{"rendered":"https:\/\/www.orc.com.br\/novo\/?p=160227"},"modified":"2026-08-31T14:30:20","modified_gmt":"2026-08-31T17:30:20","slug":"messi-oficializa-aposentadoria-da-selecao-argentina-nao-tenho-mais-nada-a-dar","status":"publish","type":"post","link":"http:\/\/www.orc.com.br\/novo\/esportes\/messi-oficializa-aposentadoria-da-selecao-argentina-nao-tenho-mais-nada-a-dar.html","title":{"rendered":"Messi oficializa aposentadoria da sele\u00e7\u00e3o argentina: \u2018N\u00e3o tenho mais nada a dar\u2019"},"content":{"rendered":"<p class=\"styles__ParagraphStyled-sc-6adecn-0 geGWDE theme-default  \" data-component-name=\"paragraph\">hegou ao fim oficialmente, nesta segunda-feira, a jornada de <a title=\"https:\/\/www.estadao.com.br\/tudo-sobre\/messi\/?srsltid=AfmBOopUuF1qEY-OZyweu0IchdsT8A-XNX62mhOhJ5XMIikfsm4I8cen\" href=\"https:\/\/www.estadao.com.br\/tudo-sobre\/messi\/?srsltid=AfmBOopUuF1qEY-OZyweu0IchdsT8A-XNX62mhOhJ5XMIikfsm4I8cen\" target=\"_blank\" rel=\"noopener\">Lionel Messi<\/a> na <a title=\"https:\/\/www.estadao.com.br\/tudo-sobre\/selecao-argentina-masculina-de-futebol\/?srsltid=AfmBOorG8DA3yZwISx6kVP949K-ErM79d4jY7wWQ82ibBOZg9ircJ0Zl\" href=\"https:\/\/www.estadao.com.br\/tudo-sobre\/selecao-argentina-masculina-de-futebol\/?srsltid=AfmBOorG8DA3yZwISx6kVP949K-ErM79d4jY7wWQ82ibBOZg9ircJ0Zl\" target=\"_blank\" rel=\"noopener\">sele\u00e7\u00e3o argentina<\/a>. O astro, campe\u00e3o mundial em 2022 no Catar, refletiu no \u00faltimo m\u00eas ap\u00f3s o vice diante da Espanha sobre sua jornada defendendo as cores do pa\u00eds e resolveu dar um ponto final.<\/p>\n<div class=\"styles__MultiParagraphAdStyled-sc-1yb8ue6-0 kAOghv theme-default\" data-component-name=\"multi-paragraph\">\n<div class=\"paragraph\">\n<p>\u201cDepois de todo esse tempo desde a final, e depois de pensar muito sobre isso, quero dizer a todos que estou me aposentando da sele\u00e7\u00e3o nacional\u201d, oficializou o camisa 10 em carta divulgada nas redes sociais. \u201cFoi uma decis\u00e3o que doeu e ainda d\u00f3i profundamente, mas entendo que este \u00e9 o momento certo\u201d, explicou.<\/p>\n<\/div>\n<\/div>\n<p class=\"styles__ParagraphStyled-sc-6adecn-0 geGWDE theme-default  \" data-component-name=\"paragraph\">Artilheiro da Argentina na Copa do Mundo de 2026, com oito gols, Messi deixa a sele\u00e7\u00e3o com 207 partidas disputadas, 125 bolas nas redes e 65 assist\u00eancia. Al\u00e9m do tricampeonato erguido no Catar, ganhou a Copa Am\u00e9rica por duas vezes (2021 e 2024) a Final\u00edssima de 2022, al\u00e9m do ouro ol\u00edmpico em Pequim-2008.<\/p>\n<p class=\"styles__ParagraphStyled-sc-6adecn-0 geGWDE theme-default  \" data-component-name=\"paragraph\">Juro que sempre dei tudo, n\u00e3o s\u00f3 nesses \u00faltimos anos quando vencemos tudo, mas antes disso tamb\u00e9m. Sempre lutei e dei tudo por esta camisa, para trazer felicidade a voc\u00eas e fazer voc\u00eas se sentirem orgulhosos de ser argentinos atrav\u00e9s do futebol\u201d, destacou.<\/p>\n<p class=\"styles__ParagraphStyled-sc-6adecn-0 geGWDE theme-default  \" data-component-name=\"paragraph\">Aos 38 anos e j\u00e1 curtindo os \u00faltimos momentos da brilhante carreira, o astro do Inter Miami, dos Estados Unidos, admitiu que n\u00e3o conseguiria seguir atuando em alto n\u00edvel com a Argentina, mesmo sendo um dos maiores nomes da Copa do Mundo.<\/p>\n<p class=\"styles__ParagraphStyled-sc-6adecn-0 geGWDE theme-default  \" data-component-name=\"paragraph\">\u201cN\u00e3o resta muito tempo, e cap\u00edtulos diferentes est\u00e3o chegando ao fim. Este \u00e9 um que me d\u00f3i muito. Eu amo, amei e sempre vou amar fazer parte da sele\u00e7\u00e3o nacional. Dei tudo o que tinha, e n\u00e3o tenho mais nada a dar\u201d, admitiu. \u201cAl\u00e9m disso, h\u00e1 grandes jovens jogadores surgindo que merecem estar aqui.\u201d<\/p>\n<div id=\"fb_share_1\" style=\"float: right; margin-left: 10px;\"><a name=\"fb_share\" type=\"button\" share_url=\"http:\/\/www.orc.com.br\/novo\/esportes\/messi-oficializa-aposentadoria-da-selecao-argentina-nao-tenho-mais-nada-a-dar.html\" href=\"http:\/\/www.facebook.com\/sharer.php\">Share<\/a><\/div><div><script src=\"http:\/\/static.ak.fbcdn.net\/connect.php\/js\/FB.Share\" type=\"text\/javascript\"><\/script><\/div>","protected":false},"excerpt":{"rendered":"<p>hegou ao fim oficialmente, nesta segunda-feira, a jornada de Lionel Messi na sele\u00e7\u00e3o argentina. O astro, campe\u00e3o mundial em 2022 no Catar, refletiu no \u00faltimo m\u00eas ap\u00f3s o vice diante da Espanha sobre sua jornada defendendo as cores do pa\u00eds e resolveu dar um ponto final. \u201cDepois de todo esse tempo desde a final, e &#8230;<\/p>\n","protected":false},"author":3,"featured_media":160228,"comment_status":"open","ping_status":"open","sticky":false,"template":"","format":"standard","meta":[],"categories":[5],"tags":[8],"jetpack_featured_media_url":"https:\/\/orc.com.br\/novo\/wp-content\/uploads\/2026\/08\/Messi1.webp","_links":{"self":[{"href":"http:\/\/www.orc.com.br\/novo\/wp-json\/wp\/v2\/posts\/160227"}],"collection":[{"href":"http:\/\/www.orc.com.br\/novo\/wp-json\/wp\/v2\/posts"}],"about":[{"href":"http:\/\/www.orc.com.br\/novo\/wp-json\/wp\/v2\/types\/post"}],"author":[{"embeddable":true,"href":"http:\/\/www.orc.com.br\/novo\/wp-json\/wp\/v2\/users\/3"}],"replies":[{"embeddable":true,"href":"http:\/\/www.orc.com.br\/novo\/wp-json\/wp\/v2\/comments?post=160227"}],"version-history":[{"count":1,"href":"http:\/\/www.orc.com.br\/novo\/wp-json\/wp\/v2\/posts\/160227\/revisions"}],"predecessor-version":[{"id":160229,"href":"http:\/\/www.orc.com.br\/novo\/wp-json\/wp\/v2\/posts\/160227\/revisions\/160229"}],"wp:featuredmedia":[{"embeddable":true,"href":"http:\/\/www.orc.com.br\/novo\/wp-json\/wp\/v2\/media\/160228"}],"wp:attachment":[{"href":"http:\/\/www.orc.com.br\/novo\/wp-json\/wp\/v2\/media?parent=160227"}],"wp:term":[{"taxonomy":"category","embeddable":true,"href":"http:\/\/www.orc.com.br\/novo\/wp-json\/wp\/v2\/categories?post=160227"},{"taxonomy":"post_tag","embeddable":true,"href":"http:\/\/www.orc.com.br\/novo\/wp-json\/wp\/v2\/tags?post=160227"}],"curies":[{"name":"wp","href":"https:\/\/api.w.org\/{rel}","templated":true}]}}