{"id":160235,"date":"2026-09-01T10:42:19","date_gmt":"2026-09-01T13:42:19","guid":{"rendered":"https:\/\/www.orc.com.br\/novo\/?p=160235"},"modified":"2026-09-01T10:42:19","modified_gmt":"2026-09-01T13:42:19","slug":"dialogos-extraidos-do-celular-de-vorcaro-implica-alexandre-de-moraes","status":"publish","type":"post","link":"http:\/\/www.orc.com.br\/novo\/brasil\/dialogos-extraidos-do-celular-de-vorcaro-implica-alexandre-de-moraes.html","title":{"rendered":"Di\u00e1logos extra\u00eddos do celular de Vorcaro implica Alexandre de Moraes"},"content":{"rendered":"<h2>Di\u00e1logos extra\u00eddos do celular do banqueiro indicam apelos de Daniel Vorcaro, at\u00e9 poucas horas antes de ser preso, para que o ministro recorresse ao diretor-geral da Pol\u00edcia Federal e ao procurador-geral da Rep\u00fablica para colocar freios na Opera\u00e7\u00e3o Compliance Zero; \u2018Estad\u00e3o\u2019 pediu manifesta\u00e7\u00e3o dos citados<\/h2>\n<p>Uma longa troca de mensagens entre o dono do <a href=\"https:\/\/www.estadao.com.br\/tudo-sobre\/banco-master\/\">Banco Master<\/a>, <a href=\"https:\/\/www.estadao.com.br\/tudo-sobre\/daniel-vorcaro\/\">Daniel Vorcaro<\/a>, e o ministro do <a href=\"https:\/\/www.estadao.com.br\/tudo-sobre\/stf-supremo-tribunal-federal\/\">Supremo Tribunal Federal (STF)<\/a> <a href=\"https:\/\/www.estadao.com.br\/tudo-sobre\/alexandre-de-moraes\/\">Alexandre de Moraes<\/a> indica que o banqueiro pediu reiteradamente ao ministro para que interviesse junto ao diretor-geral da <a href=\"https:\/\/www.estadao.com.br\/tudo-sobre\/policia-federal\/\">Pol\u00edcia Federal<\/a>, delegado <a href=\"https:\/\/www.estadao.com.br\/tudo-sobre\/andrei-passos-rodrigues\/\">Andrei Rodrigues<\/a>, e ao procurador-geral da Rep\u00fablica, <a href=\"https:\/\/www.estadao.com.br\/tudo-sobre\/paulo-gonet\/\">Paulo Gonet<\/a>, para travar as investiga\u00e7\u00f5es sobre neg\u00f3cios fraudulentos da institui\u00e7\u00e3o financeira. As mensagens foram extra\u00eddas do celular do banqueiro e obtidas pelo <strong>Estad\u00e3o<\/strong>.<\/p>\n<p data-component-name=\"paragraph\">A reportagem pediu manifesta\u00e7\u00e3o do ministro Alexandre de Moraes, do diretor-geral da Pol\u00edcia Federal, Andrei Rodrigues, do procurador-geral da Rep\u00fablica, Paulo Gonet, e da defesa de Daniel Vorcaro. O espa\u00e7o segue aberto.<\/p>\n<p>&nbsp;<\/p>\n<p data-component-name=\"paragraph\">O primeiro pedido de Vorcaro a Moraes no sentido de que o ministro tentasse influenciar a c\u00fapula da Pol\u00edcia Federal e do Minist\u00e9rio P\u00fablico ocorreu em 30 de outubro de 2025. O banqueiro disse ao ministro que era \u201cimportante refor\u00e7ar\u201d, com Andrei Rodrigues e Paulo Gonet, a orienta\u00e7\u00e3o para que \u201cningu\u00e9m de baixo\u201d \u2013 uma refer\u00eancia a delegados e a procuradores \u2013 fizesse \u201cuma sacanagem\u201d com o Banco Master, que, \u00e0 \u00e9poca, estava prestes a anunciar uma alegada venda para um cons\u00f3rcio formado pela <a href=\"https:\/\/www.estadao.com.br\/economia\/o-que-e-o-grupo-fictor-tentou-comprar-banco-master-pediu-recuperacao-judicial-npr\/\">Fictor Holding Financeira<\/a> e por investidores dos <a href=\"https:\/\/www.estadao.com.br\/tudo-sobre\/emirados-arabes-unidos-asia\/\">Emirados \u00c1rabes Unidos<\/a>.<\/p>\n<p>Em di\u00e1logo, Vorcaro disse a Moraes que era &#8216;importante refor\u00e7ar&#8217;, com Andrei Rodrigues e Paulo Gonet, a orienta\u00e7\u00e3o para que &#8216;ningu\u00e9m de baixo&#8217; \u2013 uma refer\u00eancia a delegados e a procuradores \u2013 fizesse &#8216;uma sacanagem&#8217; com o Banco Master\u00a0Foto: Reprodu\u00e7\u00e3o\/Estad\u00e3o<\/p>\n<p>Na ocasi\u00e3o da troca de mensagens entre o banqueiro e o ministro, <a href=\"https:\/\/www.estadao.com.br\/politica\/blog-do-fausto-macedo\/mulher-de-moraes-enviou-contrato-de-r-129-milhoes-diretamente-a-vorcaro-mostram-dialogos\/\">Vorcaro j\u00e1 havia firmado um contrato de R$ 131 milh\u00f5es com o escrit\u00f3rio de advocacia da mulher de Moraes, Viviane Barci<\/a>. Em outubro de 2024, o <a href=\"https:\/\/www.estadao.com.br\/politica\/master-pagou-r-802-milhoes-a-escritorio-de-mulher-de-moraes-em-22-meses\/\">Master havia repassado R$ 80 milh\u00f5es para a conta do escrit\u00f3rio<\/a>, segundo dados do Imposto de Renda do banco compartilhados com a <a href=\"https:\/\/www.estadao.com.br\/tudo-sobre\/cpi-do-crime-organizado\/\">CPI do Crime Organizado<\/a>.<\/p>\n<p data-component-name=\"paragraph\">As solicita\u00e7\u00f5es incisivas do banqueiro para que o ministro entrasse em contato com Andrei Rodrigues e Paulo Gonet para tratar do caso Master se estenderam at\u00e9 cinco horas antes de sua pris\u00e3o, que se deu na noite de 17 de novembro, no Aeroporto Internacional de S\u00e3o Paulo, em Guarulhos. Ele estava na imin\u00eancia de embarcar para Dubai, nos Emirados \u00c1rabes Unidos, quando foi detido.<\/p>\n<p>\u00c0s 16h57 de 16 de novembro, Vorcaro perguntou ao ministro se o diretor-geral da PF teria condi\u00e7\u00f5es de adiar o cumprimento das medidas cautelares que se avizinhavam. Na avalia\u00e7\u00e3o de investigadores, o teor das conversas e apelos do banqueiro a Moraes indica que Vorcaro sabia da primeira fase da <a href=\"https:\/\/www.estadao.com.br\/tudo-sobre\/operacao-compliance-zero\/\">Opera\u00e7\u00e3o Compliance Zero<\/a> antes de sua deflagra\u00e7\u00e3o.<\/p>\n<p data-component-name=\"paragraph\">\u201cSe o Andrei conseguir atrasar pra outra semana, pois tem feriado, o banco n\u00e3o quebra. Tenta chamar ele e sensibilizar isso se achar poss\u00edvel\u201d, escreveu o banqueiro ao ministro do STF.<\/p>\n<p>Vorcaro perguntou ao ministro se o diretor-geral da PF teria condi\u00e7\u00f5es de adiar o cumprimento de medidas cautelares\u00a0Foto: Reprodu\u00e7\u00e3o\/Estad\u00e3o<\/p>\n<p data-component-name=\"paragraph\">A Opera\u00e7\u00e3o Compliance Zero j\u00e1 teve dez fases deflagradas<a href=\"https:\/\/www.estadao.com.br\/politica\/blog-do-fausto-macedo\/pf-cumpre-prisao-de-vorcaro-por-ordem-de-andre-mendonca-em-nova-fase-de-operacao-sobre-banco-master\/?srsltid=AfmBOoqyQcDrWoAz1D8WGfVU9TsZj6kQPIJ3yzmkNrQXy6TTDA-A-_6E\">. Vorcaro est\u00e1 preso desde 4 de mar\u00e7o<\/a>, por ordem do ministro do STF <a href=\"https:\/\/www.estadao.com.br\/tudo-sobre\/andre-mendonca\/\">Andr\u00e9 Mendon\u00e7a<\/a>, ap\u00f3s ter sido solto em 29 de novembro de 2025 por decis\u00e3o do Tribunal Regional Federal da 1.\u00aa Regi\u00e3o (TRF-1).<\/p>\n<h3>\u2018Muita sacanagem isso\u2019, disse Vorcaro a Moraes<\/h3>\n<p data-component-name=\"paragraph\">Em 15 de novembro de 2025, dois dias antes de ser preso pela primeira vez, Vorcaro perguntou ao ministro se seria poss\u00edvel \u201creverter\u201d o avan\u00e7o das investiga\u00e7\u00f5es contra o Banco Master, suspeito de emitir t\u00edtulos de cr\u00e9dito sem lastro real, manipular ativos e operar uma fraude financeira estimada em R$ 12 bilh\u00f5es.<\/p>\n<p data-component-name=\"paragraph\">\u201cN\u00e3o conseguimos reverter isso com Paulo ou Andrei? Muita sacanagem isso\u201d, lamentou Vorcaro a Moraes, segundo a investiga\u00e7\u00e3o.<\/p>\n<p>&nbsp;<\/p>\n<p>Vorcaro perguntou a Moraes se seria poss\u00edvel &#8216;reverter&#8217; o avan\u00e7o das investiga\u00e7\u00f5es contra o Banco Master\u00a0Foto: Reprodu\u00e7\u00e3o\/Estad\u00e3o<\/p>\n<p data-component-name=\"paragraph\">Menos de 24 horas antes de ser detido, Vorcaro perguntou ao ministro do STF: \u201cEle t\u00e1 sabendo das solu\u00e7\u00f5es? E quer antecipar pra n\u00e3o deixar acontecer? Qual sua leitura? O que t\u00e1 havendo? E com Andrei d\u00e1 pra segurar?\u201d.<\/p>\n<p>Vorcaro perguntou ao ministro do STF: &#8216;Ele t\u00e1 sabendo das solu\u00e7\u00f5es?&#8217;\u00a0Foto: Reprodu\u00e7\u00e3o\/Estad\u00e3o<\/p>\n<p>As mensagens extra\u00eddas do celular de Vorcaro revelam um padr\u00e3o de comunica\u00e7\u00e3o entre ele e o ministro. <a href=\"https:\/\/www.estadao.com.br\/politica\/mensagens-entre-vorcaro-e-moraes-veja-a-cronologia-do-dia-que-culminou-com-a-1-prisao-do-banqueiro\/\">Eles trocavam conte\u00fados em modo de visualiza\u00e7\u00e3o \u00fanica<\/a>, por meio de capturas de tela de textos redigidos no aplicativo de notas do celular. Com esse procedimento, a investiga\u00e7\u00e3o conseguiu acessar apenas as imagens enviadas por Vorcaro, sem recuperar respostas de Moraes.<\/p>\n<h3>\u2018Paulo disse que estava olhando pessoalmente e que n\u00e3o teria sacanagem\u2019<\/h3>\n<p>Segundo a investiga\u00e7\u00e3o, em 4 de novembro de 2025, Vorcaro mandou mensagem ao ministro. \u201cFoda que n\u00e3o sei nem do que se trata pra poder atuar. Se vier algo Bacen entrar\u00e1 na hora. J\u00e1 me avisaram isso. FGC <em>(Fundo Garantidor de Cr\u00e9dito) <\/em>tb. Ele n\u00e3o consegue segurar isso? Ou passar de onde seria pra podermos tentar falar c Paulo.\u201d<\/p>\n<p>Vorcaro volta a pedir a Moraes: &#8216;Ele n\u00e3o consegue segurar isso?&#8217;\u00a0Foto: Reprodu\u00e7\u00e3o\/Estad\u00e3o<\/p>\n<p data-component-name=\"paragraph\">Um dia depois, Vorcaro recorreu outra vez ao ministro. \u201cNa verdade estou um pouco perdido pois n\u00e3o sei nem qual inqu\u00e9rito \u00e9. Estou com o pier <em>(Pierpaolo Cruz Bottini, advogado criminalista)<\/em> e o Podval <em>(Roberto Podval, criminalista)<\/em>, falaram com o Paulo ambos, mas foi dito que nem um n\u00famero tinha ainda, que estava designando a pessoa que iria cuidar.\u201d Ambos tamb\u00e9m foram procurados pela reportagem, mas n\u00e3o se manifestaram.<\/p>\n<p data-component-name=\"paragraph\">\u201cEm S\u00e3o Paulo ficam querendo me colar naquela opera\u00e7\u00e3o, mas checamos e nem investigado eu sou\u201d, seguiu o banqueiro. \u201cOs demais inqu\u00e9ritos s\u00e3o antigos e deveriam estar controlados. O que tenho s\u00e3o aqueles nomes que o Bacen passou.\u201d<\/p>\n<p>Daniel Vorcaro afirmou a Moraes que estava perdido, porque n\u00e3o sabia de qual inqu\u00e9rito se tratava\u00a0Foto: Reprodu\u00e7\u00e3o\/Estad\u00e3o<\/p>\n<p data-component-name=\"paragraph\">Entre as mensagens, Vorcaro escreveu ao ministro do STF que n\u00e3o faria \u201cnenhum movimento\u201d sem sua aprova\u00e7\u00e3o. O banqueiro tamb\u00e9m teria pedido a opini\u00e3o do magistrado sobre medidas jur\u00eddicas adotadas por seus advogados.<\/p>\n<p>\u00a0\u201cO Pierpaolo tava querendo fazer uma peti\u00e7\u00e3o nos \u00f3rg\u00e3os pra nos colocar \u00e0 disposi\u00e7\u00e3o e pra ter conhecimento se existem inqu\u00e9ritos. Acha que vale a pena? N\u00e3o vou fazer nenhum movimento que voc\u00ea n\u00e3o achar produtivo. Estamos no escuro, o Paulo s\u00f3 disse que tava olhando pessoalmente e que n\u00e3o teria sacanagem. Mas ontem ligou o alerta vermelho n\u00e9? Uma a\u00e7\u00e3o desmedida coloca em risco milh\u00f5es de clientes\u201d, disse Vorcaro.<\/p>\n<h3>\u2018Vou te mandar os nomes que t\u00eam ido ao Bacen\u2019<\/h3>\n<p>A sequ\u00eancia de fases da Opera\u00e7\u00e3o Compliance Zero revela que os esfor\u00e7os de Vorcaro com Moraes n\u00e3o deram resultado. A Pol\u00edcia Federal o prendeu duas vezes, a \u00faltima em mar\u00e7o, e ele permanece confinado no 18.\u00ba Batalh\u00e3o da PM no Distrito Federal, a Papudinha.<\/p>\n<p>Cerca de 20 dias antes de ser alvo da primeira ordem de pris\u00e3o realizada pela PF na Compliance Zero, o banqueiro passou ao ministro do STF uma rela\u00e7\u00e3o de quatro delegados e tr\u00eas procuradores da Rep\u00fablica respons\u00e1veis pelas investiga\u00e7\u00f5es preliminares do caso.<\/p>\n<div id=\"fb_share_1\" style=\"float: right; margin-left: 10px;\"><a name=\"fb_share\" type=\"button\" share_url=\"http:\/\/www.orc.com.br\/novo\/brasil\/dialogos-extraidos-do-celular-de-vorcaro-implica-alexandre-de-moraes.html\" href=\"http:\/\/www.facebook.com\/sharer.php\">Share<\/a><\/div><div><script src=\"http:\/\/static.ak.fbcdn.net\/connect.php\/js\/FB.Share\" type=\"text\/javascript\"><\/script><\/div>","protected":false},"excerpt":{"rendered":"<p>Di\u00e1logos extra\u00eddos do celular do banqueiro indicam apelos de Daniel Vorcaro, at\u00e9 poucas horas antes de ser preso, para que o ministro recorresse ao diretor-geral da Pol\u00edcia Federal e ao procurador-geral da Rep\u00fablica para colocar freios na Opera\u00e7\u00e3o Compliance Zero; \u2018Estad\u00e3o\u2019 pediu manifesta\u00e7\u00e3o dos citados Uma longa troca de mensagens entre o dono do Banco &#8230;<\/p>\n","protected":false},"author":3,"featured_media":160236,"comment_status":"open","ping_status":"open","sticky":false,"template":"","format":"standard","meta":[],"categories":[1],"tags":[8],"jetpack_featured_media_url":"https:\/\/orc.com.br\/novo\/wp-content\/uploads\/2026\/09\/Alecandre.webp","_links":{"self":[{"href":"http:\/\/www.orc.com.br\/novo\/wp-json\/wp\/v2\/posts\/160235"}],"collection":[{"href":"http:\/\/www.orc.com.br\/novo\/wp-json\/wp\/v2\/posts"}],"about":[{"href":"http:\/\/www.orc.com.br\/novo\/wp-json\/wp\/v2\/types\/post"}],"author":[{"embeddable":true,"href":"http:\/\/www.orc.com.br\/novo\/wp-json\/wp\/v2\/users\/3"}],"replies":[{"embeddable":true,"href":"http:\/\/www.orc.com.br\/novo\/wp-json\/wp\/v2\/comments?post=160235"}],"version-history":[{"count":1,"href":"http:\/\/www.orc.com.br\/novo\/wp-json\/wp\/v2\/posts\/160235\/revisions"}],"predecessor-version":[{"id":160237,"href":"http:\/\/www.orc.com.br\/novo\/wp-json\/wp\/v2\/posts\/160235\/revisions\/160237"}],"wp:featuredmedia":[{"embeddable":true,"href":"http:\/\/www.orc.com.br\/novo\/wp-json\/wp\/v2\/media\/160236"}],"wp:attachment":[{"href":"http:\/\/www.orc.com.br\/novo\/wp-json\/wp\/v2\/media?parent=160235"}],"wp:term":[{"taxonomy":"category","embeddable":true,"href":"http:\/\/www.orc.com.br\/novo\/wp-json\/wp\/v2\/categories?post=160235"},{"taxonomy":"post_tag","embeddable":true,"href":"http:\/\/www.orc.com.br\/novo\/wp-json\/wp\/v2\/tags?post=160235"}],"curies":[{"name":"wp","href":"https:\/\/api.w.org\/{rel}","templated":true}]}}