{"id":160248,"date":"2026-09-02T06:20:59","date_gmt":"2026-09-02T09:20:59","guid":{"rendered":"https:\/\/www.orc.com.br\/novo\/?p=160248"},"modified":"2026-09-02T06:20:59","modified_gmt":"2026-09-02T09:20:59","slug":"51-mensagens-em-21-dias-os-pedidos-consultas-cobrancas-e-a-gratidao-de-vorcaro-a-moraes","status":"publish","type":"post","link":"http:\/\/www.orc.com.br\/novo\/brasil\/51-mensagens-em-21-dias-os-pedidos-consultas-cobrancas-e-a-gratidao-de-vorcaro-a-moraes.html","title":{"rendered":"51 mensagens em 21 dias: os pedidos, consultas, cobran\u00e7as e a \u2018gratid\u00e3o\u2019 de Vorcaro a Moraes"},"content":{"rendered":"<p>OEstado de SP<\/p>\n<p><b>Reportagem:<\/b> Fausto Macedo, Felipe de Paula, Aguirre Talento e Gustavo C\u00f4rtes;<b> Edi\u00e7\u00e3o:<\/b> Francisco Leali e Anna Carolina Papp; <b>Design multim\u00eddia: <\/b>William Brizola; <b>Editora de infografia multim\u00eddia:<\/b> Regina Elisabeth Silva; <b>Editores-assistentes de infografia multim\u00eddia:<\/b> Adriano Araujo e William Mariotto; <b>Editor Executivo em Bras\u00edlia:<\/b> Murilo Rodrigues Alves<\/p>\n<p class=\"svelte-1bvmc23\">PET 16662. As tr\u00eas letras mai\u00fasculas seguidas de cinco algarismos juntos formam a identifica\u00e7\u00e3o de uma investiga\u00e7\u00e3o que vinha sendo conduzida em sigilo pela <b><a href=\"https:\/\/www.estadao.com.br\/tudo-sobre\/policia-federal\/?srsltid=AfmBOopzTx3ZOflsoHpOrvmS27x-VfEpwJeXjczuaAEH0JQE92vaPyO1\">Pol\u00edcia Federa<\/a><\/b>l. PET \u00e9 sigla para Peti\u00e7\u00e3o no <b><a href=\"https:\/\/www.estadao.com.br\/tudo-sobre\/stf-supremo-tribunal-federal\/?srsltid=AfmBOoruSWoEDracWKOB9Lt846EY31hkBHYORxx0ExiHj9iaIl49pXir\">Supremo Tribunal Federal<\/a><\/b>, onde o processo foi formalmente registrado no \u00faltimo dia 28 de agosto. A apura\u00e7\u00e3o trata do banqueiro <b><a href=\"https:\/\/www.estadao.com.br\/tudo-sobre\/daniel-vorcaro\/?srsltid=AfmBOorujp4NPet2SLl7c4uIiPQs8s_h4KCAGlsHDs_F9niehnT7QUPW\">Daniel Vorcaro<\/a><\/b>. Por isso, foi parar com o relator Andr\u00e9 Mendon\u00e7a, que j\u00e1 conduz outros casos sobre o Banco Master.<\/p>\n<p class=\"svelte-1bvmc23\">Essa nova frente de investiga\u00e7\u00e3o exp\u00f5e as rela\u00e7\u00f5es do ministro <b><a href=\"https:\/\/www.estadao.com.br\/tudo-sobre\/alexandre-de-moraes\/?srsltid=AfmBOoomYcOfsu7w8OvUCE8vQVjk3McXGowUcEdJN8AV3ycvHpnHP5ik\">Alexandre de Moraes<\/a><\/b> e at\u00e9 mesmo do procurador-geral da Rep\u00fablica <b><a href=\"https:\/\/www.estadao.com.br\/tudo-sobre\/paulo-gonet\/?srsltid=AfmBOorK-i9NldhrMglTCzep8j6BJsJydUj6wCfdOmr7KoTI9a-EGcyY\">Paulo Gonet<\/a><\/b> com o banqueiro Vorcaro. Quando recebeu os documentos, Mendon\u00e7a determinou que o processo tramitasse com o grau m\u00e1ximo de sigilo. Todo o material foi produzido a partir da <b><a href=\"https:\/\/www.estadao.com.br\/tudo-sobre\/operacao-compliance-zero\/?srsltid=AfmBOoqCwvwvYYzp4Phoyal1jNrjz7QjL6nezqcGp6mduDWPVC2Kyyh-\">Opera\u00e7\u00e3o Compliance Zero<\/a><\/b>, da PF. Nela foram apreendidos celulares do banqueiro e pessoas ligadas a ele.<\/p>\n<p class=\"svelte-1bvmc23\">Nesses aparelhos foram encontradas mensagens indicando que Vorcaro conversava com o ministro Alexandre de Moraes, pedia aux\u00edlio e orienta\u00e7\u00f5es a ele sobre as investiga\u00e7\u00f5es do Banco Master. Tamb\u00e9m aparecem conversas com o procurador-geral Paulo Gonet intermediadas por um advogado.<\/p>\n<p>Os prints das conversas foram destacados em relat\u00f3rio da PF, encaminhados a Mendon\u00e7a \u2013 que determinou a autua\u00e7\u00e3o da nova frente de investiga\u00e7\u00e3o. Formalmente, nem Moraes nem Gonet est\u00e3o na lista de investigados. Seus nomes s\u00e3o, por enquanto, pessoas com quem o banqueiro mantinha contatos tentando ampliar sua rede de atua\u00e7\u00e3o para manter o Master em funcionamento.<\/p>\n<hr class=\"page-divisor-hr\" \/>\n<p class=\"svelte-1bvmc23\"><span class=\"leia1\">O que \u00e9 a investiga\u00e7\u00e3o<\/span><\/p>\n<div class=\"P\">\n<div class=\"list-container\">\n<ol class=\"number-list\">\n<li>A opera\u00e7\u00e3o Compliance Zero, da Pol\u00edcia Federal, foi deflagrada para investigar a atua\u00e7\u00e3o do banqueiro Daniel Vorcaro, dono do Banco Master. Ele acabou sendo preso ap\u00f3s descoberta de fraudes banc\u00e1rias bilion\u00e1rias. O Master foi liquidado pelo Banco Central.<\/li>\n<li>Ap\u00f3s ser preso, Vorcaro tentou por duas vezes negociar um acordo de dela\u00e7\u00e3o premiada. Nas duas ocasi\u00f5es o pedido foi rejeitado pelas autoridades. Na \u00faltima tentativa, ocorrida em junho deste ano, a PF e o Minist\u00e9rio P\u00fablico consideraram que o banqueiro n\u00e3o apresentou informa\u00e7\u00f5es consistentes.<\/li>\n<li>Durante a apura\u00e7\u00e3o, a PF apreendeu celulares dos alvos da apura\u00e7\u00e3o. No aparelho de Vorcaro foram encontradas conversas com autoridades da Rep\u00fablica. Entre elas est\u00e1 o ministro Alexandre de Moraes.<\/li>\n<li>Os peritos da PF tamb\u00e9m conseguiram recuperar mensagens em que Vorcaro trata de viagem de autoridades a Londres, com despesas pagas pelo Master. Na viagem, houve uma degusta\u00e7\u00e3o de u\u00edsque para convidados.<\/li>\n<li>Um desses convidados foi o procurador-geral da Rep\u00fablica, Paulo Gonet, que chegou a levar um filho na viagem. Segundo relat\u00f3rio da PF, as despesas teriam sido pagas pelo Master.<\/li>\n<\/ol>\n<\/div>\n<\/div>\n<hr class=\"page-divisor-hr\" \/>\n<p class=\"svelte-1bvmc23\"><span class=\"leia1\">Os citados<\/span><\/p>\n<p class=\"svelte-1bvmc23\">A nova frente de investiga\u00e7\u00e3o que tramita no STF cita autoridades que mantiveram conversas com Daniel Vorcaro e tamb\u00e9m pessoas vinculadas \u00e0s empresas do banqueiro que foram acionadas para pagar despesas, organizar eventos e redigir contratos.<\/p>\n<div class=\"P\">\n<div class=\"h3-container politicos\">\n<h3>N\u00facleo de Daniel Vorcaro<\/h3>\n<\/div>\n<\/div>\n<div id=\"swiper1\" class=\"uva-swiper-container swiper P svelte-iv9fr7 swiper-initialized swiper-horizontal\">\n<div class=\"swiper-wrapper\">\n<div class=\"swiper-slide swiper-slide-active\" data-index=\"0\">\n<div>\n<div class=\"uva-media-container  loaded svelte-1dsh51s\">\n<figure class=\"uva-graphic\"><iframe id=\"iFrameResizer0\" src=\"https:\/\/arte.estadao.com.br\/uva\/?id=zPmjDy&amp;show_title=false&amp;show_description=false&amp;show_brand=false\" scrolling=\"no\" data-uva-id=\"zPmjDy\" data-mce-fragment=\"1\"><\/iframe><\/figure>\n<\/div>\n<\/div>\n<\/div>\n<div class=\"swiper-slide swiper-slide-next\" data-index=\"1\">\n<div>\n<div class=\"uva-media-container  loaded svelte-1dsh51s\">\n<figure class=\"uva-graphic\"><iframe id=\"iFrameResizer1\" src=\"https:\/\/arte.estadao.com.br\/uva\/?id=QgewGz&amp;show_title=false&amp;show_description=false&amp;show_brand=false\" scrolling=\"no\" data-uva-id=\"QgewGz\" data-mce-fragment=\"1\"><\/iframe><\/figure>\n<\/div>\n<\/div>\n<\/div>\n<div class=\"swiper-slide\" data-index=\"2\">\n<div>\n<div class=\"uva-media-container  svelte-1dsh51s\"><img loading=\"lazy\" src=\"https:\/\/arte.estadao.com.br\/arc\/images\/placeholder.jpg\" alt=\"Gr\u00e1fico indispon\u00edvel\" width=\"180\" height=\"120\" \/><\/div>\n<\/div>\n<\/div>\n<div class=\"swiper-slide\" data-index=\"3\">\n<div>\n<div class=\"uva-media-container  svelte-1dsh51s\"><img loading=\"lazy\" src=\"https:\/\/arte.estadao.com.br\/arc\/images\/placeholder.jpg\" alt=\"Gr\u00e1fico indispon\u00edvel\" width=\"180\" height=\"120\" \/><\/div>\n<\/div>\n<\/div>\n<div class=\"swiper-slide\" data-index=\"4\">\n<div>\n<div class=\"uva-media-container  svelte-1dsh51s\"><img loading=\"lazy\" src=\"https:\/\/arte.estadao.com.br\/arc\/images\/placeholder.jpg\" alt=\"Gr\u00e1fico indispon\u00edvel\" width=\"180\" height=\"120\" \/><\/div>\n<\/div>\n<\/div>\n<div class=\"swiper-slide\" data-index=\"5\">\n<div>\n<div class=\"uva-media-container  svelte-1dsh51s\"><img loading=\"lazy\" src=\"https:\/\/arte.estadao.com.br\/arc\/images\/placeholder.jpg\" alt=\"Gr\u00e1fico indispon\u00edvel\" width=\"180\" height=\"120\" \/><\/div>\n<\/div>\n<\/div>\n<div class=\"swiper-slide\" data-index=\"6\">\n<div>\n<div class=\"uva-media-container  svelte-1dsh51s\"><img loading=\"lazy\" src=\"https:\/\/arte.estadao.com.br\/arc\/images\/placeholder.jpg\" alt=\"Gr\u00e1fico indispon\u00edvel\" width=\"180\" height=\"120\" \/><\/div>\n<\/div>\n<\/div>\n<div class=\"swiper-slide\" data-index=\"7\">\n<div>\n<div class=\"uva-media-container  svelte-1dsh51s\"><img loading=\"lazy\" src=\"https:\/\/arte.estadao.com.br\/arc\/images\/placeholder.jpg\" alt=\"Gr\u00e1fico indispon\u00edvel\" width=\"180\" height=\"120\" \/><\/div>\n<\/div>\n<\/div>\n<div class=\"swiper-slide\" data-index=\"8\">\n<div>\n<div class=\"uva-media-container  svelte-1dsh51s\"><img loading=\"lazy\" src=\"https:\/\/arte.estadao.com.br\/arc\/images\/placeholder.jpg\" alt=\"Gr\u00e1fico indispon\u00edvel\" width=\"180\" height=\"120\" \/><\/div>\n<\/div>\n<\/div>\n<div class=\"swiper-slide\" data-index=\"9\">\n<div>\n<div class=\"uva-media-container  svelte-1dsh51s\"><img loading=\"lazy\" src=\"https:\/\/arte.estadao.com.br\/arc\/images\/placeholder.jpg\" alt=\"Gr\u00e1fico indispon\u00edvel\" width=\"180\" height=\"120\" \/><\/div>\n<\/div>\n<\/div>\n<div class=\"swiper-slide\" data-index=\"10\">\n<div>\n<div class=\"uva-media-container  svelte-1dsh51s\"><img loading=\"lazy\" src=\"https:\/\/arte.estadao.com.br\/arc\/images\/placeholder.jpg\" alt=\"Gr\u00e1fico indispon\u00edvel\" width=\"180\" height=\"120\" \/><\/div>\n<\/div>\n<\/div>\n<div class=\"swiper-slide\" data-index=\"11\">\n<div>\n<div class=\"uva-media-container  svelte-1dsh51s\"><img loading=\"lazy\" src=\"https:\/\/arte.estadao.com.br\/arc\/images\/placeholder.jpg\" alt=\"Gr\u00e1fico indispon\u00edvel\" width=\"180\" height=\"120\" \/><\/div>\n<\/div>\n<\/div>\n<div class=\"swiper-slide\" data-index=\"12\">\n<div>\n<div class=\"uva-media-container  svelte-1dsh51s\"><img loading=\"lazy\" src=\"https:\/\/arte.estadao.com.br\/arc\/images\/placeholder.jpg\" alt=\"Gr\u00e1fico indispon\u00edvel\" width=\"180\" height=\"120\" \/><\/div>\n<\/div>\n<\/div>\n<div class=\"swiper-slide\" data-index=\"13\">\n<div>\n<div class=\"uva-media-container  svelte-1dsh51s\"><img loading=\"lazy\" src=\"https:\/\/arte.estadao.com.br\/arc\/images\/placeholder.jpg\" alt=\"Gr\u00e1fico indispon\u00edvel\" width=\"180\" height=\"120\" \/><\/div>\n<\/div>\n<\/div>\n<div class=\"swiper-slide\" data-index=\"14\">\n<div>\n<div class=\"uva-media-container  svelte-1dsh51s\"><img loading=\"lazy\" src=\"https:\/\/arte.estadao.com.br\/arc\/images\/placeholder.jpg\" alt=\"Gr\u00e1fico indispon\u00edvel\" width=\"180\" height=\"120\" \/><\/div>\n<\/div>\n<\/div>\n<div class=\"swiper-slide\" data-index=\"15\">\n<div>\n<div class=\"uva-media-container  svelte-1dsh51s\"><img loading=\"lazy\" src=\"https:\/\/arte.estadao.com.br\/arc\/images\/placeholder.jpg\" alt=\"Gr\u00e1fico indispon\u00edvel\" width=\"180\" height=\"120\" \/><\/div>\n<\/div>\n<\/div>\n<\/div>\n<div class=\"swiper-pagination swiper1-swiper-pagination svelte-iv9fr7 swiper-pagination-bullets swiper-pagination-horizontal\"><\/div>\n<\/div>\n<div class=\"deslize\"><img src=\"https:\/\/arte.estadao.com.br\/public\/pages\/1zAixX-xEZPXl1hm-dSSQHR29Webnmd3FbNIsgpmYBME\/hand_seta.png\" \/><\/p>\n<div id=\"chapeuConversa\"><b>Arraste para ler<\/b><\/p>\n<\/div>\n<\/div>\n<div class=\"P\">\n<div class=\"h3-container politicos\">\n<h3>Autoridades e parentes<\/h3>\n<\/div>\n<\/div>\n<div id=\"swiper2\" class=\"uva-swiper-container swiper P svelte-iv9fr7 swiper-initialized swiper-horizontal\">\n<div class=\"swiper-wrapper\">\n<div class=\"swiper-slide swiper-slide-active\" data-index=\"0\">\n<div>\n<div class=\"uva-media-container  loaded svelte-1dsh51s\">\n<figure class=\"uva-graphic\"><iframe id=\"iFrameResizer2\" src=\"https:\/\/arte.estadao.com.br\/uva\/?id=zxB1MQ&amp;show_title=false&amp;show_description=false&amp;show_brand=false\" scrolling=\"no\" data-uva-id=\"zxB1MQ\" data-mce-fragment=\"1\"><\/iframe><\/figure>\n<\/div>\n<\/div>\n<\/div>\n<div class=\"swiper-slide swiper-slide-next\" data-index=\"1\">\n<div>\n<div class=\"uva-media-container  loaded svelte-1dsh51s\">\n<figure class=\"uva-graphic\"><iframe id=\"iFrameResizer3\" src=\"https:\/\/arte.estadao.com.br\/uva\/?id=2lxm02&amp;show_title=false&amp;show_description=false&amp;show_brand=false\" scrolling=\"no\" data-uva-id=\"2lxm02\" data-mce-fragment=\"1\"><\/iframe><\/figure>\n<\/div>\n<\/div>\n<\/div>\n<div class=\"swiper-slide\" data-index=\"2\">\n<div>\n<div class=\"uva-media-container  svelte-1dsh51s\"><img loading=\"lazy\" src=\"https:\/\/arte.estadao.com.br\/arc\/images\/placeholder.jpg\" alt=\"Gr\u00e1fico indispon\u00edvel\" width=\"180\" height=\"120\" \/><\/div>\n<\/div>\n<\/div>\n<div class=\"swiper-slide\" data-index=\"3\">\n<div>\n<div class=\"uva-media-container  svelte-1dsh51s\"><img loading=\"lazy\" src=\"https:\/\/arte.estadao.com.br\/arc\/images\/placeholder.jpg\" alt=\"Gr\u00e1fico indispon\u00edvel\" width=\"180\" height=\"120\" \/><\/div>\n<\/div>\n<\/div>\n<div class=\"swiper-slide\" data-index=\"4\">\n<div>\n<div class=\"uva-media-container  svelte-1dsh51s\"><img loading=\"lazy\" src=\"https:\/\/arte.estadao.com.br\/arc\/images\/placeholder.jpg\" alt=\"Gr\u00e1fico indispon\u00edvel\" width=\"180\" height=\"120\" \/><\/div>\n<\/div>\n<\/div>\n<div class=\"swiper-slide\" data-index=\"5\">\n<div>\n<div class=\"uva-media-container  svelte-1dsh51s\"><img loading=\"lazy\" src=\"https:\/\/arte.estadao.com.br\/arc\/images\/placeholder.jpg\" alt=\"Gr\u00e1fico indispon\u00edvel\" width=\"180\" height=\"120\" \/><\/div>\n<\/div>\n<\/div>\n<div class=\"swiper-slide\" data-index=\"6\">\n<div>\n<div class=\"uva-media-container  svelte-1dsh51s\"><img loading=\"lazy\" src=\"https:\/\/arte.estadao.com.br\/arc\/images\/placeholder.jpg\" alt=\"Gr\u00e1fico indispon\u00edvel\" width=\"180\" height=\"120\" \/><\/div>\n<\/div>\n<\/div>\n<div class=\"swiper-slide\" data-index=\"7\">\n<div>\n<div class=\"uva-media-container  svelte-1dsh51s\"><img loading=\"lazy\" src=\"https:\/\/arte.estadao.com.br\/arc\/images\/placeholder.jpg\" alt=\"Gr\u00e1fico indispon\u00edvel\" width=\"180\" height=\"120\" \/><\/div>\n<\/div>\n<\/div>\n<div class=\"swiper-slide\" data-index=\"8\">\n<div>\n<div class=\"uva-media-container  svelte-1dsh51s\"><img loading=\"lazy\" src=\"https:\/\/arte.estadao.com.br\/arc\/images\/placeholder.jpg\" alt=\"Gr\u00e1fico indispon\u00edvel\" width=\"180\" height=\"120\" \/><\/div>\n<\/div>\n<\/div>\n<div class=\"swiper-slide\" data-index=\"9\">\n<div>\n<div class=\"uva-media-container  svelte-1dsh51s\"><img loading=\"lazy\" src=\"https:\/\/arte.estadao.com.br\/arc\/images\/placeholder.jpg\" alt=\"Gr\u00e1fico indispon\u00edvel\" width=\"180\" height=\"120\" \/><\/div>\n<\/div>\n<\/div>\n<div class=\"swiper-slide\" data-index=\"10\">\n<div>\n<div class=\"uva-media-container  svelte-1dsh51s\"><img loading=\"lazy\" src=\"https:\/\/arte.estadao.com.br\/arc\/images\/placeholder.jpg\" alt=\"Gr\u00e1fico indispon\u00edvel\" width=\"180\" height=\"120\" \/><\/div>\n<\/div>\n<\/div>\n<div class=\"swiper-slide\" data-index=\"11\">\n<div>\n<div class=\"uva-media-container  svelte-1dsh51s\"><img loading=\"lazy\" src=\"https:\/\/arte.estadao.com.br\/arc\/images\/placeholder.jpg\" alt=\"Gr\u00e1fico indispon\u00edvel\" width=\"180\" height=\"120\" \/><\/div>\n<\/div>\n<\/div>\n<div class=\"swiper-slide\" data-index=\"12\">\n<div>\n<div class=\"uva-media-container  svelte-1dsh51s\"><img loading=\"lazy\" src=\"https:\/\/arte.estadao.com.br\/arc\/images\/placeholder.jpg\" alt=\"Gr\u00e1fico indispon\u00edvel\" width=\"180\" height=\"120\" \/><\/div>\n<\/div>\n<\/div>\n<div class=\"swiper-slide\" data-index=\"13\">\n<div>\n<div class=\"uva-media-container  svelte-1dsh51s\"><img loading=\"lazy\" src=\"https:\/\/arte.estadao.com.br\/arc\/images\/placeholder.jpg\" alt=\"Gr\u00e1fico indispon\u00edvel\" width=\"180\" height=\"120\" \/><\/div>\n<\/div>\n<\/div>\n<div class=\"swiper-slide\" data-index=\"14\">\n<div>\n<div class=\"uva-media-container  svelte-1dsh51s\"><img loading=\"lazy\" src=\"https:\/\/arte.estadao.com.br\/arc\/images\/placeholder.jpg\" alt=\"Gr\u00e1fico indispon\u00edvel\" width=\"180\" height=\"120\" \/><\/div>\n<\/div>\n<\/div>\n<\/div>\n<div class=\"swiper-pagination swiper2-swiper-pagination svelte-iv9fr7 swiper-pagination-bullets swiper-pagination-horizontal\"><\/div>\n<\/div>\n<div class=\"deslize\"><img src=\"https:\/\/arte.estadao.com.br\/public\/pages\/1zAixX-xEZPXl1hm-dSSQHR29Webnmd3FbNIsgpmYBME\/hand_seta.png\" \/><\/p>\n<div id=\"chapeuConversa\"><b>Arraste para ler<\/b><\/p>\n<\/div>\n<\/div>\n<hr class=\"page-divisor-hr\" \/>\n<p class=\"svelte-1bvmc23\"><span class=\"leia1\">Resumo cronol\u00f3gico<\/span><\/p>\n<div class=\"P\">\n<section class=\"timeline\">\n<div class=\"card-container\">\n<div class=\"line\"><\/div>\n<div class=\"card\">\n<div class=\"date\">28\/10\/2025<\/div>\n<div class=\"hour\">11h04<\/div>\n<div class=\"img-wrap\"><img src=\"https:\/\/cloudfront-us-east-1.images.arcpublishing.com\/estadao\/EFO4PNXPM5AMHHOEX4UDANY244.jpg\" alt=\"28out25-11h04 - Mensagens do caso Moraes X Vorcaro\" \/><\/div>\n<p><span class=\"credits\">Reprodu\u00e7\u00e3o\/PF<\/span>A 20 dias de sua pris\u00e3o pela Pol\u00edcia Federal, Daniel Vorcaro sonda a possibilidade de um encontro com o ministro do STF Alexandre de Moraes em Bras\u00edlia<\/p>\n<\/div>\n<\/div>\n<div class=\"card-container\">\n<div class=\"line\"><\/div>\n<div class=\"card\">\n<div class=\"date\">30\/10\/2025<\/div>\n<div class=\"hour\">13h26<\/div>\n<div class=\"img-wrap\"><img src=\"https:\/\/cloudfront-us-east-1.images.arcpublishing.com\/estadao\/UNM33Y7MJRBCZO4NHVZTQJP5V4.jpg\" alt=\"30out25-13h26 - Mensagens do caso Moraes X Vorcaro\" \/><\/div>\n<p><span class=\"credits\">Reprodu\u00e7\u00e3o\/PF<\/span>Na ocasi\u00e3o, Moraes viajou \u00e0 capital espanhola como representante do STF no VI Congresso da Confer\u00eancia Mundial sobre Justi\u00e7a Constitucional. O evento foi realizado entre os dias 28 e 30 daquele m\u00eas<\/p>\n<div class=\"hour\">13h33<\/div>\n<div class=\"img-wrap\"><img src=\"https:\/\/cloudfront-us-east-1.images.arcpublishing.com\/estadao\/C3W3N4JGNBA5TBSQ5ZUBLYPWBQ.jpg\" alt=\"30out25-13h33 - Mensagens do caso Moraes X Vorcaro\" \/><\/div>\n<p><span class=\"credits\">Reprodu\u00e7\u00e3o\/PF<\/span>O primeiro registro da troca de mensagens entre Vorcaro e Moraes em que o banqueiro sugere uma tentativa de interven\u00e7\u00e3o para frear as investiga\u00e7\u00f5es sobre o Banco Master tamb\u00e9m traz uma atualiza\u00e7\u00e3o sobre a situa\u00e7\u00e3o financeira da institui\u00e7\u00e3o<\/p>\n<div class=\"hour\">13h41<\/div>\n<div class=\"img-wrap\"><img src=\"https:\/\/cloudfront-us-east-1.images.arcpublishing.com\/estadao\/YVDSGRJVEZEENGS5IHOIZJOLTY.jpg\" alt=\"30out25-13h41 - Mensagens do caso Moraes X Vorcaro\" \/><\/div>\n<p><span class=\"credits\">Reprodu\u00e7\u00e3o\/PF<\/span>Ap\u00f3s encaminhar os nomes dos delegados e procuradores \u00e0 frente da Opera\u00e7\u00e3o Compliance Zero ao ministro do STF, Vorcaro diz que n\u00e3o h\u00e1 problema em investigar o Banco Master<\/p>\n<div class=\"hour\">13h52<\/div>\n<div class=\"img-wrap\"><img src=\"https:\/\/cloudfront-us-east-1.images.arcpublishing.com\/estadao\/EOLWY6WHGRALLAOVXYPQVSAOPA.jpg\" alt=\"30out2025-13h52 - Mensagens do caso Moraes X Vorcaro\" \/><\/div>\n<p><span class=\"credits\">Reprodu\u00e7\u00e3o\/PF<\/span><\/p>\n<div class=\"hour\">13h55<\/div>\n<div class=\"img-wrap\"><img src=\"https:\/\/cloudfront-us-east-1.images.arcpublishing.com\/estadao\/R3DQ3U4JNBDGTPFB77R6PXXOWE.jpg\" alt=\"30out2025-13h55 - Mensagens do caso Moraes X Vorcaro\" \/><\/div>\n<p><span class=\"credits\">Reprodu\u00e7\u00e3o\/PF<\/span><\/div>\n<\/div>\n<div class=\"card-container\">\n<div class=\"line\"><\/div>\n<div class=\"card\">\n<div class=\"date\">4\/11\/2025<\/div>\n<div class=\"hour\">17h21<\/div>\n<div class=\"img-wrap\"><img src=\"https:\/\/cloudfront-us-east-1.images.arcpublishing.com\/estadao\/RD3I7OE44JDRNHQSLEG7VSN3FY.jpg\" alt=\"4nov25-17h21 - Mensagens do caso Moraes X Vorcaro\" \/><\/div>\n<p><span class=\"credits\">Reprodu\u00e7\u00e3o\/PF<\/span>Di\u00e1logo indica, segundo investigadores da Pol\u00edcia Federal, que o ministro do STF repassou informa\u00e7\u00f5es sigilosas sobre a investiga\u00e7\u00e3o ao banqueiro<\/p>\n<div class=\"hour\">17h43<\/div>\n<div class=\"img-wrap\"><img src=\"https:\/\/cloudfront-us-east-1.images.arcpublishing.com\/estadao\/6QE4XUSS7JEURB4BPTL7AGJNEE.jpg\" alt=\"4nov25-17h43 - Mensagens do caso Moraes X Vorcaro\" \/><\/div>\n<p><span class=\"credits\">Reprodu\u00e7\u00e3o\/PF<\/span><\/p>\n<div class=\"hour\">17h51<\/div>\n<div class=\"img-wrap\"><img src=\"https:\/\/cloudfront-us-east-1.images.arcpublishing.com\/estadao\/SPX7UUIDJZFZHONEP6OYBNLXAA.jpg\" alt=\"4nov25-17h51 - Mensagens do caso Moraes X Vorcaro\" \/><\/div>\n<p><span class=\"credits\">Reprodu\u00e7\u00e3o\/PF<\/span>Refer\u00eancia ao procurador-geral da Rep\u00fablica, Paulo Gustavo Gonet Branco, que se reuniu com advogados de Vorcaro antes da pris\u00e3o do banqueiro e disse em di\u00e1logos que sentia &#8216;saudades&#8217; do empres\u00e1rio, segundo a PF<\/p>\n<div class=\"hour\">17h52<\/div>\n<div class=\"img-wrap\"><img src=\"https:\/\/cloudfront-us-east-1.images.arcpublishing.com\/estadao\/KFD4CR6GXVHP5OABBLEWGUXICQ.jpg\" alt=\"4nov25-17h52 - Mensagens do caso Moraes X Vorcaro\" \/><\/div>\n<p><span class=\"credits\">Reprodu\u00e7\u00e3o\/PF<\/span>Vorcaro estava empenhado em vender os ativos do Banco Master a um grupo de investidores sediados em Dubai, nos Emirados \u00c1rabes , e a Fictor Holding Financeira. O neg\u00f3cio foi frustrado com a pris\u00e3o de Vorcaro e posterior liquida\u00e7\u00e3o do banco<\/p>\n<div class=\"hour\">18h15<\/div>\n<div class=\"img-wrap\"><img src=\"https:\/\/cloudfront-us-east-1.images.arcpublishing.com\/estadao\/VF5CNSXFQZBGPPMJJIXJ5NRJ6Q.jpg\" alt=\"4nov25-18h15 - Mensagens do caso Moraes X Vorcaro\" \/><\/div>\n<p><span class=\"credits\">Reprodu\u00e7\u00e3o\/PF<\/span>A 13 dias, Alexandre de Moraes adiantou ao banqueiro que ele seria alvo de buscas ou quebra de sigilo, apontam di\u00e1logos<\/p>\n<div class=\"hour\">19h09<\/div>\n<div class=\"img-wrap\"><img src=\"https:\/\/cloudfront-us-east-1.images.arcpublishing.com\/estadao\/H4VW5LVP4VE5LGY35CX5EV7VNM.jpg\" alt=\"4nov25-19h09 - Mensagens do caso Moraes X Vorcaro\" \/><\/div>\n<p><span class=\"credits\">Reprodu\u00e7\u00e3o\/PF<\/span><\/p>\n<div class=\"hour\">20h45<\/div>\n<div class=\"img-wrap\"><img src=\"https:\/\/cloudfront-us-east-1.images.arcpublishing.com\/estadao\/SQSLPDOGMRBURAS6NBMYVTJKMM.jpg\" alt=\"4nov25-20h45 - Mensagens do caso Moraes X Vorcaro\" \/><\/div>\n<p><span class=\"credits\">Reprodu\u00e7\u00e3o\/PF<\/span>Daniel Vorcaro rogava ao ministro do STF por um acompanhamento interno da investiga\u00e7\u00e3o que o prenderia em 17 de novembro, indica PF<\/p>\n<\/div>\n<\/div>\n<div class=\"card-container\">\n<div class=\"line\"><\/div>\n<div class=\"card\">\n<div class=\"date\">5\/11\/2025<\/div>\n<div class=\"hour\">08h16<\/div>\n<div class=\"img-wrap\"><img src=\"https:\/\/cloudfront-us-east-1.images.arcpublishing.com\/estadao\/3GOUAHWWBVHJ7LICEUOLZRB3XQ.jpg\" alt=\"5nov25-08h16 - Mensagens do caso Moraes X Vorcaro\" \/><\/div>\n<p><span class=\"credits\">Reprodu\u00e7\u00e3o\/PF<\/span>Pierpaolo Cruz Bottini, advogado criminalista, e Roberto Podval, criminalista, ambos atuando na defesa do banqueiro na ocasi\u00e3o, se reuniram antes da primeira fase da opera\u00e7\u00e3o com o PGR Paulo Gonet, diz mensagem<\/p>\n<div class=\"hour\">08h17<\/div>\n<div class=\"img-wrap\"><img src=\"https:\/\/cloudfront-us-east-1.images.arcpublishing.com\/estadao\/ZJKK6DFOTJDJTJ2SUUHWBZUROU.jpg\" alt=\"5nov25-08h17 - Mensagens do caso Moraes X Vorcaro\" \/><\/div>\n<p><span class=\"credits\">Reprodu\u00e7\u00e3o\/PF<\/span>Segunda refer\u00eancia ao suposto compartilhamento de dados sigilosos pelo ministro do STF ao banqueiro, de acordo com a PF<\/p>\n<div class=\"hour\">14h11<\/div>\n<div class=\"img-wrap\"><img src=\"https:\/\/cloudfront-us-east-1.images.arcpublishing.com\/estadao\/EERSKS4GCFGEBJMEMTMUAIYEIE.jpg\" alt=\"5nov25-14h11 - Mensagens do caso Moraes X Vorcaro\" \/><\/div>\n<p><span class=\"credits\">Reprodu\u00e7\u00e3o\/PF<\/span>Pualo Gonet disse aos advogados de Vorcaro que n\u00e3o haveria &#8216;sacanagem&#8217; na investiga\u00e7\u00e3o, aponta di\u00e1logo<\/p>\n<div class=\"hour\">19h05<\/div>\n<div class=\"img-wrap\"><img src=\"https:\/\/cloudfront-us-east-1.images.arcpublishing.com\/estadao\/IGTSPQ2LSNAENMXMSIJES5DV5A.jpg\" alt=\"5nov25-19h05 - Mensagens do caso Moraes X Vorcaro\" \/><\/div>\n<p><span class=\"credits\">Reprodu\u00e7\u00e3o\/PF<\/span><\/div>\n<\/div>\n<div class=\"card-container\">\n<div class=\"line\"><\/div>\n<div class=\"card\">\n<div class=\"date\">6\/11\/2025<\/div>\n<div class=\"hour\">16h26<\/div>\n<div class=\"img-wrap\"><img src=\"https:\/\/cloudfront-us-east-1.images.arcpublishing.com\/estadao\/Y7VYSLO5AFGWFOVQAUFDNDIBWM.jpg\" alt=\"6nov25-16h26 - Mensagens do caso Moraes X Vorcaro\" \/><\/div>\n<p><span class=\"credits\">Reprodu\u00e7\u00e3o\/PF<\/span>Terceiro momento que indica repasse indevido de informa\u00e7\u00f5es sens\u00edveis da Opera\u00e7\u00e3o Compliance Zero ao banqueiro pelo ministro Alexandre de Moraes<\/p>\n<div class=\"hour\">20h57<\/div>\n<div class=\"img-wrap\"><img src=\"https:\/\/cloudfront-us-east-1.images.arcpublishing.com\/estadao\/NDO3MLAQIRFKHHEJ67SY5GK3GY.jpg\" alt=\"6nov25-20h57 - Mensagens do caso Moraes X Vorcaro\" \/><\/div>\n<p><span class=\"credits\">Reprodu\u00e7\u00e3o\/PF<\/span>Advogado Pierpaolo Cruz Bottini, ent\u00e3o defensor de Vorcaro, tentava antecipar informa\u00e7\u00f5es da investiga\u00e7\u00e3o, sugere di\u00e1logo<\/p>\n<div class=\"hour\">22h18<\/div>\n<div class=\"img-wrap\"><img src=\"https:\/\/cloudfront-us-east-1.images.arcpublishing.com\/estadao\/7XIH5U2FZNAY5OBISJYHCNVLGU.jpg\" alt=\"6nov25-22h18 - Mensagens do caso Moraes X Vorcaro\" \/><\/div>\n<p><span class=\"credits\">Reprodu\u00e7\u00e3o\/PF<\/span>Pedido de orienta\u00e7\u00e3o de Vorcaro ao ministro para que checasse internamente se a investiga\u00e7\u00e3o estaria \u201ccontrolada\u201d em Bras\u00edlia, base original da investiga\u00e7\u00e3o, que depois al\u00e7ou ao Supremo<\/p>\n<div class=\"hour\">22h29<\/div>\n<div class=\"img-wrap\"><img src=\"https:\/\/cloudfront-us-east-1.images.arcpublishing.com\/estadao\/2BXLZLZJJFEDPGCVXZ63R7QOXQ.jpg\" alt=\"6nov25-22h29 - Mensagens do caso Moraes X Vorcaro\" \/><\/div>\n<p><span class=\"credits\">Reprodu\u00e7\u00e3o\/PF<\/span>Vorcaro indica que advogados insistiam no acompanhamento processual paralelo do caso, aponta PF<\/p>\n<div class=\"hour\">22h33<\/div>\n<div class=\"img-wrap\"><img src=\"https:\/\/cloudfront-us-east-1.images.arcpublishing.com\/estadao\/45YHGQQPOZEYLAH4RMEPJ7G2BY.jpg\" alt=\"6nov25-22h33 - Mensagens do caso Moraes X Vorcaro\" \/><\/div>\n<p><span class=\"credits\">Reprodu\u00e7\u00e3o\/PF<\/span><\/div>\n<\/div>\n<div class=\"card-container\">\n<div class=\"line\"><\/div>\n<div class=\"card\">\n<div class=\"date\">10\/11\/2025<\/div>\n<div class=\"hour\">17h50<\/div>\n<div class=\"img-wrap\"><img src=\"https:\/\/cloudfront-us-east-1.images.arcpublishing.com\/estadao\/C34RCQZMWJCK7OTMXVQF3JLZFE.jpg\" alt=\"10nov25-17h50 - Mensagens do caso Moraes X Vorcaro\" \/><\/div>\n<p><span class=\"credits\">Reprodu\u00e7\u00e3o\/PF<\/span>A sete dias da pris\u00e3o, Vorcaro deu in\u00edcio a uma blitz para se encontrar com o ministro do STF<\/p>\n<\/div>\n<\/div>\n<div class=\"card-container\">\n<div class=\"line\"><\/div>\n<div class=\"card\">\n<div class=\"date\">11\/11\/2025<\/div>\n<div class=\"hour\">20h44<\/div>\n<div class=\"img-wrap\"><img src=\"https:\/\/cloudfront-us-east-1.images.arcpublishing.com\/estadao\/5YP22EHC3FHBXA2G55LLKZX6WA.jpg\" alt=\"11nov25-20h44 - Mensagens do caso Moraes X Vorcaro\" \/><\/div>\n<p><span class=\"credits\">Reprodu\u00e7\u00e3o\/PF<\/span><\/div>\n<\/div>\n<div class=\"card-container\">\n<div class=\"line\"><\/div>\n<div class=\"card\">\n<div class=\"date\">12\/11\/2025<\/div>\n<div class=\"hour\">08h55<\/div>\n<div class=\"img-wrap\"><img src=\"https:\/\/cloudfront-us-east-1.images.arcpublishing.com\/estadao\/YLEYRV7USREINCNKFCKCG6TEEU.jpg\" alt=\"12nov25-08h55 - Mensagens do caso Moraes X Vorcaro\" \/><\/div>\n<p><span class=\"credits\">Reprodu\u00e7\u00e3o\/PF<\/span>A fam\u00edlia do ministro, citada no di\u00e1logo, conhecia o banqueiro Daniel Vorcaro. O escrit\u00f3rio de advocacia da mulher de Alexandre de Moraes, Viviane Barci de Moraes, firmou um contrato de R$ 131 milh\u00f5es com o Banco Master. Os dois filhos do ministro, Giuliana e Alexandre, trabalham no escrit\u00f3rio Barci de Moraes como advogados<\/p>\n<div class=\"hour\">09h20<\/div>\n<div class=\"img-wrap\"><img src=\"https:\/\/cloudfront-us-east-1.images.arcpublishing.com\/estadao\/XZ73I7XDDBD7XPWJSQFK6NWN5Q.jpg\" alt=\"12h11-09h20 - Mensagens do caso Moraes X Vorcaro\" \/><\/div>\n<p><span class=\"credits\">Reprodu\u00e7\u00e3o\/PF<\/span>Vorcaro seguiu em busca de encontros com o ministro Alexandre de Moraes poucos dias antes de ser preso<\/p>\n<div class=\"hour\">09h21<\/div>\n<div class=\"img-wrap\"><img src=\"https:\/\/cloudfront-us-east-1.images.arcpublishing.com\/estadao\/3ORWFVBPRFHKDGQVZQGB653PRE.jpg\" alt=\"12nov25-09h21 - Mensagens do caso Moraes X Vorcaro\" \/><\/div>\n<p><span class=\"credits\">Reprodu\u00e7\u00e3o\/PF<\/span><\/p>\n<div class=\"hour\">09h37<\/div>\n<div class=\"img-wrap\"><img src=\"https:\/\/cloudfront-us-east-1.images.arcpublishing.com\/estadao\/BCQQVFHZCVBY7PSEOHWDJLVEAM.jpg\" alt=\"12nov25-09h37 - Mensagens do caso Moraes X Vorcaro\" \/><\/div>\n<p><span class=\"credits\">Reprodu\u00e7\u00e3o\/PF<\/span>Alexandre de Moraes aceitou o convite do banqueiro para um encontro em meio a uma s\u00e9rie de divulga\u00e7\u00f5es de informa\u00e7\u00f5es sigilosas da investiga\u00e7\u00e3o pelo ministro, segundo a PF<\/p>\n<\/div>\n<\/div>\n<div class=\"card-container\">\n<div class=\"line\"><\/div>\n<div class=\"card\">\n<div class=\"date\">13\/11\/2025<\/div>\n<div class=\"hour\">10h40<\/div>\n<div class=\"img-wrap\"><img src=\"https:\/\/cloudfront-us-east-1.images.arcpublishing.com\/estadao\/DIUV3HUZJNBF5D2ZEDX5KJV6DY.jpg\" alt=\"13nov25 - 10h40 - Mensagens do caso Moraes X Vorcaro\" \/><\/div>\n<p><span class=\"credits\">Reprodu\u00e7\u00e3o\/PF<\/span><\/div>\n<\/div>\n<div class=\"card-container\">\n<div class=\"line\"><\/div>\n<div class=\"card\">\n<div class=\"date\">14\/11\/2025<\/div>\n<div class=\"hour\">10h03<\/div>\n<div class=\"img-wrap\"><img src=\"https:\/\/cloudfront-us-east-1.images.arcpublishing.com\/estadao\/OJNTU63BSFA3RFQMTRDVQ25F3Y.jpg\" alt=\"14nov25 -10h03 - Mensagens do caso Moraes X Vorcaro\" \/><\/div>\n<p><span class=\"credits\">Reprodu\u00e7\u00e3o\/PF<\/span>Encontro acertado entre o ministro do STF e o banqueiro suspeito de fraudar R$ 12 bilh\u00f5es em ativos podres do Banco Master, aponta mensagem<\/p>\n<div class=\"hour\">18h19<\/div>\n<div class=\"img-wrap\"><img src=\"https:\/\/cloudfront-us-east-1.images.arcpublishing.com\/estadao\/PMVWF7I33BHCTPFWY3VLUMPIQA.jpg\" alt=\"14nov25 - 18h19 - Mensagens do caso Moraes X Vorcaro\" \/><\/div>\n<p><span class=\"credits\">Reprodu\u00e7\u00e3o\/PF<\/span>Ap\u00f3s o encontro, um afago ao ministro, sugere di\u00e1logo<\/p>\n<\/div>\n<\/div>\n<div class=\"card-container\">\n<div class=\"line\"><\/div>\n<div class=\"card\">\n<div class=\"date\">15\/11\/2025<\/div>\n<div class=\"hour\">18h22<\/div>\n<div class=\"img-wrap\"><img src=\"https:\/\/cloudfront-us-east-1.images.arcpublishing.com\/estadao\/TVNX5ZLKPFGRNNF6JQTPKQWR3Q.jpg\" alt=\"15nov25 - 18h22 - Mensagens do caso Moraes X Vorcaro\" \/><\/div>\n<p><span class=\"credits\">Reprodu\u00e7\u00e3o\/PF<\/span>A dois dias da pris\u00e3o, Vorcaro recebeu, por interm\u00e9dio do ministro, a confirma\u00e7\u00e3o de que o juiz Ricardo Augusto Soares Leite, da 10.\u00aa Vara Federal do DF, estava com o pedido de pris\u00e3o do banqueiro em seu gabinete, diz PF<\/p>\n<div class=\"hour\">18h23<\/div>\n<div class=\"img-wrap\"><img src=\"https:\/\/cloudfront-us-east-1.images.arcpublishing.com\/estadao\/TYPJCC3WYFCBLCBCYCJIJLPWC4.jpg\" alt=\"15nov25 - 18h23 - Mensagens do caso Moraes X Vorcaro\" \/><\/div>\n<p><span class=\"credits\">Reprodu\u00e7\u00e3o\/PF<\/span>Pedido expresso do banqueiro do Master ao ministro do STF, segundo a PF, para que o diretor-geral da corpora\u00e7\u00e3o, delegado Andrei Rodrigues, e o procurador-geral da Rep\u00fablica, Paulo Gonet, travassem a investiga\u00e7\u00e3o<\/p>\n<div class=\"hour\">19h43<\/div>\n<div class=\"img-wrap\"><img src=\"https:\/\/cloudfront-us-east-1.images.arcpublishing.com\/estadao\/EYTOJAYI3VBQVE4WOHMC5LUT3A.jpg\" alt=\"15nov25 - 19h43 - Mensagens do caso Moraes X Vorcaro\" \/><\/div>\n<p><span class=\"credits\">Reprodu\u00e7\u00e3o\/PF<\/span>Vorcaro reclama ao ministro das investidas promovidas pelos investigadores da Pol\u00edcia Federal<\/p>\n<div class=\"hour\">21h23<\/div>\n<div class=\"img-wrap\"><img src=\"https:\/\/cloudfront-us-east-1.images.arcpublishing.com\/estadao\/Y54OQ6677VD27NV3Y2FIHZ4PTI.jpg\" alt=\"15nov25 - 21h23 - Mensagens do caso Moraes X Vorcaro\" \/><\/div>\n<p><span class=\"credits\">Reprodu\u00e7\u00e3o\/PF<\/span>O \u00faltimo encontro de Vorcaro e Moraes antes da pris\u00e3o estava selado neste di\u00e1logo, segundo a PF<\/p>\n<div class=\"hour\">21h33<\/div>\n<div class=\"img-wrap\"><img src=\"https:\/\/cloudfront-us-east-1.images.arcpublishing.com\/estadao\/LOB2DXF3K5DJZCQO2KEBHA3KCM.jpg\" alt=\"15nov25 - 21h33 - Mensagens do caso Moraes X Vorcaro\" \/><\/div>\n<p><span class=\"credits\">Reprodu\u00e7\u00e3o\/PF<\/span><\/p>\n<div class=\"hour\">21h41<\/div>\n<div class=\"img-wrap\"><img src=\"https:\/\/cloudfront-us-east-1.images.arcpublishing.com\/estadao\/OPEJMMUAIZGTBFAGTF4ONDAOUU.jpg\" alt=\"15nov25-21h41 - Mensagens do caso Moraes X Vorcaro\" \/><\/div>\n<p><span class=\"credits\">Reprodu\u00e7\u00e3o\/PF<\/span><\/p>\n<div class=\"hour\">21h49<\/div>\n<div class=\"img-wrap\"><img src=\"https:\/\/cloudfront-us-east-1.images.arcpublishing.com\/estadao\/4SGCBYS7KBAJXC5UMKQFKUL6AA.jpg\" alt=\"15nov25 - 21h49 - Mensagens do caso Moraes X Vorcaro\" \/><\/div>\n<p><span class=\"credits\">Reprodu\u00e7\u00e3o\/PF<\/span><\/p>\n<div class=\"hour\">22h03<\/div>\n<div class=\"img-wrap\"><img src=\"https:\/\/cloudfront-us-east-1.images.arcpublishing.com\/estadao\/YEEXARFJAFECNMDEKWNGFUIW4Q.jpg\" alt=\"15nov25 - 22h03 - Mensagens do caso Moraes X Vorcaro\" \/><\/div>\n<p><span class=\"credits\">Reprodu\u00e7\u00e3o\/PF<\/span><\/p>\n<div class=\"hour\">22h06<\/div>\n<div class=\"img-wrap\"><img src=\"https:\/\/cloudfront-us-east-1.images.arcpublishing.com\/estadao\/XPKQF6OJJZCWHN2ORCPMLQ3O24.jpg\" alt=\"15nov25- 22h06 - Mensagens do caso Moraes X Vorcaro\" \/><\/div>\n<p><span class=\"credits\">Reprodu\u00e7\u00e3o\/PF<\/span><\/p>\n<div class=\"hour\">22h12<\/div>\n<div class=\"img-wrap\"><img src=\"https:\/\/cloudfront-us-east-1.images.arcpublishing.com\/estadao\/N4DTK6V4GRECLNL52YL72A3YBI.jpg\" alt=\"15nov25 - 22h12 - Mensagens do caso Moraes X Vorcaro\" \/><\/div>\n<p><span class=\"credits\">Reprodu\u00e7\u00e3o\/PF<\/span>O banqueiro pede orienta\u00e7\u00e3o jur\u00eddica ao ministro Alexandre de Moraes diante da imin\u00eancia da deflagra\u00e7\u00e3o da primeira fase da Opera\u00e7\u00e3o Compliance Zero, que resultaria na pris\u00e3o de Vorcaro no dia seguinte ao envio da mensagem<\/p>\n<div class=\"hour\">22h28<\/div>\n<div class=\"img-wrap\"><img src=\"https:\/\/cloudfront-us-east-1.images.arcpublishing.com\/estadao\/BMOTSWI2VFAAFAESSKUC7RYIMM.jpg\" alt=\"15nov25 - 22h28 - Mensagens do caso Moraes X Vorcaro\" \/><\/div>\n<p><span class=\"credits\">Reprodu\u00e7\u00e3o\/PF<\/span>Men\u00e7\u00e3o ao presidente do Banco Central, Gabriel Gal\u00edpolo, que decretou a liquida\u00e7\u00e3o do Master um dia ap\u00f3s a pris\u00e3o do banqueiro<\/p>\n<div class=\"hour\">22h43<\/div>\n<div class=\"img-wrap\"><img src=\"https:\/\/cloudfront-us-east-1.images.arcpublishing.com\/estadao\/XDVNLM7PS5FN3CBZYZP7ODYXLI.jpg\" alt=\"15nov25 - 22h43 - Mensagens do caso Moraes X Vorcaro\" \/><\/div>\n<p><span class=\"credits\">Reprodu\u00e7\u00e3o\/PF<\/span><\/div>\n<\/div>\n<div class=\"card-container\">\n<div class=\"line\"><\/div>\n<div class=\"card\">\n<div class=\"date\">16\/11\/2025<\/div>\n<div class=\"hour\">13h40<\/div>\n<div class=\"img-wrap\"><img src=\"https:\/\/cloudfront-us-east-1.images.arcpublishing.com\/estadao\/B6QMTZJ6BFD3LJI2VNQ42F4LF4.jpg\" alt=\"16nov25 - 13h40 - Mensagens do caso Moraes X Vorcaro\" \/><\/div>\n<p><span class=\"credits\">Reprodu\u00e7\u00e3o\/PF<\/span>Vinte e quatro horas antes de ser preso no Aeroporto Internacional de S\u00e3o Paulo, em Guarulhos, tentando deixar o Pa\u00eds, Daniel Vorcaro foi a Bras\u00edlia para se encontrar com o ministro Alexandre de Moraes<\/p>\n<div class=\"hour\">16h57<\/div>\n<div class=\"img-wrap\"><img src=\"https:\/\/cloudfront-us-east-1.images.arcpublishing.com\/estadao\/IGF6PCOLNBF23DAS3MC6TWWVVQ.jpg\" alt=\"16nov25 - 16h57 - Mensagens do caso Moraes X Vorcaro\" \/><\/div>\n<p><span class=\"credits\">Reprodu\u00e7\u00e3o\/PF<\/span>Vorcaro sugeriu ao ministro do STF que conversasse com Andrei Rodrigues para atrasar o cumprimento da pris\u00e3o, indica di\u00e1logo; ordem foi cumprida no dia seguinte<\/p>\n<div class=\"hour\">18h20<\/div>\n<div class=\"img-wrap\"><img src=\"https:\/\/cloudfront-us-east-1.images.arcpublishing.com\/estadao\/WFMHNS3DKBHPLLJYJ4JR6HJPHI.jpg\" alt=\"17nov25 - 07h19 - Mensagens do caso Moraes X Vorcaro\" \/><\/div>\n<p><span class=\"credits\">Reprodu\u00e7\u00e3o\/PF<\/span>Trecho de relat\u00f3rio da PF sobre rela\u00e7\u00e3o de Alexandre de Moraes com Daniel Vorcaro<\/p>\n<\/div>\n<\/div>\n<div class=\"card-container\">\n<div class=\"line\"><\/div>\n<div class=\"card\">\n<div class=\"date\">17\/11\/2025<\/div>\n<div class=\"hour\">07h19<\/div>\n<div class=\"img-wrap\"><img src=\"https:\/\/cloudfront-us-east-1.images.arcpublishing.com\/estadao\/DHZVKZWON5AOZCIXI6TNHUORAU.jpg\" alt=\"17nov25 - 07h19 - Mensagens do caso Moraes X Vorcaro\" \/><\/div>\n<p><span class=\"credits\">Reprodu\u00e7\u00e3o\/PF<\/span>Preocupado com a ofensiva da Pol\u00edcia Federal, Vorcaro tentou obter do ministro informa\u00e7\u00f5es sobre a data e a hora do cumprimento da primeira fase da opera\u00e7\u00e3o<\/p>\n<div class=\"hour\">17h22<\/div>\n<div class=\"img-wrap\"><img src=\"https:\/\/cloudfront-us-east-1.images.arcpublishing.com\/estadao\/5NTAZXQOKRCILN3FI2QALT3VGE.jpg\" alt=\"17nov25 - 17h22 - Mensagens do caso Moraes X Vorcaro\" \/><\/div>\n<p><span class=\"credits\">Reprodu\u00e7\u00e3o\/PF<\/span>Vorcaro anunciou a venda do Banco Master a investidores estrangeiros e \u00e0 Fictor como parte da estrat\u00e9gia para se desfazer dos ativos podres do banco e evitar a deflagra\u00e7\u00e3o da opera\u00e7\u00e3o. O banqueiro fez quest\u00e3o de informar o ministro sobre o movimento<\/p>\n<div class=\"hour\">17h26<\/div>\n<div class=\"img-wrap\"><img src=\"https:\/\/cloudfront-us-east-1.images.arcpublishing.com\/estadao\/STO6CYMP4JFHZJRWJD2DQKQMOQ.jpg\" alt=\"17nov25 - 17h26 - Mensagens do caso Moraes X Vorcaro\" \/><\/div>\n<p><span class=\"credits\">Reprodu\u00e7\u00e3o\/PF<\/span><\/p>\n<div class=\"hour\">20h04<\/div>\n<div class=\"img-wrap\"><img src=\"https:\/\/cloudfront-us-east-1.images.arcpublishing.com\/estadao\/YY3GZFOLKRE3RHSV5OSHF4TNSI.jpg\" alt=\"17nov25 - 20h04 - Mensagens do caso Moraes X Vorcaro\" \/><\/div>\n<p><span class=\"credits\">Reprodu\u00e7\u00e3o\/PF<\/span><\/p>\n<div class=\"hour\">20h48<\/div>\n<div class=\"img-wrap\"><img src=\"https:\/\/cloudfront-us-east-1.images.arcpublishing.com\/estadao\/EJO3XCPUBBC2HBRAZC7GF7ODWI.jpg\" alt=\"17nov25 - 20h48 - Mensagens do caso Moraes X Vorcaro\" \/><\/div>\n<p><span class=\"credits\">Reprodu\u00e7\u00e3o\/PF<\/span>Aguardando no terminal executivo do Aeroporto Internacional de S\u00e3o Paulo por seu jatinho, que o levaria a Malta e depois a Dubai, Vorcaro enviou sua \u00faltima mensagem ao ministro Alexandre de Moraes. Duas horas depois, seria preso pela Pol\u00edcia Federal<\/p>\n<\/div>\n<\/div>\n<\/section>\n<\/div>\n<hr class=\"page-divisor-hr\" \/>\n<p>&nbsp;<\/p>\n<div id=\"fb_share_1\" style=\"float: right; margin-left: 10px;\"><a name=\"fb_share\" type=\"button\" share_url=\"http:\/\/www.orc.com.br\/novo\/brasil\/51-mensagens-em-21-dias-os-pedidos-consultas-cobrancas-e-a-gratidao-de-vorcaro-a-moraes.html\" href=\"http:\/\/www.facebook.com\/sharer.php\">Share<\/a><\/div><div><script src=\"http:\/\/static.ak.fbcdn.net\/connect.php\/js\/FB.Share\" type=\"text\/javascript\"><\/script><\/div>","protected":false},"excerpt":{"rendered":"<p>OEstado de SP Reportagem: Fausto Macedo, Felipe de Paula, Aguirre Talento e Gustavo C\u00f4rtes; Edi\u00e7\u00e3o: Francisco Leali e Anna Carolina Papp; Design multim\u00eddia: William Brizola; Editora de infografia multim\u00eddia: Regina Elisabeth Silva; Editores-assistentes de infografia multim\u00eddia: Adriano Araujo e William Mariotto; Editor Executivo em Bras\u00edlia: Murilo Rodrigues Alves PET 16662. As tr\u00eas letras mai\u00fasculas seguidas &#8230;<\/p>\n","protected":false},"author":3,"featured_media":160249,"comment_status":"open","ping_status":"open","sticky":false,"template":"","format":"standard","meta":[],"categories":[1],"tags":[8],"jetpack_featured_media_url":"https:\/\/orc.com.br\/novo\/wp-content\/uploads\/2026\/09\/BancoMaster.webp","_links":{"self":[{"href":"http:\/\/www.orc.com.br\/novo\/wp-json\/wp\/v2\/posts\/160248"}],"collection":[{"href":"http:\/\/www.orc.com.br\/novo\/wp-json\/wp\/v2\/posts"}],"about":[{"href":"http:\/\/www.orc.com.br\/novo\/wp-json\/wp\/v2\/types\/post"}],"author":[{"embeddable":true,"href":"http:\/\/www.orc.com.br\/novo\/wp-json\/wp\/v2\/users\/3"}],"replies":[{"embeddable":true,"href":"http:\/\/www.orc.com.br\/novo\/wp-json\/wp\/v2\/comments?post=160248"}],"version-history":[{"count":1,"href":"http:\/\/www.orc.com.br\/novo\/wp-json\/wp\/v2\/posts\/160248\/revisions"}],"predecessor-version":[{"id":160250,"href":"http:\/\/www.orc.com.br\/novo\/wp-json\/wp\/v2\/posts\/160248\/revisions\/160250"}],"wp:featuredmedia":[{"embeddable":true,"href":"http:\/\/www.orc.com.br\/novo\/wp-json\/wp\/v2\/media\/160249"}],"wp:attachment":[{"href":"http:\/\/www.orc.com.br\/novo\/wp-json\/wp\/v2\/media?parent=160248"}],"wp:term":[{"taxonomy":"category","embeddable":true,"href":"http:\/\/www.orc.com.br\/novo\/wp-json\/wp\/v2\/categories?post=160248"},{"taxonomy":"post_tag","embeddable":true,"href":"http:\/\/www.orc.com.br\/novo\/wp-json\/wp\/v2\/tags?post=160248"}],"curies":[{"name":"wp","href":"https:\/\/api.w.org\/{rel}","templated":true}]}}