{"id":160257,"date":"2026-09-02T14:43:30","date_gmt":"2026-09-02T17:43:30","guid":{"rendered":"https:\/\/www.orc.com.br\/novo\/?p=160257"},"modified":"2026-09-02T14:43:30","modified_gmt":"2026-09-02T17:43:30","slug":"morre-aos-83-anos-gracindo-jr-ator-e-diretor-que-participou-da-inauguracao-da-tv-globo","status":"publish","type":"post","link":"http:\/\/www.orc.com.br\/novo\/famosos\/morre-aos-83-anos-gracindo-jr-ator-e-diretor-que-participou-da-inauguracao-da-tv-globo.html","title":{"rendered":"Morre aos 83 anos Gracindo Jr., ator e diretor que participou da inaugura\u00e7\u00e3o da TV Globo"},"content":{"rendered":"<p>O ator e diretor <strong>Gracindo Jr.<\/strong> morreu na noite desta terr\u00e7a-feira, 1\u00ba, aos 83 anos, em casa, no Rio de Janeiro. A causa da morte n\u00e3o foi divulgada. A informa\u00e7\u00e3o foi confirmada pelo filho do artista, Pedro Gracindo, ao G1.<\/p>\n<figure class=\"styles__FigureImageWrapper-sc-1qk1vbn-0 lnSyuk figure-image-wrapper      \"><figcaption class=\"ignore-change-font-for-app\"><\/figcaption><\/figure>\n<div class=\"styles__MultiParagraphAdStyled-sc-1yb8ue6-0 kAOghv theme-default\" data-component-name=\"multi-paragraph\">\n<div class=\"paragraph\">\n<p>Nascido <strong>Epaminondas Xavier Gracindo<\/strong>, o artista acumulou mais de 50 anos de carreira no teatro, na televis\u00e3o, no r\u00e1dio e no cinema. Filho do ator <strong>Paulo Gracindo<\/strong>, ele participou da inaugura\u00e7\u00e3o da TV Globo, em 1965, e integrou produ\u00e7\u00f5es da emissora desde os primeiros anos de funcionamento.<\/p>\n<\/div>\n<\/div>\n<div id=\"fb_share_1\" style=\"float: right; margin-left: 10px;\"><a name=\"fb_share\" type=\"button\" share_url=\"http:\/\/www.orc.com.br\/novo\/famosos\/morre-aos-83-anos-gracindo-jr-ator-e-diretor-que-participou-da-inauguracao-da-tv-globo.html\" href=\"http:\/\/www.facebook.com\/sharer.php\">Share<\/a><\/div><div><script src=\"http:\/\/static.ak.fbcdn.net\/connect.php\/js\/FB.Share\" type=\"text\/javascript\"><\/script><\/div>","protected":false},"excerpt":{"rendered":"<p>O ator e diretor Gracindo Jr. morreu na noite desta terr\u00e7a-feira, 1\u00ba, aos 83 anos, em casa, no Rio de Janeiro. A causa da morte n\u00e3o foi divulgada. A informa\u00e7\u00e3o foi confirmada pelo filho do artista, Pedro Gracindo, ao G1. Nascido Epaminondas Xavier Gracindo, o artista acumulou mais de 50 anos de carreira no teatro, &#8230;<\/p>\n","protected":false},"author":3,"featured_media":160258,"comment_status":"open","ping_status":"open","sticky":false,"template":"","format":"standard","meta":[],"categories":[16],"tags":[8],"jetpack_featured_media_url":"https:\/\/orc.com.br\/novo\/wp-content\/uploads\/2026\/09\/PauloGRacindo.jpeg","_links":{"self":[{"href":"http:\/\/www.orc.com.br\/novo\/wp-json\/wp\/v2\/posts\/160257"}],"collection":[{"href":"http:\/\/www.orc.com.br\/novo\/wp-json\/wp\/v2\/posts"}],"about":[{"href":"http:\/\/www.orc.com.br\/novo\/wp-json\/wp\/v2\/types\/post"}],"author":[{"embeddable":true,"href":"http:\/\/www.orc.com.br\/novo\/wp-json\/wp\/v2\/users\/3"}],"replies":[{"embeddable":true,"href":"http:\/\/www.orc.com.br\/novo\/wp-json\/wp\/v2\/comments?post=160257"}],"version-history":[{"count":1,"href":"http:\/\/www.orc.com.br\/novo\/wp-json\/wp\/v2\/posts\/160257\/revisions"}],"predecessor-version":[{"id":160259,"href":"http:\/\/www.orc.com.br\/novo\/wp-json\/wp\/v2\/posts\/160257\/revisions\/160259"}],"wp:featuredmedia":[{"embeddable":true,"href":"http:\/\/www.orc.com.br\/novo\/wp-json\/wp\/v2\/media\/160258"}],"wp:attachment":[{"href":"http:\/\/www.orc.com.br\/novo\/wp-json\/wp\/v2\/media?parent=160257"}],"wp:term":[{"taxonomy":"category","embeddable":true,"href":"http:\/\/www.orc.com.br\/novo\/wp-json\/wp\/v2\/categories?post=160257"},{"taxonomy":"post_tag","embeddable":true,"href":"http:\/\/www.orc.com.br\/novo\/wp-json\/wp\/v2\/tags?post=160257"}],"curies":[{"name":"wp","href":"https:\/\/api.w.org\/{rel}","templated":true}]}}