{"id":160266,"date":"2026-09-03T05:55:39","date_gmt":"2026-09-03T08:55:39","guid":{"rendered":"https:\/\/www.orc.com.br\/novo\/?p=160266"},"modified":"2026-09-03T05:55:39","modified_gmt":"2026-09-03T08:55:39","slug":"palmeiras-segura-o-santos-empata-na-vila-e-vai-a-semifinal-da-copa-do-brasil-neymar-se-machuca","status":"publish","type":"post","link":"http:\/\/www.orc.com.br\/novo\/esportes\/palmeiras-segura-o-santos-empata-na-vila-e-vai-a-semifinal-da-copa-do-brasil-neymar-se-machuca.html","title":{"rendered":"Palmeiras segura o Santos, empata na Vila e vai \u00e0 semifinal da Copa do Brasil; Neymar se machuca"},"content":{"rendered":"<p class=\"styles__ParagraphStyled-sc-6adecn-0 geGWDE theme-default  \" data-component-name=\"paragraph\"><a title=\"https:\/\/www.estadao.com.br\/tudo-sobre\/neymar\" href=\"https:\/\/www.estadao.com.br\/tudo-sobre\/neymar\" target=\"_blank\" rel=\"noopener\"><strong>Neymar <\/strong><\/a>havia dito que ele e o <strong>Santos <\/strong>se divertiriam na Vila Belmiro nesta quarta-feira. A previs\u00e3o n\u00e3o se confirmou. O astro santista pouco fez, deixou o campo machucado no intervalo e viu de fora o empate sem gols que classificou o <a title=\"https:\/\/www.estadao.com.br\/tudo-sobre\/palmeiras\/?srsltid=AfmBOorn_u6PrrJnwr522RJ_wsPDGcfyRVZ2l1z-JS6S4imfvsVgLxUj\" href=\"https:\/\/www.estadao.com.br\/tudo-sobre\/palmeiras\/?srsltid=AfmBOorn_u6PrrJnwr522RJ_wsPDGcfyRVZ2l1z-JS6S4imfvsVgLxUj\" target=\"_blank\" rel=\"noopener\"><strong>Palmeiras <\/strong><\/a>para as semifinais da <strong>Copa do Brasil<\/strong>.<\/p>\n<p class=\"styles__ParagraphStyled-sc-6adecn-0 geGWDE theme-default  \" data-component-name=\"paragraph\">O time alviverde se tornou um dos quatro semifinalistas gra\u00e7as \u00e0 vit\u00f3ria larga, de 3 a 0, que conquistou na semana passada, no Nubank Parque, onde poderia ter goleado. Na Vila, tamb\u00e9m criou para vencer de dois ou mais. N\u00e3o ganhou porque Maur\u00edcio e Vitor Roque cansaram de perder gols.<\/p>\n<div class=\"styles__MultiParagraphAdStyled-sc-1yb8ue6-0 kAOghv theme-default\" data-component-name=\"multi-paragraph\">\n<div class=\"paragraph\">\n<p>O Palmeiras ter\u00e1 o Vasco como oponente por uma vaga na final da Copa do Brasil, competi\u00e7\u00e3o que ganhou pela \u00faltima vez em 2020. O time persegue seu quinto t\u00edtulo. As semifinais est\u00e3o marcadas para os dias 8 e 1\u00ba e 8 de novembro, dois domingos. Ao Santos, restam o Brasileir\u00e3o e a Sul-Americana.<\/p>\n<p>Com 3 a 0 de vantagem, o Palmeiras decidiu dar a bola ao Santos. Fez marca\u00e7\u00e3o individual, estrat\u00e9gia arriscada, e viu o advers\u00e1rio rondar a sua \u00e1rea por muito tempo. Todos ataques santistas passavam pelo p\u00e9 de Neymar, sem a mobilidade de outrora, mas com a t\u00e9cnica preservada.<\/p>\n<\/div>\n<\/div>\n<p class=\"styles__ParagraphStyled-sc-6adecn-0 geGWDE theme-default  \" data-component-name=\"paragraph\">O plano palmeirense foi bem-sucedido no primeiro tempo n\u00e3o tanto pela compet\u00eancia na marca\u00e7\u00e3o, mas muito mais pelas pr\u00f3prias limita\u00e7\u00f5es do Santos, que exercia um controle in\u00f3cuo, sem saber como penetrar na zaga advers\u00e1ria. Carlos Miguel s\u00f3 trabalhou em cobran\u00e7a de falta violenta de Neymar que o goleiro palmeirense espalmou.<\/p>\n<p class=\"styles__ParagraphStyled-sc-6adecn-0 geGWDE theme-default  \" data-component-name=\"paragraph\">Quando os visitantes passaram a ter a bola, encontraram espa\u00e7os e armaram contra-ataques que poderiam ter definido o confronto ainda no primeiro tempo. Todos os tr\u00eas contragolpes ca\u00edram nos p\u00e9 direito do canhoto Maur\u00edcio. E ele perdeu os tr\u00eas, incluindo um sem goleiro.<\/p>\n<p data-component-name=\"paragraph\">A torcida santista foi murchando e desanimou de vez quando viu Neymar acusar les\u00e3o. Ele sentiu o m\u00fasculo posterior da coxa direita e apenas fez n\u00famero em campo at\u00e9 ser substitu\u00eddo no intervalo. A nova contus\u00e3o o deixou cabisbaixo.<\/p>\n<p class=\"styles__ParagraphStyled-sc-6adecn-0 geGWDE theme-default  \" data-component-name=\"paragraph\">A Vila Belmiro esmoreceu definitivamente no segundo tempo. Foi reflexo do que jogou o anfitri\u00e3o. Ou melhor, do que n\u00e3o jogou. Rony e Mois\u00e9s, as escolhas de Cuca, nada produziram. O time da casa nem a bola passou a ter mais.<\/p>\n<p class=\"styles__ParagraphStyled-sc-6adecn-0 geGWDE theme-default  \" data-component-name=\"paragraph\">O Palmeiras, com Vitor Roque no ataque no lugar de Flaco L\u00f3pez e Khellven como um ponta, completando a dobra de lateral que Abel Ferreira tanto venera, teve todo o campo para trocar passes e achar o caminho para construir outra vit\u00f3ria sobre o rival.<\/p>\n<p class=\"styles__ParagraphStyled-sc-6adecn-0 geGWDE theme-default  \" data-component-name=\"paragraph\">N\u00e3o construiu porque Vitor Roque mostrou p\u00e9ssima efici\u00eancia perto do gol, repetindo erros de finaliza\u00e7\u00e3o inimagin\u00e1veis at\u00e9 meses atr\u00e1s, quando era considerado um dos melhores atacantes do Pa\u00eds.<\/p>\n<p class=\"styles__ParagraphStyled-sc-6adecn-0 geGWDE theme-default  \" data-component-name=\"paragraph\">O segundo tempo foi sofr\u00edvel tecnicamente. Melhor para o Palmeiras. Ruim para o Santos, que n\u00e3o se divertiu, como Neymar havia projetado, tampouco gostaram os 15 mil santistas na Vila. Alguns deles vaiaram ap\u00f3s o apito final. Mas a maioria apoiou.<\/p>\n<p class=\"styles__ParagraphStyled-sc-6adecn-0 geGWDE theme-default  \" data-component-name=\"paragraph\">Milhares cantaram o nome da equipe, que joga o Brasileir\u00e3o para se afastar da zona do rebaixamento. A \u00fanica chance de t\u00edtulo no ano \u00e9 a Sul-Americana. O Palmeiras pode sonhar com as ta\u00e7as da Copa do Brasil, da Libertadores e do Brasileir\u00e3o, do qual \u00e9 l\u00edder.<\/p>\n<p data-component-name=\"paragraph\">\n<div id=\"fb_share_1\" style=\"float: right; margin-left: 10px;\"><a name=\"fb_share\" type=\"button\" share_url=\"http:\/\/www.orc.com.br\/novo\/esportes\/palmeiras-segura-o-santos-empata-na-vila-e-vai-a-semifinal-da-copa-do-brasil-neymar-se-machuca.html\" href=\"http:\/\/www.facebook.com\/sharer.php\">Share<\/a><\/div><div><script src=\"http:\/\/static.ak.fbcdn.net\/connect.php\/js\/FB.Share\" type=\"text\/javascript\"><\/script><\/div>","protected":false},"excerpt":{"rendered":"<p>Neymar havia dito que ele e o Santos se divertiriam na Vila Belmiro nesta quarta-feira. A previs\u00e3o n\u00e3o se confirmou. O astro santista pouco fez, deixou o campo machucado no intervalo e viu de fora o empate sem gols que classificou o Palmeiras para as semifinais da Copa do Brasil. O time alviverde se tornou &#8230;<\/p>\n","protected":false},"author":3,"featured_media":160267,"comment_status":"open","ping_status":"open","sticky":false,"template":"","format":"standard","meta":[],"categories":[5],"tags":[8],"jetpack_featured_media_url":"https:\/\/orc.com.br\/novo\/wp-content\/uploads\/2026\/09\/Palmeiras.webp","_links":{"self":[{"href":"http:\/\/www.orc.com.br\/novo\/wp-json\/wp\/v2\/posts\/160266"}],"collection":[{"href":"http:\/\/www.orc.com.br\/novo\/wp-json\/wp\/v2\/posts"}],"about":[{"href":"http:\/\/www.orc.com.br\/novo\/wp-json\/wp\/v2\/types\/post"}],"author":[{"embeddable":true,"href":"http:\/\/www.orc.com.br\/novo\/wp-json\/wp\/v2\/users\/3"}],"replies":[{"embeddable":true,"href":"http:\/\/www.orc.com.br\/novo\/wp-json\/wp\/v2\/comments?post=160266"}],"version-history":[{"count":1,"href":"http:\/\/www.orc.com.br\/novo\/wp-json\/wp\/v2\/posts\/160266\/revisions"}],"predecessor-version":[{"id":160268,"href":"http:\/\/www.orc.com.br\/novo\/wp-json\/wp\/v2\/posts\/160266\/revisions\/160268"}],"wp:featuredmedia":[{"embeddable":true,"href":"http:\/\/www.orc.com.br\/novo\/wp-json\/wp\/v2\/media\/160267"}],"wp:attachment":[{"href":"http:\/\/www.orc.com.br\/novo\/wp-json\/wp\/v2\/media?parent=160266"}],"wp:term":[{"taxonomy":"category","embeddable":true,"href":"http:\/\/www.orc.com.br\/novo\/wp-json\/wp\/v2\/categories?post=160266"},{"taxonomy":"post_tag","embeddable":true,"href":"http:\/\/www.orc.com.br\/novo\/wp-json\/wp\/v2\/tags?post=160266"}],"curies":[{"name":"wp","href":"https:\/\/api.w.org\/{rel}","templated":true}]}}