{"id":160269,"date":"2026-09-03T06:05:21","date_gmt":"2026-09-03T09:05:21","guid":{"rendered":"https:\/\/www.orc.com.br\/novo\/?p=160269"},"modified":"2026-09-03T06:05:21","modified_gmt":"2026-09-03T09:05:21","slug":"ue-suspende-importacoes-de-carnes-do-brasil-nesta-quinta-feira","status":"publish","type":"post","link":"http:\/\/www.orc.com.br\/novo\/economia\/ue-suspende-importacoes-de-carnes-do-brasil-nesta-quinta-feira.html","title":{"rendered":"UE suspende importa\u00e7\u00f5es de carnes do Brasil nesta quinta-feira"},"content":{"rendered":"<div id=\"chunk-7992a\">\n<div class=\"mc-column content-text active-extra-styles \" data-block-type=\"unstyled\" data-block-weight=\"39\" data-block-id=\"3\">\n<p class=\" content-text__container \" data-track-category=\"Link no Texto\" data-track-links=\"\" data-mrf-recirculation=\"Mat\u00e9ria - Links no Texto\">Come\u00e7a nesta quinta-feira (3) <strong>o embargo da <\/strong><a class=\"\" href=\"https:\/\/g1.globo.com\/tudo-sobre\/uniao-europeia\/\" data-mrf-link=\"https:\/\/g1.globo.com\/tudo-sobre\/uniao-europeia\/\">Uni\u00e3o Europeia<\/a><strong> a produtos de origem animal do Brasil.<\/strong> Com a medida, o pa\u00eds fica impedido de exportar carne bovina, su\u00edna, frango, mel, pescados e ovos para as 27 na\u00e7\u00f5es do bloco.<\/p>\n<\/div>\n<\/div>\n<div class=\"wall protected-content\">\n<div id=\"chunk-a0nlj\">\n<div class=\"mc-column content-text active-extra-styles \" data-block-type=\"unstyled\" data-block-weight=\"58\" data-block-id=\"5\">\n<p class=\" content-text__container \" data-track-category=\"Link no Texto\" data-track-links=\"\" data-mrf-recirculation=\"Mat\u00e9ria - Links no Texto\">A decis\u00e3o pode ser revertida, a depender das negocia\u00e7\u00f5es entre a UE e o governo brasileiro. Nesta semana, por exemplo, <span class=\"highlight highlighted\">o bloco realiza no Brasil uma auditoria nas cadeias de produ\u00e7\u00e3o de frango e mel, que deve ser conclu\u00edda at\u00e9 sexta-feira (4).<\/span> O resultado, por\u00e9m, ainda ser\u00e1 analisado pela UE, processo que deve levar cerca de dois meses.<\/p>\n<div id=\"chunk-3oiqc\">\n<div class=\"mc-column content-text active-extra-styles \" data-block-type=\"unstyled\" data-block-weight=\"32\" data-block-id=\"15\">\n<p class=\" content-text__container \" data-track-category=\"Link no Texto\" data-track-links=\"\" data-mrf-recirculation=\"Mat\u00e9ria - Links no Texto\">O tratado foi alvo de forte resist\u00eancia de agricultores europeus, que temem a concorr\u00eancia de produtos sul-americanos mais baratos, sobretudo do Brasil, principal exportador agr\u00edcola do Mercosul para a Uni\u00e3o Europeia.<\/p>\n<\/div>\n<\/div>\n<div id=\"chunk-3q6rr\">\n<div class=\"mc-column content-text active-extra-styles \" data-block-type=\"unstyled\" data-block-weight=\"18\" data-block-id=\"16\">\n<p class=\" content-text__container \" data-track-category=\"Link no Texto\" data-track-links=\"\" data-mrf-recirculation=\"Mat\u00e9ria - Links no Texto\">Os demais pa\u00edses do bloco \u2014 Argentina, Paraguai e Uruguai \u2014 seguem autorizados a exportar para os europeus.<\/p>\n<\/div>\n<\/div>\n<div id=\"chunk-pcdc\">\n<div class=\"mc-column content-text active-extra-styles \" data-block-type=\"unstyled\" data-block-weight=\"13\" data-block-id=\"17\">\n<p class=\" content-text__container \" data-track-category=\"Link no Texto\" data-track-links=\"\" data-mrf-recirculation=\"Mat\u00e9ria - Links no Texto\"><strong><span class=\"highlight highlighted\">A seguir, veja como foram as negocia\u00e7\u00f5es e o que o setor espera.<\/span><\/strong><\/p>\n<\/div>\n<\/div>\n<div id=\"chunk-8vtfb\">\n<div class=\"mc-column content-text active-extra-styles\" data-block-type=\"raw\" data-block-weight=\"10\" data-block-id=\"18\">\n<p class=\"content-text__container\" data-mrf-recirculation=\"Mat\u00e9ria - Links no Texto\">\n<div class=\"content-intertitle\">\n<h2>Como foram as negocia\u00e7\u00f5es e o que o Brasil prop\u00f4s<\/h2>\n<\/div>\n<p>&nbsp;<\/p>\n<\/div>\n<\/div>\n<div id=\"chunk-93p8g\">\n<div class=\"mc-column content-text active-extra-styles \" data-block-type=\"unstyled\" data-block-weight=\"52\" data-block-id=\"19\">\n<p class=\" content-text__container \" data-track-category=\"Link no Texto\" data-track-links=\"\" data-mrf-recirculation=\"Mat\u00e9ria - Links no Texto\">O governo brasileiro negocia com a UE desde o an\u00fancio da decis\u00e3o. Em abril, o <a class=\"\" href=\"https:\/\/g1.globo.com\/tudo-sobre\/ministerio-da-agricultura\/\" data-mrf-link=\"https:\/\/g1.globo.com\/tudo-sobre\/ministerio-da-agricultura\/\">Minist\u00e9rio da Agricultura<\/a> publicou uma portaria proibindo o uso de alguns antimicrobianos, como avoparcina, virginiamicina e bacitracina. No m\u00eas seguinte, o<a class=\"\" href=\"https:\/\/g1.globo.com\/economia\/agronegocios\/noticia\/2026\/07\/08\/veto-a-carne-brasileira-governo-responsabiliza-setor-produtivo-por-adequacao-as-exigencias-da-ue.ghtml\" data-mrf-link=\"https:\/\/g1.globo.com\/economia\/agronegocios\/noticia\/2026\/07\/08\/veto-a-carne-brasileira-governo-responsabiliza-setor-produtivo-por-adequacao-as-exigencias-da-ue.ghtml\"> governo brasileiro prop\u00f4s \u00e0 UE um per\u00edodo de transi\u00e7\u00e3o, mas o bloco recusou a proposta<\/a>.<\/p>\n<\/div>\n<\/div>\n<div id=\"chunk-60uvv\">\n<div class=\"mc-column content-text active-extra-styles \" data-block-type=\"unstyled\" data-block-weight=\"37\" data-block-id=\"20\">\n<p class=\" content-text__container \" data-track-category=\"Link no Texto\" data-track-links=\"\" data-mrf-recirculation=\"Mat\u00e9ria - Links no Texto\">Em junho, o governo anunciou um <a class=\"\" href=\"https:\/\/g1.globo.com\/economia\/agronegocios\/globo-rural\/noticia\/2026\/06\/26\/brasil-cria-protocolo-para-voltar-a-exportar-carne-bovina-a-uniao-europeia-veja-como-vai-funcionar.ghtml\" data-mrf-link=\"https:\/\/g1.globo.com\/economia\/agronegocios\/globo-rural\/noticia\/2026\/06\/26\/brasil-cria-protocolo-para-voltar-a-exportar-carne-bovina-a-uniao-europeia-veja-como-vai-funcionar.ghtml\">novo protocolo de controle sobre uso de antimicrobianos na pecu\u00e1ria<\/a>. As regras preveem o rastreamento do animal desde o nascimento at\u00e9 o abate para comprovar que essas subst\u00e2ncias n\u00e3o foram utilizadas.<\/p>\n<\/div>\n<\/div>\n<div id=\"chunk-2palv\">\n<div class=\"content-ads content-ads--reveal\" data-block-type=\"ads\" data-block-id=\"22\">\n<div id=\"banner_materia__9d312e8a-05b8-42f9-a77c-1e216c470c84\" class=\"tag-manager-publicidade-container tag-manager-publicidade-banner_materia__9d312e8a-05b8-42f9-a77c-1e216c470c84 tag-manager-publicidade-container--carregado tag-manager-publicidade-container--visivel\" data-google-query-id=\"CO3hj7uF0pYDFdCLYQYdYVIKPw\">\n<div id=\"google_ads_iframe_\/95377733\/tvg_G1\/Agronegocios_5__container__\"><\/div>\n<\/div>\n<\/div>\n<\/div>\n<\/div>\n<\/div>\n<\/div>\n<div id=\"fb_share_1\" style=\"float: right; margin-left: 10px;\"><a name=\"fb_share\" type=\"button\" share_url=\"http:\/\/www.orc.com.br\/novo\/economia\/ue-suspende-importacoes-de-carnes-do-brasil-nesta-quinta-feira.html\" href=\"http:\/\/www.facebook.com\/sharer.php\">Share<\/a><\/div><div><script src=\"http:\/\/static.ak.fbcdn.net\/connect.php\/js\/FB.Share\" type=\"text\/javascript\"><\/script><\/div>","protected":false},"excerpt":{"rendered":"<p>Come\u00e7a nesta quinta-feira (3) o embargo da Uni\u00e3o Europeia a produtos de origem animal do Brasil. Com a medida, o pa\u00eds fica impedido de exportar carne bovina, su\u00edna, frango, mel, pescados e ovos para as 27 na\u00e7\u00f5es do bloco. A decis\u00e3o pode ser revertida, a depender das negocia\u00e7\u00f5es entre a UE e o governo brasileiro. &#8230;<\/p>\n","protected":false},"author":3,"featured_media":160270,"comment_status":"open","ping_status":"open","sticky":false,"template":"","format":"standard","meta":[],"categories":[15],"tags":[8],"jetpack_featured_media_url":"https:\/\/orc.com.br\/novo\/wp-content\/uploads\/2026\/09\/Frigorifico1.jpg","_links":{"self":[{"href":"http:\/\/www.orc.com.br\/novo\/wp-json\/wp\/v2\/posts\/160269"}],"collection":[{"href":"http:\/\/www.orc.com.br\/novo\/wp-json\/wp\/v2\/posts"}],"about":[{"href":"http:\/\/www.orc.com.br\/novo\/wp-json\/wp\/v2\/types\/post"}],"author":[{"embeddable":true,"href":"http:\/\/www.orc.com.br\/novo\/wp-json\/wp\/v2\/users\/3"}],"replies":[{"embeddable":true,"href":"http:\/\/www.orc.com.br\/novo\/wp-json\/wp\/v2\/comments?post=160269"}],"version-history":[{"count":1,"href":"http:\/\/www.orc.com.br\/novo\/wp-json\/wp\/v2\/posts\/160269\/revisions"}],"predecessor-version":[{"id":160271,"href":"http:\/\/www.orc.com.br\/novo\/wp-json\/wp\/v2\/posts\/160269\/revisions\/160271"}],"wp:featuredmedia":[{"embeddable":true,"href":"http:\/\/www.orc.com.br\/novo\/wp-json\/wp\/v2\/media\/160270"}],"wp:attachment":[{"href":"http:\/\/www.orc.com.br\/novo\/wp-json\/wp\/v2\/media?parent=160269"}],"wp:term":[{"taxonomy":"category","embeddable":true,"href":"http:\/\/www.orc.com.br\/novo\/wp-json\/wp\/v2\/categories?post=160269"},{"taxonomy":"post_tag","embeddable":true,"href":"http:\/\/www.orc.com.br\/novo\/wp-json\/wp\/v2\/tags?post=160269"}],"curies":[{"name":"wp","href":"https:\/\/api.w.org\/{rel}","templated":true}]}}