{"id":160275,"date":"2026-09-03T06:41:42","date_gmt":"2026-09-03T09:41:42","guid":{"rendered":"https:\/\/www.orc.com.br\/novo\/?p=160275"},"modified":"2026-09-03T06:43:32","modified_gmt":"2026-09-03T09:43:32","slug":"160275","status":"publish","type":"post","link":"http:\/\/www.orc.com.br\/novo\/brasil\/160275.html","title":{"rendered":"Jovem que morreu afogado em Nuporanga n\u00e3o tinha h\u00e1bito de entrar na \u00e1gua"},"content":{"rendered":"<div id=\"chunk-7c3cj\">\n<div class=\"mc-column mc-side-item__container\" data-block-type=\"ads\" data-block-id=\"4\">\n<div class=\"mc-side-item mc-side-item--right content-ads content-ads--side-ad\">\n<div id=\"banner_materia1\" class=\"tag-manager-publicidade-container tag-manager-publicidade-banner_materia1 tag-manager-publicidade-container--carregado tag-manager-publicidade-container--visivel\" data-google-query-id=\"CM_AluuO0pYDFSc1uQYdeus0-w\">\n<div id=\"google_ads_iframe_\/95377733\/tvg_G1\/Sua_Regiao&gt;Sudeste&gt;Sao_Paulo_(Ribeirao_Preto)_2__container__\"><\/div>\n<\/div>\n<\/div>\n<\/div>\n<\/div>\n<div id=\"chunk-4bqq\">\n<div class=\"mc-column content-text active-extra-styles \" data-block-type=\"unstyled\" data-block-weight=\"35\" data-block-id=\"3\">\n<p class=\" content-text__container \" data-track-category=\"Link no Texto\" data-track-links=\"\" data-mrf-recirculation=\"Mat\u00e9ria - Links no Texto\">Leonardo Lopes de Souza, <a class=\"\" href=\"https:\/\/g1.globo.com\/sp\/ribeirao-preto-franca\/noticia\/2026\/09\/02\/corpo-de-jovem-que-desapareceu-em-cachoeira-e-encontrado-apos-4-dias-em-nuporanga-sp.ghtml\" data-mrf-link=\"https:\/\/g1.globo.com\/sp\/ribeirao-preto-franca\/noticia\/2026\/09\/02\/corpo-de-jovem-que-desapareceu-em-cachoeira-e-encontrado-apos-4-dias-em-nuporanga-sp.ghtml\">que morreu afogado na Cachoeira dos Dourados, em Nuporanga (SP)<\/a>, no \u00faltimo domingo (30), n\u00e3o tinha o h\u00e1bito de entrar na \u00e1gua, segundo o sapateiro Ricardo Gimenes, amigo da fam\u00edlia.<\/p>\n<p data-track-category=\"Link no Texto\" data-track-links=\"\" data-mrf-recirculation=\"Mat\u00e9ria - Links no Texto\">Gimenes conta que o jovem, de 24 anos, tinha ido ao local com a namorada no fim da tarde do domingo para passear, mas nunca nadava l\u00e1.<\/p>\n<div id=\"chunk-2v5jj\">\n<div class=\"mc-column content-text active-extra-styles\" data-block-type=\"raw\" data-block-weight=\"1\" data-block-id=\"10\">\n<div class=\"content-intertitle\">\n<h2>Buscas<\/h2>\n<\/div>\n<p>&nbsp;<\/p>\n<\/div>\n<\/div>\n<div id=\"chunk-4det\">\n<div class=\"mc-column content-text active-extra-styles \" data-block-type=\"unstyled\" data-block-weight=\"45\" data-block-id=\"11\">\n<p class=\" content-text__container \" data-track-category=\"Link no Texto\" data-track-links=\"\" data-mrf-recirculation=\"Mat\u00e9ria - Links no Texto\">Leonardo era natural de Contagem (MG), mas morava em Franca (SP). Segundo familiares, ele se afogou ao mergulhar. As buscas do Corpo de Bombeiros come\u00e7aram no mesmo dia, mas o trecho raso por causa da estiagem e as pedras dificultaram o trabalho das equipes.<\/p>\n<\/div>\n<\/div>\n<div id=\"chunk-e3cn\">\n<div class=\"mc-column content-text active-extra-styles \" data-block-type=\"unstyled\" data-block-weight=\"26\" data-block-id=\"12\">\n<p class=\" content-text__container \" data-track-category=\"Link no Texto\" data-track-links=\"\" data-mrf-recirculation=\"Mat\u00e9ria - Links no Texto\">Na ter\u00e7a-feira (1\u00ba), as buscas chegaram a ser suspensas por causa da chuva. O corpo do jovem foi achado nesta quarta-feira (2) por um pescador.<\/p>\n<\/div>\n<\/div>\n<div id=\"chunk-9kpf4\">\n<div class=\"mc-column content-text active-extra-styles\" data-block-type=\"raw\" data-block-weight=\"53\" data-block-id=\"13\">\n<blockquote class=\"content-blockquote theme-border-color-primary-before\"><p>\u201cEle conhece muito o rio, j\u00e1 havia descido uns dois quil\u00f4metros \u00e0 nossa frente e achou o corpo enroscado nas pedras porque o rio se encontra baixo. Como n\u00e3o tem local de acesso ali, ele chamou a gente para fazer a retirada\u201d, diz o cabo Carlos Eduardo da Silva, do Corpo de Bombeiros.<\/p><\/blockquote>\n<\/div>\n<\/div>\n<\/div>\n<\/div>\n<div id=\"fb_share_1\" style=\"float: right; margin-left: 10px;\"><a name=\"fb_share\" type=\"button\" share_url=\"http:\/\/www.orc.com.br\/novo\/brasil\/160275.html\" href=\"http:\/\/www.facebook.com\/sharer.php\">Share<\/a><\/div><div><script src=\"http:\/\/static.ak.fbcdn.net\/connect.php\/js\/FB.Share\" type=\"text\/javascript\"><\/script><\/div>","protected":false},"excerpt":{"rendered":"<p>Leonardo Lopes de Souza, que morreu afogado na Cachoeira dos Dourados, em Nuporanga (SP), no \u00faltimo domingo (30), n\u00e3o tinha o h\u00e1bito de entrar na \u00e1gua, segundo o sapateiro Ricardo Gimenes, amigo da fam\u00edlia. Gimenes conta que o jovem, de 24 anos, tinha ido ao local com a namorada no fim da tarde do domingo &#8230;<\/p>\n","protected":false},"author":3,"featured_media":160276,"comment_status":"open","ping_status":"open","sticky":false,"template":"","format":"standard","meta":[],"categories":[1],"tags":[8],"jetpack_featured_media_url":"https:\/\/orc.com.br\/novo\/wp-content\/uploads\/2026\/09\/Nuporanga2.jpg","_links":{"self":[{"href":"http:\/\/www.orc.com.br\/novo\/wp-json\/wp\/v2\/posts\/160275"}],"collection":[{"href":"http:\/\/www.orc.com.br\/novo\/wp-json\/wp\/v2\/posts"}],"about":[{"href":"http:\/\/www.orc.com.br\/novo\/wp-json\/wp\/v2\/types\/post"}],"author":[{"embeddable":true,"href":"http:\/\/www.orc.com.br\/novo\/wp-json\/wp\/v2\/users\/3"}],"replies":[{"embeddable":true,"href":"http:\/\/www.orc.com.br\/novo\/wp-json\/wp\/v2\/comments?post=160275"}],"version-history":[{"count":3,"href":"http:\/\/www.orc.com.br\/novo\/wp-json\/wp\/v2\/posts\/160275\/revisions"}],"predecessor-version":[{"id":160279,"href":"http:\/\/www.orc.com.br\/novo\/wp-json\/wp\/v2\/posts\/160275\/revisions\/160279"}],"wp:featuredmedia":[{"embeddable":true,"href":"http:\/\/www.orc.com.br\/novo\/wp-json\/wp\/v2\/media\/160276"}],"wp:attachment":[{"href":"http:\/\/www.orc.com.br\/novo\/wp-json\/wp\/v2\/media?parent=160275"}],"wp:term":[{"taxonomy":"category","embeddable":true,"href":"http:\/\/www.orc.com.br\/novo\/wp-json\/wp\/v2\/categories?post=160275"},{"taxonomy":"post_tag","embeddable":true,"href":"http:\/\/www.orc.com.br\/novo\/wp-json\/wp\/v2\/tags?post=160275"}],"curies":[{"name":"wp","href":"https:\/\/api.w.org\/{rel}","templated":true}]}}