{"id":160284,"date":"2026-09-03T08:02:32","date_gmt":"2026-09-03T11:02:32","guid":{"rendered":"https:\/\/www.orc.com.br\/novo\/?p=160284"},"modified":"2026-09-03T08:02:32","modified_gmt":"2026-09-03T11:02:32","slug":"prefeitura-de-orlandia-exonera-84-funcionarios-em-cargos-comissao","status":"publish","type":"post","link":"http:\/\/www.orc.com.br\/novo\/brasil\/prefeitura-de-orlandia-exonera-84-funcionarios-em-cargos-comissao.html","title":{"rendered":"Prefeitura de Orl\u00e2ndia exonera 84 funcion\u00e1rios em cargos comiss\u00e3o"},"content":{"rendered":"<p>Jornal Nova Cidade<\/p>\n<p>A Prefeitura de Orl\u00e2ndia exonerou 84 funcion\u00e1rios em cargos comiss\u00e3o para adequa\u00e7\u00e3o \u00e0 nova reforma administrativa; confira a lista<\/p>\n<p>As portarias foram divulgadas no Jornal Oficial do Munic\u00edpio, de 2 de setembro de 2026, e fazem parte do processo de reestrutura\u00e7\u00e3o administrativa do Poder Executivo.<\/p>\n<p>Agora, resta saber quem ser\u00e1 escolhido pelo prefeito e pelo vice-prefeito para permanecer na administra\u00e7\u00e3o e qual ser\u00e1 o impacto financeiro da nova estrutura para os pr\u00f3ximos anos.<\/p>\n<p><strong>\u00a0<\/strong><\/p>\n<p>A medida ocorre ap\u00f3s a san\u00e7\u00e3o da <strong>Lei Complementar n\u00ba 107<\/strong>, assinada pelo prefeito <strong>Jorge Gabriel Grasi<\/strong> em 1\u00ba de setembro. A nova legisla\u00e7\u00e3o promove uma ampla reestrutura\u00e7\u00e3o da administra\u00e7\u00e3o p\u00fablica municipal, com mudan\u00e7as na organiza\u00e7\u00e3o das secretarias, \u00f3rg\u00e3os, cargos em comiss\u00e3o e fun\u00e7\u00f5es de confian\u00e7a.<\/p>\n<p>Com a nova estrutura, os cargos em comiss\u00e3o passam a ser destinados \u00e0s fun\u00e7\u00f5es de <strong>dire\u00e7\u00e3o, chefia e assessoramento<\/strong>, enquanto as fun\u00e7\u00f5es de confian\u00e7a s\u00e3o destinadas a servidores efetivos, conforme as regras estabelecidas pela legisla\u00e7\u00e3o.<\/p>\n<p>As exonera\u00e7\u00f5es <strong>n\u00e3o significam necessariamente o desligamento definitivo dos servidores<\/strong>. Parte dos ocupantes poder\u00e1 ser posteriormente nomeada para cargos previstos na nova estrutura, desde que atendidos os requisitos legais.<\/p>\n<p><strong>\u00a0<\/strong><\/p>\n<p><img loading=\"lazy\" class=\"wp-image-53124\" src=\"https:\/\/i0.wp.com\/novacidade.com\/wp-content\/uploads\/2026\/09\/Captura-de-tela_2-9-2026_183646_.jpeg?resize=718%2C1024&amp;ssl=1\" sizes=\"auto, (max-width: 718px) 100vw, 718px\" srcset=\"https:\/\/i0.wp.com\/novacidade.com\/wp-content\/uploads\/2026\/09\/Captura-de-tela_2-9-2026_183646_.jpeg?resize=718%2C1024&amp;ssl=1 718w, https:\/\/i0.wp.com\/novacidade.com\/wp-content\/uploads\/2026\/09\/Captura-de-tela_2-9-2026_183646_.jpeg?resize=767%2C1094&amp;ssl=1 767w, https:\/\/i0.wp.com\/novacidade.com\/wp-content\/uploads\/2026\/09\/Captura-de-tela_2-9-2026_183646_.jpeg?resize=210%2C300&amp;ssl=1 210w, https:\/\/i0.wp.com\/novacidade.com\/wp-content\/uploads\/2026\/09\/Captura-de-tela_2-9-2026_183646_.jpeg?w=771&amp;ssl=1 771w\" alt=\"\" width=\"718\" height=\"1024\" data-recalc-dims=\"1\" \/><\/p>\n<div id=\"fb_share_1\" style=\"float: right; margin-left: 10px;\"><a name=\"fb_share\" type=\"button\" share_url=\"http:\/\/www.orc.com.br\/novo\/brasil\/prefeitura-de-orlandia-exonera-84-funcionarios-em-cargos-comissao.html\" href=\"http:\/\/www.facebook.com\/sharer.php\">Share<\/a><\/div><div><script src=\"http:\/\/static.ak.fbcdn.net\/connect.php\/js\/FB.Share\" type=\"text\/javascript\"><\/script><\/div>","protected":false},"excerpt":{"rendered":"<p>Jornal Nova Cidade A Prefeitura de Orl\u00e2ndia exonerou 84 funcion\u00e1rios em cargos comiss\u00e3o para adequa\u00e7\u00e3o \u00e0 nova reforma administrativa; confira a lista As portarias foram divulgadas no Jornal Oficial do Munic\u00edpio, de 2 de setembro de 2026, e fazem parte do processo de reestrutura\u00e7\u00e3o administrativa do Poder Executivo. Agora, resta saber quem ser\u00e1 escolhido pelo &#8230;<\/p>\n","protected":false},"author":3,"featured_media":160285,"comment_status":"open","ping_status":"open","sticky":false,"template":"","format":"standard","meta":[],"categories":[1],"tags":[8],"jetpack_featured_media_url":"https:\/\/orc.com.br\/novo\/wp-content\/uploads\/2026\/09\/Prefeitura21.jpeg","_links":{"self":[{"href":"http:\/\/www.orc.com.br\/novo\/wp-json\/wp\/v2\/posts\/160284"}],"collection":[{"href":"http:\/\/www.orc.com.br\/novo\/wp-json\/wp\/v2\/posts"}],"about":[{"href":"http:\/\/www.orc.com.br\/novo\/wp-json\/wp\/v2\/types\/post"}],"author":[{"embeddable":true,"href":"http:\/\/www.orc.com.br\/novo\/wp-json\/wp\/v2\/users\/3"}],"replies":[{"embeddable":true,"href":"http:\/\/www.orc.com.br\/novo\/wp-json\/wp\/v2\/comments?post=160284"}],"version-history":[{"count":1,"href":"http:\/\/www.orc.com.br\/novo\/wp-json\/wp\/v2\/posts\/160284\/revisions"}],"predecessor-version":[{"id":160286,"href":"http:\/\/www.orc.com.br\/novo\/wp-json\/wp\/v2\/posts\/160284\/revisions\/160286"}],"wp:featuredmedia":[{"embeddable":true,"href":"http:\/\/www.orc.com.br\/novo\/wp-json\/wp\/v2\/media\/160285"}],"wp:attachment":[{"href":"http:\/\/www.orc.com.br\/novo\/wp-json\/wp\/v2\/media?parent=160284"}],"wp:term":[{"taxonomy":"category","embeddable":true,"href":"http:\/\/www.orc.com.br\/novo\/wp-json\/wp\/v2\/categories?post=160284"},{"taxonomy":"post_tag","embeddable":true,"href":"http:\/\/www.orc.com.br\/novo\/wp-json\/wp\/v2\/tags?post=160284"}],"curies":[{"name":"wp","href":"https:\/\/api.w.org\/{rel}","templated":true}]}}