{"id":160304,"date":"2026-09-04T07:49:14","date_gmt":"2026-09-04T10:49:14","guid":{"rendered":"https:\/\/www.orc.com.br\/novo\/?p=160304"},"modified":"2026-09-04T08:16:19","modified_gmt":"2026-09-04T11:16:19","slug":"andre-mendonca-e-alvo-de-acao-por-supostos-crimes-de-contratacao-direta-ilegal-e-falsidade-ideologica","status":"publish","type":"post","link":"http:\/\/www.orc.com.br\/novo\/brasil\/andre-mendonca-e-alvo-de-acao-por-supostos-crimes-de-contratacao-direta-ilegal-e-falsidade-ideologica.html","title":{"rendered":"Andr\u00e9 Mendon\u00e7a \u00e9 alvo de a\u00e7\u00e3o por supostos crimes de contrata\u00e7\u00e3o direta ilegal e falsidade ideol\u00f3gica"},"content":{"rendered":"<p>Deputados federais do PT acionaram a Procuradoria-Geral da Rep\u00fablica (PGR) nesta quinta-feira (3) e pediram a abertura de uma investiga\u00e7\u00e3o criminal sobre contratos p\u00fablicos firmados sem licita\u00e7\u00e3o pelo Instituto Iter, sociedade fundada pelo ministro Andr\u00e9 Mendon\u00e7a, do Supremo Tribunal Federal (STF).<\/p>\n<p data-t=\"{&quot;n&quot;:&quot;blueLinks&quot;,&quot;t&quot;:13,&quot;a&quot;:&quot;click&quot;,&quot;b&quot;:76}\">A not\u00edcia de fato, apresentada pelo deputado Pedro Uczai (PT-SC) e outros parlamentares, \u00e9 um desdobramento das<a href=\"https:\/\/revistaforum.com.br\/politica\/mendonca-sociedade-instituto-r-10-milhoes-em-contratos-sem-licitacao\/\" target=\"_blank\" rel=\"noopener\" data-t=\"{&quot;n&quot;:&quot;destination&quot;,&quot;t&quot;:13,&quot;a&quot;:&quot;click&quot;,&quot;b&quot;:1,&quot;c.t&quot;:7}\"> revela\u00e7\u00f5es feita pela <strong>F\u00f3rum<\/strong> sobre contratos milion\u00e1rios obtidos pelo instituto junto ao poder p\u00fablico.<\/a><\/p>\n<p data-t=\"{&quot;n&quot;:&quot;blueLinks&quot;,&quot;t&quot;:13,&quot;a&quot;:&quot;click&quot;,&quot;b&quot;:76}\">Os parlamentares pedem que a PGR investigue especificamente duas contrata\u00e7\u00f5es: uma de R$ 1,63 milh\u00e3o firmada com a Funda\u00e7\u00e3o para o Desenvolvimento da Educa\u00e7\u00e3o (FDE), vinculada ao governo de S\u00e3o Paulo, e outra de R$ 380 mil com a Prefeitura de S\u00e3o Paulo.<\/p>\n<p data-t=\"{&quot;n&quot;:&quot;blueLinks&quot;,&quot;t&quot;:13,&quot;a&quot;:&quot;click&quot;,&quot;b&quot;:76}\">Segundo a representa\u00e7\u00e3o, h\u00e1 ind\u00edcios de que a justificativa utilizada para as contrata\u00e7\u00f5es diretas \u2014 a inviabilidade de competi\u00e7\u00e3o \u2014 pode n\u00e3o se sustentar.<\/p>\n<p data-t=\"{&quot;n&quot;:&quot;blueLinks&quot;,&quot;t&quot;:13,&quot;a&quot;:&quot;click&quot;,&quot;b&quot;:76}\">Os parlamentares afirmam que os pr\u00f3prios processos administrativos das contrata\u00e7\u00f5es registram a exist\u00eancia de cursos similares oferecidos no mercado por valores significativamente menores.<\/p>\n<p data-t=\"{&quot;n&quot;:&quot;blueLinks&quot;,&quot;t&quot;:13,&quot;a&quot;:&quot;click&quot;,&quot;b&quot;:76}\">A not\u00edcia de fato pede que a PGR apure poss\u00edveis crimes de contrata\u00e7\u00e3o direta ilegal e falsidade ideol\u00f3gica.<\/p>\n<div id=\"fb_share_1\" style=\"float: right; margin-left: 10px;\"><a name=\"fb_share\" type=\"button\" share_url=\"http:\/\/www.orc.com.br\/novo\/brasil\/andre-mendonca-e-alvo-de-acao-por-supostos-crimes-de-contratacao-direta-ilegal-e-falsidade-ideologica.html\" href=\"http:\/\/www.facebook.com\/sharer.php\">Share<\/a><\/div><div><script src=\"http:\/\/static.ak.fbcdn.net\/connect.php\/js\/FB.Share\" type=\"text\/javascript\"><\/script><\/div>","protected":false},"excerpt":{"rendered":"<p>Deputados federais do PT acionaram a Procuradoria-Geral da Rep\u00fablica (PGR) nesta quinta-feira (3) e pediram a abertura de uma investiga\u00e7\u00e3o criminal sobre contratos p\u00fablicos firmados sem licita\u00e7\u00e3o pelo Instituto Iter, sociedade fundada pelo ministro Andr\u00e9 Mendon\u00e7a, do Supremo Tribunal Federal (STF). A not\u00edcia de fato, apresentada pelo deputado Pedro Uczai (PT-SC) e outros parlamentares, \u00e9 &#8230;<\/p>\n","protected":false},"author":3,"featured_media":160305,"comment_status":"open","ping_status":"open","sticky":false,"template":"","format":"standard","meta":[],"categories":[1],"tags":[8],"jetpack_featured_media_url":"https:\/\/orc.com.br\/novo\/wp-content\/uploads\/2026\/09\/AndreMendonca.webp","_links":{"self":[{"href":"http:\/\/www.orc.com.br\/novo\/wp-json\/wp\/v2\/posts\/160304"}],"collection":[{"href":"http:\/\/www.orc.com.br\/novo\/wp-json\/wp\/v2\/posts"}],"about":[{"href":"http:\/\/www.orc.com.br\/novo\/wp-json\/wp\/v2\/types\/post"}],"author":[{"embeddable":true,"href":"http:\/\/www.orc.com.br\/novo\/wp-json\/wp\/v2\/users\/3"}],"replies":[{"embeddable":true,"href":"http:\/\/www.orc.com.br\/novo\/wp-json\/wp\/v2\/comments?post=160304"}],"version-history":[{"count":1,"href":"http:\/\/www.orc.com.br\/novo\/wp-json\/wp\/v2\/posts\/160304\/revisions"}],"predecessor-version":[{"id":160306,"href":"http:\/\/www.orc.com.br\/novo\/wp-json\/wp\/v2\/posts\/160304\/revisions\/160306"}],"wp:featuredmedia":[{"embeddable":true,"href":"http:\/\/www.orc.com.br\/novo\/wp-json\/wp\/v2\/media\/160305"}],"wp:attachment":[{"href":"http:\/\/www.orc.com.br\/novo\/wp-json\/wp\/v2\/media?parent=160304"}],"wp:term":[{"taxonomy":"category","embeddable":true,"href":"http:\/\/www.orc.com.br\/novo\/wp-json\/wp\/v2\/categories?post=160304"},{"taxonomy":"post_tag","embeddable":true,"href":"http:\/\/www.orc.com.br\/novo\/wp-json\/wp\/v2\/tags?post=160304"}],"curies":[{"name":"wp","href":"https:\/\/api.w.org\/{rel}","templated":true}]}}