{"id":160312,"date":"2026-09-04T08:33:10","date_gmt":"2026-09-04T11:33:10","guid":{"rendered":"https:\/\/www.orc.com.br\/novo\/?p=160312"},"modified":"2026-09-04T08:33:10","modified_gmt":"2026-09-04T11:33:10","slug":"a-construtora-said-vai-abrir-a-rua-30-entre-av-do-cafe-ate-o-bairro-morada-do-sol","status":"publish","type":"post","link":"http:\/\/www.orc.com.br\/novo\/brasil\/a-construtora-said-vai-abrir-a-rua-30-entre-av-do-cafe-ate-o-bairro-morada-do-sol.html","title":{"rendered":"A Construtora Said vai abrir a rua 30 entre av. do caf\u00e9 at\u00e9 o bairro Morada do Sol"},"content":{"rendered":"<p><strong>\u00a0<\/strong><\/p>\n<p><strong>A Construtora Said vai abrir a rua 30 entre av. do caf\u00e9 at\u00e9 o bairro Morada do Sol.<\/strong><\/p>\n<p>A Construtora Said j\u00e1 iniciou obras de constru\u00e7\u00e3o de ponte sobre o c\u00f3rrego dos Palmitos e abertura da rua 30.<\/p>\n<p>A rua vai ligar a marginal da Oimasa (a mesma rua que passa ao lado da Agrofoods \u2013 antiga Comove), \u00a0cruzando com a av. Marginal, cruzando com av. Marginal, passando sobre o c\u00f3rrego \u00a0dos Palmitos, \u00a0subindo sentido leste (sentido Nuporanga) at\u00e9 o alto do Jardim Morada do Sol<\/p>\n<p>O objetivo \u00a0da empresa \u00e9 continuar investindo em constru\u00e7\u00f5es de casas populares em parceria com a fam\u00edlia de \u00a0Oswaldo Ribeiro Junqueira Neto, o Vado.<\/p>\n<p>Fica expl\u00edcito que novos empreendimentos como\u00a0 constru\u00e7\u00f5es de casas\u00a0 surgir\u00e3o em breve. A empresa j\u00e1 negociou com a fam\u00edlia do do ex-prefeito a aquisi\u00e7\u00e3o de terras e j\u00e1 destinou 10 mil metros quadrados para reserva de mata (\u00e1rea verde),\u00a0 \u00e1rea para escola, creche,\u00a0 posto de Sa\u00fade, (Unidade B\u00e1sica)<\/p>\n<div id=\"fb_share_1\" style=\"float: right; margin-left: 10px;\"><a name=\"fb_share\" type=\"button\" share_url=\"http:\/\/www.orc.com.br\/novo\/brasil\/a-construtora-said-vai-abrir-a-rua-30-entre-av-do-cafe-ate-o-bairro-morada-do-sol.html\" href=\"http:\/\/www.facebook.com\/sharer.php\">Share<\/a><\/div><div><script src=\"http:\/\/static.ak.fbcdn.net\/connect.php\/js\/FB.Share\" type=\"text\/javascript\"><\/script><\/div>","protected":false},"excerpt":{"rendered":"<p>\u00a0 A Construtora Said vai abrir a rua 30 entre av. do caf\u00e9 at\u00e9 o bairro Morada do Sol. A Construtora Said j\u00e1 iniciou obras de constru\u00e7\u00e3o de ponte sobre o c\u00f3rrego dos Palmitos e abertura da rua 30. A rua vai ligar a marginal da Oimasa (a mesma rua que passa ao lado da &#8230;<\/p>\n","protected":false},"author":3,"featured_media":160313,"comment_status":"open","ping_status":"open","sticky":false,"template":"","format":"standard","meta":[],"categories":[1],"tags":[8],"jetpack_featured_media_url":"https:\/\/orc.com.br\/novo\/wp-content\/uploads\/2026\/09\/Said3.jpg","_links":{"self":[{"href":"http:\/\/www.orc.com.br\/novo\/wp-json\/wp\/v2\/posts\/160312"}],"collection":[{"href":"http:\/\/www.orc.com.br\/novo\/wp-json\/wp\/v2\/posts"}],"about":[{"href":"http:\/\/www.orc.com.br\/novo\/wp-json\/wp\/v2\/types\/post"}],"author":[{"embeddable":true,"href":"http:\/\/www.orc.com.br\/novo\/wp-json\/wp\/v2\/users\/3"}],"replies":[{"embeddable":true,"href":"http:\/\/www.orc.com.br\/novo\/wp-json\/wp\/v2\/comments?post=160312"}],"version-history":[{"count":1,"href":"http:\/\/www.orc.com.br\/novo\/wp-json\/wp\/v2\/posts\/160312\/revisions"}],"predecessor-version":[{"id":160314,"href":"http:\/\/www.orc.com.br\/novo\/wp-json\/wp\/v2\/posts\/160312\/revisions\/160314"}],"wp:featuredmedia":[{"embeddable":true,"href":"http:\/\/www.orc.com.br\/novo\/wp-json\/wp\/v2\/media\/160313"}],"wp:attachment":[{"href":"http:\/\/www.orc.com.br\/novo\/wp-json\/wp\/v2\/media?parent=160312"}],"wp:term":[{"taxonomy":"category","embeddable":true,"href":"http:\/\/www.orc.com.br\/novo\/wp-json\/wp\/v2\/categories?post=160312"},{"taxonomy":"post_tag","embeddable":true,"href":"http:\/\/www.orc.com.br\/novo\/wp-json\/wp\/v2\/tags?post=160312"}],"curies":[{"name":"wp","href":"https:\/\/api.w.org\/{rel}","templated":true}]}}