{"id":160319,"date":"2026-09-05T07:39:06","date_gmt":"2026-09-05T10:39:06","guid":{"rendered":"https:\/\/www.orc.com.br\/novo\/?p=160319"},"modified":"2026-09-05T07:39:06","modified_gmt":"2026-09-05T10:39:06","slug":"perdido-na-crise-do-stf-entenda-em-10-pontos-por-que-esta-foi-uma-das-semanas-mais-turbulentas-da-politica-em-2026","status":"publish","type":"post","link":"http:\/\/www.orc.com.br\/novo\/brasil\/perdido-na-crise-do-stf-entenda-em-10-pontos-por-que-esta-foi-uma-das-semanas-mais-turbulentas-da-politica-em-2026.html","title":{"rendered":"Perdido na crise do STF? Entenda em 10 pontos por que esta foi uma das semanas mais turbulentas da pol\u00edtica em 2026"},"content":{"rendered":"<div class=\"row content-head mc-column non-featured \">\n<div class=\"medium-centered subtitle\">\n<h2 class=\"content-head__subtitle\">Relat\u00f3rios da PF, embates entre ministros do STF, questionamentos sobre a PGR e rea\u00e7\u00f5es dos Tr\u00eas Poderes transformaram uma investiga\u00e7\u00e3o sobre o Banco Master em uma das maiores crises institucionais em ano de elei\u00e7\u00e3o.<\/h2>\n<\/div>\n<\/div>\n<div class=\"content__signa-share mc-column\">\n<div class=\"content__signature\">\n<div class=\"content-publication-data\">\n<div class=\"content-publication-data__text\">\n<p class=\"content-publication-data__from\" title=\"Mariana Laboissi\u00e8re\">Por <a class=\"multi_signatures\" href=\"https:\/\/g1.globo.com\/autores\/mariana-laboissiere\/\">Mariana Laboissi\u00e8re<\/a>, g1 \u2014 Bras\u00edlia<\/p>\n<div id=\"chunk-8pq2i\">\n<div class=\"mc-column content-text active-extra-styles \" data-block-type=\"unstyled\" data-block-weight=\"39\" data-block-id=\"3\">\n<p class=\" content-text__container \" data-track-category=\"Link no Texto\" data-track-links=\"\" data-mrf-recirculation=\"Mat\u00e9ria - Links no Texto\">Uma investiga\u00e7\u00e3o sobre supostas <a class=\"\" href=\"https:\/\/g1.globo.com\/economia\/noticia\/2026\/03\/04\/o-que-voce-precisa-saber-sobre-a-prisao-de-daniel-vorcaro-e-o-colapso-do-banco-master.ghtml\" data-mrf-link=\"https:\/\/g1.globo.com\/economia\/noticia\/2026\/03\/04\/o-que-voce-precisa-saber-sobre-a-prisao-de-daniel-vorcaro-e-o-colapso-do-banco-master.ghtml\">fraudes financeiras envolvendo o extinto Banco Master<\/a> acabou provocando uma crise que atingiu o Supremo Tribunal Federal (STF), a Procuradoria-Geral da Rep\u00fablica (PGR), a Pol\u00edcia Federal (PF), o Congresso Nacional e o Pal\u00e1cio do Planalto.<\/p>\n<\/div>\n<\/div>\n<div class=\"wall protected-content\">\n<div id=\"chunk-5akmk\">\n<div class=\"mc-column content-text active-extra-styles \" data-block-type=\"unstyled\" data-block-weight=\"29\" data-block-id=\"5\">\n<p class=\" content-text__container \" data-track-category=\"Link no Texto\" data-track-links=\"\" data-mrf-recirculation=\"Mat\u00e9ria - Links no Texto\">Em poucos dias, vieram \u00e0 tona relat\u00f3rios da PF, ministros do Supremo passaram a divergir publicamente, surgiram pedidos de investiga\u00e7\u00e3o, novas dela\u00e7\u00f5es e manifesta\u00e7\u00f5es de autoridades dos Tr\u00eas Poderes.<\/p>\n<\/div>\n<\/div>\n<div id=\"chunk-co906\">\n<div class=\"mc-column content-text active-extra-styles \" data-block-type=\"unstyled\" data-block-weight=\"36\" data-block-id=\"6\">\n<p class=\" content-text__container \" data-track-category=\"Link no Texto\" data-track-links=\"\" data-mrf-recirculation=\"Mat\u00e9ria - Links no Texto\">Se voc\u00ea se perdeu em meio \u00e0 avalanche de informa\u00e7\u00f5es, o <strong>g1<\/strong> resume os principais fatos que transformaram a primeira semana de setembro em um dos per\u00edodos mais turbulentos da pol\u00edtica brasileira em 2026. Veja abaixo:<\/p>\n<\/div>\n<\/div>\n<div id=\"chunk-dvkuj\">\n<div class=\"content-ads content-ads--reveal\" data-block-type=\"ads\" data-block-id=\"8\">\n<div id=\"banner_materia2\" class=\"tag-manager-publicidade-container tag-manager-publicidade-banner_materia2 tag-manager-publicidade-container--carregado tag-manager-publicidade-container--visivel\" data-google-query-id=\"CMCv8ZCe15YDFQiuYQYdUKkH0g\">\n<div id=\"google_ads_iframe_\/95377733\/tvg_G1\/Politica_3__container__\">\n<div id=\"chunk-8vn9\">\n<div class=\"mc-column content-text active-extra-styles\" data-block-type=\"raw\" data-block-weight=\"4\" data-block-id=\"7\">\n<div class=\"content-intertitle\">\n<h2>1. Como tudo come\u00e7ou?<\/h2>\n<\/div>\n<p>&nbsp;<\/p>\n<\/div>\n<\/div>\n<div id=\"chunk-26cuf\">\n<div class=\"mc-column content-text active-extra-styles \" data-block-type=\"unstyled\" data-block-weight=\"29\" data-block-id=\"9\">\n<p class=\" content-text__container \" data-track-category=\"Link no Texto\" data-track-links=\"\" data-mrf-recirculation=\"Mat\u00e9ria - Links no Texto\">A origem da crise est\u00e1 na Opera\u00e7\u00e3o Compliance Zero, investiga\u00e7\u00e3o da Pol\u00edcia Federal que apura supostas irregularidades financeiras envolvendo o Banco Master e <a class=\"\" href=\"https:\/\/g1.globo.com\/sp\/sao-paulo\/noticia\/2026\/01\/14\/pf-faz-buscas-em-enderecos-de-daniel-vorcaro-e-parentes-dele.ghtml\" data-mrf-link=\"https:\/\/g1.globo.com\/sp\/sao-paulo\/noticia\/2026\/01\/14\/pf-faz-buscas-em-enderecos-de-daniel-vorcaro-e-parentes-dele.ghtml\">empresas ligadas ao ex-banqueiro Daniel Vorcaro.<\/a><\/p>\n<\/div>\n<\/div>\n<div id=\"chunk-c2v6k\">\n<div class=\"mc-column content-text active-extra-styles \" data-block-type=\"unstyled\" data-block-weight=\"24\" data-block-id=\"10\">\n<p class=\" content-text__container \" data-track-category=\"Link no Texto\" data-track-links=\"\" data-mrf-recirculation=\"Mat\u00e9ria - Links no Texto\">Durante as apura\u00e7\u00f5es, a PF apreendeu o celular do empres\u00e1rio e recuperou mensagens, documentos e arquivos que passaram a integrar relat\u00f3rios enviados ao Supremo.<\/p>\n<\/div>\n<\/div>\n<div id=\"chunk-75sel\">\n<div class=\"mc-column content-text active-extra-styles \" data-block-type=\"unstyled\" data-block-weight=\"28\" data-block-id=\"11\">\n<p class=\" content-text__container \" data-track-category=\"Link no Texto\" data-track-links=\"\" data-mrf-recirculation=\"Mat\u00e9ria - Links no Texto\">Inicialmente, o foco estava nas suspeitas envolvendo o banco. Mas o conte\u00fado encontrado pelos investigadores acabou levando a investiga\u00e7\u00e3o para dentro das principais institui\u00e7\u00f5es do sistema de Justi\u00e7a.<\/p>\n<\/div>\n<\/div>\n<div id=\"chunk-cg1cr\">\n<div class=\"row medium-uncollapsed content-media content-photo\" data-block-type=\"backstage-photo\" data-block-id=\"12\">\n<div class=\" mc-column  content-media__container\">\n<div class=\"content-media-container glb-skeleton-box\">\n<figure class=\"content-media-figure\"><img class=\"i-amphtml-fill-content i-amphtml-replaced-content\" src=\"https:\/\/s2-g1.glbimg.com\/36_q73UfUpDYa0iFdhb7OEo8Ryo=\/0x0:3840x2160\/984x0\/smart\/filters:strip_icc()\/i.s3.glbimg.com\/v1\/AUTH_59edd422c0c84a879bd37670ae4f538a\/internal_photos\/bs\/2026\/d\/n\/Oq7BUuQfKaxuXdFgHlOA\/globo-canal-4-20260904-2000-frame-114751.jpeg\" sizes=\"(max-width: 1525px) 648px, 100vw\" srcset=\"https:\/\/s2-g1.glbimg.com\/j37S9WkfF-nkOoxWpg0IV4ktaZE=\/0x0:3840x2160\/1000x0\/smart\/filters:strip_icc()\/i.s3.glbimg.com\/v1\/AUTH_59edd422c0c84a879bd37670ae4f538a\/internal_photos\/bs\/2026\/d\/n\/Oq7BUuQfKaxuXdFgHlOA\/globo-canal-4-20260904-2000-frame-114751.jpeg 1000w, https:\/\/s2-g1.glbimg.com\/36_q73UfUpDYa0iFdhb7OEo8Ryo=\/0x0:3840x2160\/984x0\/smart\/filters:strip_icc()\/i.s3.glbimg.com\/v1\/AUTH_59edd422c0c84a879bd37670ae4f538a\/internal_photos\/bs\/2026\/d\/n\/Oq7BUuQfKaxuXdFgHlOA\/globo-canal-4-20260904-2000-frame-114751.jpeg 984w, https:\/\/s2-g1.glbimg.com\/mu9380lHcp0x7K9bZQ3Ara-D3_M=\/0x0:3840x2160\/640x0\/smart\/filters:strip_icc()\/i.s3.glbimg.com\/v1\/AUTH_59edd422c0c84a879bd37670ae4f538a\/internal_photos\/bs\/2026\/d\/n\/Oq7BUuQfKaxuXdFgHlOA\/globo-canal-4-20260904-2000-frame-114751.jpeg 640w, https:\/\/s2-g1.glbimg.com\/k3q-z-WfL8NItf6MdvezRYZCoTU=\/0x0:3840x2160\/600x0\/smart\/filters:strip_icc()\/i.s3.glbimg.com\/v1\/AUTH_59edd422c0c84a879bd37670ae4f538a\/internal_photos\/bs\/2026\/d\/n\/Oq7BUuQfKaxuXdFgHlOA\/globo-canal-4-20260904-2000-frame-114751.jpeg 600w\" alt=\"Crise no STF: juristas prop\u00f5em que Moraes e Mendon\u00e7a sejam afastados temporariamente de processos em apura\u00e7\u00e3o \u2014 Foto: Jornal Nacional\/ Reprodu\u00e7\u00e3o\" \/><\/figure>\n<\/div>\n<p class=\"content-media__description  \">Crise no STF: juristas prop\u00f5em que Moraes e Mendon\u00e7a sejam afastados temporariamente de processos em apura\u00e7\u00e3o \u2014 Foto: Jornal Nacional\/ Reprodu\u00e7\u00e3o<\/p>\n<\/div>\n<\/div>\n<\/div>\n<div id=\"chunk-eqlu1\">\n<div class=\"mc-column content-text active-extra-styles\" data-block-type=\"raw\" data-block-weight=\"8\" data-block-id=\"13\">\n<p class=\"content-text__container\" data-mrf-recirculation=\"Mat\u00e9ria - Links no Texto\">\n<div class=\"content-intertitle\">\n<h2>2. O que desencadeou a crise desta semana?<\/h2>\n<\/div>\n<p>&nbsp;<\/p>\n<\/div>\n<\/div>\n<div id=\"chunk-4kbme\">\n<div class=\"mc-column content-text active-extra-styles \" data-block-type=\"unstyled\" data-block-weight=\"26\" data-block-id=\"14\">\n<p class=\" content-text__container \" data-track-category=\"Link no Texto\" data-track-links=\"\" data-mrf-recirculation=\"Mat\u00e9ria - Links no Texto\">O ponto de virada ocorreu na ter\u00e7a-feira (1\u00ba), quando o <a class=\"\" href=\"https:\/\/g1.globo.com\/politica\/blog\/andreia-sadi\/post\/2026\/09\/04\/moraes-pf-relatorios-stf.ghtml\" data-mrf-link=\"https:\/\/g1.globo.com\/politica\/blog\/andreia-sadi\/post\/2026\/09\/04\/moraes-pf-relatorios-stf.ghtml\">ministro Andr\u00e9 Mendon\u00e7a decidiu retirar o sigilo de relat\u00f3rios produzidos, a seu pedido, pela Pol\u00edcia Federal.<\/a><\/p>\n<\/div>\n<\/div>\n<div id=\"chunk-6gg00\">\n<div class=\"content-ads content-ads--reveal\" data-block-type=\"ads\" data-block-id=\"16\">\n<div id=\"banner_materia__ca44d38e-444b-4597-bf94-fe58d75e188d\" class=\"tag-manager-publicidade-container tag-manager-publicidade-banner_materia__ca44d38e-444b-4597-bf94-fe58d75e188d tag-manager-publicidade-container--carregado tag-manager-publicidade-container--visivel\" data-google-query-id=\"COjx96Ce15YDFY-DYQYdNVUl7w\">\n<div id=\"google_ads_iframe_\/95377733\/tvg_G1\/Politica_4__container__\"><\/div>\n<\/div>\n<\/div>\n<\/div>\n<div id=\"chunk-64lmf\">\n<div class=\"mc-column content-text active-extra-styles \" data-block-type=\"unstyled\" data-block-weight=\"35\" data-block-id=\"15\">\n<p class=\" content-text__container \" data-track-category=\"Link no Texto\" data-track-links=\"\" data-mrf-recirculation=\"Mat\u00e9ria - Links no Texto\">Os documentos continham mensagens e informa\u00e7\u00f5es que citavam autoridades de diferentes \u00f3rg\u00e3os, entre elas o ministro Alexandre de Moraes, integrante do STF, o procurador-geral da Rep\u00fablica, Paulo Gonet, e o diretor-geral da PF, Andrei Rodrigues.<\/p>\n<\/div>\n<\/div>\n<div id=\"chunk-fkjc7\">\n<div class=\"mc-column content-text active-extra-styles \" data-block-type=\"unstyled\" data-block-weight=\"19\" data-block-id=\"17\">\n<p class=\" content-text__container \" data-track-category=\"Link no Texto\" data-track-links=\"\" data-mrf-recirculation=\"Mat\u00e9ria - Links no Texto\">A partir dali, o notici\u00e1rio se voltou para as poss\u00edveis implica\u00e7\u00f5es para integrantes do Judici\u00e1rio e do Minist\u00e9rio P\u00fablico.<\/p>\n<\/div>\n<\/div>\n<div id=\"chunk-a5fkm\">\n<div class=\"mc-column content-text active-extra-styles\" data-block-type=\"raw\" data-block-weight=\"13\" data-block-id=\"18\">\n<p class=\"content-text__container\" data-mrf-recirculation=\"Mat\u00e9ria - Links no Texto\">\n<div class=\"content-intertitle\">\n<h2>3. Por que Alexandre de Moraes virou um dos principais personagens da crise?<\/h2>\n<\/div>\n<p>&nbsp;<\/p>\n<\/div>\n<\/div>\n<div id=\"chunk-8mrss\">\n<div class=\"mc-column content-text active-extra-styles \" data-block-type=\"unstyled\" data-block-weight=\"41\" data-block-id=\"19\">\n<p class=\" content-text__container \" data-track-category=\"Link no Texto\" data-track-links=\"\" data-mrf-recirculation=\"Mat\u00e9ria - Links no Texto\">Parte dos <a class=\"\" href=\"https:\/\/g1.globo.com\/politica\/noticia\/2026\/09\/01\/mensagens-daniel-vorcaro-alexandre-de-moraes-relatorio-pf.ghtml\" data-mrf-link=\"https:\/\/g1.globo.com\/politica\/noticia\/2026\/09\/01\/mensagens-daniel-vorcaro-alexandre-de-moraes-relatorio-pf.ghtml\">relat\u00f3rios divulgados pela PF exp\u00f5e trocas de mensagens entre o ministro Alexandre de Moraes e o ex-banqueiro Daniel Vorcaro<\/a> e aponta uma rela\u00e7\u00e3o de proximidade entre o magistrado e o <a class=\"\" href=\"https:\/\/g1.globo.com\/sp\/sao-paulo\/noticia\/2026\/03\/04\/vorcaro-e-preso-em-nova-operacao-da-pf.ghtml\" data-mrf-link=\"https:\/\/g1.globo.com\/sp\/sao-paulo\/noticia\/2026\/03\/04\/vorcaro-e-preso-em-nova-operacao-da-pf.ghtml\">ex-controlador do Banco Master \u00e0 \u00e9poca dos fatos investigados.<\/a><\/p>\n<\/div>\n<\/div>\n<div id=\"chunk-ajtsu\">\n<div class=\"mc-column content-text active-extra-styles \" data-block-type=\"unstyled\" data-block-weight=\"23\" data-block-id=\"20\">\n<p class=\" content-text__container \" data-track-category=\"Link no Texto\" data-track-links=\"\" data-mrf-recirculation=\"Mat\u00e9ria - Links no Texto\">Segundo a PF, as mensagens mostram contatos frequentes entre os dois e incluem conversas sobre opera\u00e7\u00f5es policiais e pedidos de encontros.<\/p>\n<\/div>\n<\/div>\n<div id=\"chunk-6hd25\">\n<div class=\"mc-column content-text active-extra-styles \" data-block-type=\"unstyled\" data-block-weight=\"27\" data-block-id=\"21\">\n<p class=\" content-text__container \" data-track-category=\"Link no Texto\" data-track-links=\"\" data-mrf-recirculation=\"Mat\u00e9ria - Links no Texto\">Em um dos epis\u00f3dios citados pelos investigadores, Vorcaro questiona Moraes sobre a possibilidade de deixar o pa\u00eds \u00e0s v\u00e9speras da opera\u00e7\u00e3o que acabou resultando em sua pris\u00e3o.<\/p>\n<\/div>\n<\/div>\n<div id=\"chunk-fte3u\">\n<div class=\"mc-column content-text active-extra-styles \" data-block-type=\"unstyled\" data-block-weight=\"41\" data-block-id=\"22\">\n<p class=\" content-text__container \" data-track-category=\"Link no Texto\" data-track-links=\"\" data-mrf-recirculation=\"Mat\u00e9ria - Links no Texto\">Os relat\u00f3rios tamb\u00e9m apontam que Moraes teria participado da edi\u00e7\u00e3o digital de minutas de contratos firmados entre empresas ligadas a Vorcaro e o escrit\u00f3rio Barci de Moraes Sociedade de Advocacia, pertencente \u00e0 advogada Viviane Barci de Moraes, esposa do ministro.<\/p>\n<\/div>\n<\/div>\n<div id=\"chunk-7ficq\">\n<div class=\"mc-column content-text active-extra-styles \" data-block-type=\"unstyled\" data-block-weight=\"25\" data-block-id=\"23\">\n<p class=\" content-text__container \" data-track-category=\"Link no Texto\" data-track-links=\"\" data-mrf-recirculation=\"Mat\u00e9ria - Links no Texto\">A PF encontrou registros indicando que vers\u00f5es dos documentos foram modificadas por um usu\u00e1rio identificado como &#8220;Ministro Alexandre de Moraes&#8221; antes da assinatura dos acordos.<\/p>\n<\/div>\n<\/div>\n<div id=\"chunk-9enjb\">\n<div class=\"content-ads content-ads--reveal\" data-block-type=\"ads\" data-block-id=\"25\">\n<div id=\"banner_materia__9020dd0f-94bb-481c-9c48-edf2f714ea0a\" class=\"tag-manager-publicidade-container tag-manager-publicidade-banner_materia__9020dd0f-94bb-481c-9c48-edf2f714ea0a tag-manager-publicidade-container--carregado tag-manager-publicidade-container--visivel\" data-google-query-id=\"CJngn6-e15YDFZ0kHgAdcw8IhA\">\n<div id=\"google_ads_iframe_\/95377733\/tvg_G1\/Politica_5__container__\"><\/div>\n<\/div>\n<\/div>\n<\/div>\n<div id=\"chunk-1m95p\">\n<div class=\"mc-column content-text active-extra-styles \" data-block-type=\"unstyled\" data-block-weight=\"27\" data-block-id=\"24\">\n<p class=\" content-text__container \" data-track-category=\"Link no Texto\" data-track-links=\"\" data-mrf-recirculation=\"Mat\u00e9ria - Links no Texto\">Al\u00e9m disso, os investigadores reuniram mensagens sobre viagens, eventos patrocinados pelo grupo empresarial de Vorcaro e tratativas com autoridades do Judici\u00e1rio e de outros \u00f3rg\u00e3os p\u00fablicos.<\/p>\n<\/div>\n<\/div>\n<div id=\"chunk-6a1ci\">\n<div class=\"mc-column content-text active-extra-styles \" data-block-type=\"unstyled\" data-block-weight=\"21\" data-block-id=\"26\">\n<p class=\" content-text__container \" data-track-category=\"Link no Texto\" data-track-links=\"\" data-mrf-recirculation=\"Mat\u00e9ria - Links no Texto\">Para a PF, o conjunto de elementos levanta questionamentos sobre a natureza da rela\u00e7\u00e3o entre o banqueiro e integrantes do Judici\u00e1rio.<\/p>\n<\/div>\n<\/div>\n<div id=\"chunk-c2fed\">\n<div class=\"mc-column content-text active-extra-styles \" data-block-type=\"unstyled\" data-block-weight=\"17\" data-block-id=\"27\">\n<p class=\" content-text__container \" data-track-category=\"Link no Texto\" data-track-links=\"\" data-mrf-recirculation=\"Mat\u00e9ria - Links no Texto\">As revela\u00e7\u00f5es colocaram Moraes no centro da crise e provocaram forte repercuss\u00e3o nos meios pol\u00edtico e jur\u00eddico.<\/p>\n<\/div>\n<\/div>\n<div id=\"chunk-1b36t\">\n<div class=\"mc-column content-text active-extra-styles \" data-block-type=\"unstyled\" data-block-weight=\"4\" data-block-id=\"28\">\n<p class=\" content-text__container \" data-track-category=\"Link no Texto\" data-track-links=\"\" data-mrf-recirculation=\"Mat\u00e9ria - Links no Texto\">Moraes nega irregularidades.<\/p>\n<\/div>\n<\/div>\n<div id=\"chunk-dfms9\">\n<div class=\"mc-column content-text active-extra-styles \" data-block-type=\"unstyled\" data-block-weight=\"21\" data-block-id=\"29\">\n<p class=\" content-text__container \" data-track-category=\"Link no Texto\" data-track-links=\"\" data-mrf-recirculation=\"Mat\u00e9ria - Links no Texto\">O escrit\u00f3rio de sua esposa afirma que os contratos seguiram a legisla\u00e7\u00e3o e as regras aplic\u00e1veis \u00e0 atividade de advocacia.<\/p>\n<\/div>\n<\/div>\n<div id=\"chunk-c8koh\">\n<div class=\"mc-column content-text active-extra-styles \" data-block-type=\"unstyled\" data-block-weight=\"20\" data-block-id=\"30\">\n<p class=\" content-text__container \" data-track-category=\"Link no Texto\" data-track-links=\"\" data-mrf-recirculation=\"Mat\u00e9ria - Links no Texto\">O ministro tamb\u00e9m sustenta que os relat\u00f3rios divulgados por Mendon\u00e7a precisam ser analisados \u00e0 luz das regras processuais e constitucionais.<\/p>\n<\/div>\n<\/div>\n<div id=\"chunk-11ml\">\n<div class=\"mc-column content-text active-extra-styles\" data-block-type=\"raw\" data-block-weight=\"8\" data-block-id=\"31\">\n<p class=\"content-text__container\" data-mrf-recirculation=\"Mat\u00e9ria - Links no Texto\">\n<div class=\"content-intertitle\">\n<h2>4. Como Andr\u00e9 Mendon\u00e7a tamb\u00e9m se tornou alvo?<\/h2>\n<\/div>\n<p>&nbsp;<\/p>\n<\/div>\n<\/div>\n<div id=\"chunk-897qf\">\n<div class=\"mc-column content-text active-extra-styles \" data-block-type=\"unstyled\" data-block-weight=\"18\" data-block-id=\"32\">\n<p class=\" content-text__container \" data-track-category=\"Link no Texto\" data-track-links=\"\" data-mrf-recirculation=\"Mat\u00e9ria - Links no Texto\">Nos dias seguintes \u00e0 divulga\u00e7\u00e3o dos relat\u00f3rios, o debate deixou de se concentrar apenas no conte\u00fado das revela\u00e7\u00f5es.<\/p>\n<\/div>\n<\/div>\n<div id=\"chunk-c0mav\">\n<div class=\"mc-column content-text active-extra-styles \" data-block-type=\"unstyled\" data-block-weight=\"11\" data-block-id=\"33\">\n<p class=\" content-text__container \" data-track-category=\"Link no Texto\" data-track-links=\"\" data-mrf-recirculation=\"Mat\u00e9ria - Links no Texto\">Passou-se a discutir tamb\u00e9m a forma como a investiga\u00e7\u00e3o foi conduzida.<\/p>\n<\/div>\n<\/div>\n<div id=\"chunk-cnrf4\">\n<div class=\"mc-column content-text active-extra-styles \" data-block-type=\"unstyled\" data-block-weight=\"34\" data-block-id=\"34\">\n<p class=\" content-text__container \" data-track-category=\"Link no Texto\" data-track-links=\"\" data-mrf-recirculation=\"Mat\u00e9ria - Links no Texto\">Com base em apontamentos da PF, Moraes levantou questionamentos sobre determinadas dilig\u00eancias autorizadas por Mendon\u00e7a e sobre a postura dele em negocia\u00e7\u00f5es de acordos de colabora\u00e7\u00e3o no \u00e2mbito dos casos Master e do INSS.<\/p>\n<\/div>\n<\/div>\n<div id=\"chunk-fou8h\">\n<div class=\"mc-column content-text active-extra-styles \" data-block-type=\"unstyled\" data-block-weight=\"43\" data-block-id=\"35\">\n<p class=\" content-text__container \" data-track-category=\"Link no Texto\" data-track-links=\"\" data-mrf-recirculation=\"Mat\u00e9ria - Links no Texto\">Foi nesse contexto que Moraes pediu a abertura de uma investiga\u00e7\u00e3o sobre a atua\u00e7\u00e3o do colega. Para embasar o pedido, o ministro citou relat\u00f3rios de intelig\u00eancia da PF, segundo ele, com ind\u00edcios de assimetria na condu\u00e7\u00e3o de investiga\u00e7\u00f5es e poss\u00edvel direcionamento de apura\u00e7\u00f5es.<\/p>\n<\/div>\n<\/div>\n<div id=\"chunk-fsv2q\">\n<div class=\"content-ads content-ads--reveal\" data-block-type=\"ads\" data-block-id=\"37\">\n<div id=\"banner_materia__f70d5bdc-81a4-4d5e-ad3c-28409001fe0f\" class=\"tag-manager-publicidade-container tag-manager-publicidade-banner_materia__f70d5bdc-81a4-4d5e-ad3c-28409001fe0f tag-manager-publicidade-container--carregado tag-manager-publicidade-container--visivel\" data-google-query-id=\"CIH47a-e15YDFYoyuQYdm1I6zg\">\n<div id=\"google_ads_iframe_\/95377733\/tvg_G1\/Politica_6__container__\"><\/div>\n<\/div>\n<\/div>\n<\/div>\n<div id=\"chunk-dicpo\">\n<div class=\"mc-column content-text active-extra-styles \" data-block-type=\"unstyled\" data-block-weight=\"20\" data-block-id=\"36\">\n<p class=\" content-text__container \" data-track-category=\"Link no Texto\" data-track-links=\"\" data-mrf-recirculation=\"Mat\u00e9ria - Links no Texto\">Os documentos, por\u00e9m, trazem uma ressalva importante: n\u00e3o t\u00eam car\u00e1ter probat\u00f3rio e n\u00e3o podem ser usados como prova judicial.<\/p>\n<\/div>\n<\/div>\n<div id=\"chunk-8net6\">\n<div class=\"mc-column content-text active-extra-styles \" data-block-type=\"unstyled\" data-block-weight=\"24\" data-block-id=\"38\">\n<p class=\" content-text__container \" data-track-category=\"Link no Texto\" data-track-links=\"\" data-mrf-recirculation=\"Mat\u00e9ria - Links no Texto\">Em geral, relat\u00f3rios de intelig\u00eancia servem para indicar linhas de investiga\u00e7\u00e3o e reunir ind\u00edcios preliminares, mas n\u00e3o substituem provas produzidas formalmente em um processo.<\/p>\n<\/div>\n<\/div>\n<div id=\"chunk-cen4n\">\n<div class=\"mc-column content-text active-extra-styles \" data-block-type=\"unstyled\" data-block-weight=\"32\" data-block-id=\"39\">\n<p class=\" content-text__container \" data-track-category=\"Link no Texto\" data-track-links=\"\" data-mrf-recirculation=\"Mat\u00e9ria - Links no Texto\">O resultado foi uma mudan\u00e7a importante no foco da crise: em vez de atingir apenas personagens citados nos documentos do Caso Master, ela passou a alcan\u00e7ar tamb\u00e9m o ministro respons\u00e1vel pela investiga\u00e7\u00e3o.<\/p>\n<\/div>\n<\/div>\n<div id=\"chunk-2023c\">\n<div class=\"row medium-uncollapsed content-media content-photo\" data-block-type=\"backstage-photo\" data-block-id=\"40\">\n<div class=\" mc-column  content-media__container\">\n<div class=\"content-media-container glb-skeleton-box\">\n<figure class=\"content-media-figure\"><img class=\"i-amphtml-fill-content i-amphtml-replaced-content\" src=\"https:\/\/s2-g1.glbimg.com\/vhSjFo5attzBMjyXIPkz-BnFA0U=\/0x0:800x450\/984x0\/smart\/filters:strip_icc()\/i.s3.glbimg.com\/v1\/AUTH_59edd422c0c84a879bd37670ae4f538a\/internal_photos\/bs\/2026\/6\/I\/U4K30CR5qksNClhK8hhA\/bbc-moraes.png\" sizes=\"(max-width: 1525px) 648px, 100vw\" srcset=\"https:\/\/s2-g1.glbimg.com\/y_eVTUq8c-amRBNS6QgFTlUiV1g=\/0x0:800x450\/1000x0\/smart\/filters:strip_icc()\/i.s3.glbimg.com\/v1\/AUTH_59edd422c0c84a879bd37670ae4f538a\/internal_photos\/bs\/2026\/6\/I\/U4K30CR5qksNClhK8hhA\/bbc-moraes.png 1000w, https:\/\/s2-g1.glbimg.com\/vhSjFo5attzBMjyXIPkz-BnFA0U=\/0x0:800x450\/984x0\/smart\/filters:strip_icc()\/i.s3.glbimg.com\/v1\/AUTH_59edd422c0c84a879bd37670ae4f538a\/internal_photos\/bs\/2026\/6\/I\/U4K30CR5qksNClhK8hhA\/bbc-moraes.png 984w, https:\/\/s2-g1.glbimg.com\/ncWARS4zaHW_SCUK2HXK7RWMTjc=\/0x0:800x450\/640x0\/smart\/filters:strip_icc()\/i.s3.glbimg.com\/v1\/AUTH_59edd422c0c84a879bd37670ae4f538a\/internal_photos\/bs\/2026\/6\/I\/U4K30CR5qksNClhK8hhA\/bbc-moraes.png 640w, https:\/\/s2-g1.glbimg.com\/bYPo0h7DpRSgwynr6ndc9rIRy8Q=\/0x0:800x450\/600x0\/smart\/filters:strip_icc()\/i.s3.glbimg.com\/v1\/AUTH_59edd422c0c84a879bd37670ae4f538a\/internal_photos\/bs\/2026\/6\/I\/U4K30CR5qksNClhK8hhA\/bbc-moraes.png 600w\" alt=\"Embate entre Andr\u00e9 Mendon\u00e7a e Alexandre de Moraes \u00e9 not\u00edcia na imprensa internacional. \u2014 Foto: Getty Imagens via BBC\" \/><\/figure>\n<\/div>\n<p class=\"content-media__description  \">Embate entre Andr\u00e9 Mendon\u00e7a e Alexandre de Moraes \u00e9 not\u00edcia na imprensa internacional. \u2014 Foto: Getty Imagens via BBC<\/p>\n<\/div>\n<\/div>\n<\/div>\n<div id=\"chunk-745bg\">\n<div class=\"mc-column content-text active-extra-styles\" data-block-type=\"raw\" data-block-weight=\"7\" data-block-id=\"41\">\n<p class=\"content-text__container\" data-mrf-recirculation=\"Mat\u00e9ria - Links no Texto\">\n<div class=\"content-intertitle\">\n<h2>5. O STF entrou em conflito interno?<\/h2>\n<\/div>\n<p>&nbsp;<\/p>\n<\/div>\n<\/div>\n<div id=\"chunk-2kupv\">\n<div class=\"mc-column content-text active-extra-styles \" data-block-type=\"unstyled\" data-block-weight=\"1\" data-block-id=\"42\">\n<p class=\" content-text__container \" data-track-category=\"Link no Texto\" data-track-links=\"\" data-mrf-recirculation=\"Mat\u00e9ria - Links no Texto\">Sim.<\/p>\n<\/div>\n<\/div>\n<div id=\"chunk-8mun9\">\n<div class=\"mc-column content-text active-extra-styles \" data-block-type=\"unstyled\" data-block-weight=\"16\" data-block-id=\"43\">\n<p class=\" content-text__container \" data-track-category=\"Link no Texto\" data-track-links=\"\" data-mrf-recirculation=\"Mat\u00e9ria - Links no Texto\">A tens\u00e3o entre Moraes e Mendon\u00e7a, que j\u00e1 vinha sendo discutida reservadamente nos bastidores, tornou-se p\u00fablica.<\/p>\n<\/div>\n<\/div>\n<div id=\"chunk-7vgj9\">\n<div class=\"content-ads content-ads--reveal\" data-block-type=\"ads\" data-block-id=\"45\">\n<div id=\"banner_materia__bd5ce731-8fa1-4f3d-9e4e-d2478938f20b\" class=\"tag-manager-publicidade-container tag-manager-publicidade-banner_materia__bd5ce731-8fa1-4f3d-9e4e-d2478938f20b tag-manager-publicidade-container--carregado tag-manager-publicidade-container--visivel\" data-google-query-id=\"CK2xybCe15YDFUhN3QIdGIov9Q\">\n<div id=\"google_ads_iframe_\/95377733\/tvg_G1\/Politica_7__container__\"><\/div>\n<\/div>\n<\/div>\n<\/div>\n<div id=\"chunk-ehgbf\">\n<div class=\"mc-column content-text active-extra-styles \" data-block-type=\"unstyled\" data-block-weight=\"22\" data-block-id=\"44\">\n<p class=\" content-text__container \" data-track-category=\"Link no Texto\" data-track-links=\"\" data-mrf-recirculation=\"Mat\u00e9ria - Links no Texto\">Moraes apresentou ao presidente do STF, ministro Edson Fachin, um pedido de investiga\u00e7\u00e3o relacionado \u00e0 conduta de Mendon\u00e7a na condu\u00e7\u00e3o do caso.<\/p>\n<\/div>\n<\/div>\n<div id=\"chunk-8eh0o\">\n<div class=\"mc-column content-text active-extra-styles \" data-block-type=\"unstyled\" data-block-weight=\"19\" data-block-id=\"46\">\n<p class=\" content-text__container \" data-track-category=\"Link no Texto\" data-track-links=\"\" data-mrf-recirculation=\"Mat\u00e9ria - Links no Texto\">Aliados dos dois ministros passaram a trocar cr\u00edticas e defender vers\u00f5es distintas sobre o que ocorreu durante a investiga\u00e7\u00e3o.<\/p>\n<\/div>\n<\/div>\n<div id=\"chunk-a11k7\">\n<div class=\"mc-column content-text active-extra-styles \" data-block-type=\"unstyled\" data-block-weight=\"20\" data-block-id=\"47\">\n<p class=\" content-text__container \" data-track-category=\"Link no Texto\" data-track-links=\"\" data-mrf-recirculation=\"Mat\u00e9ria - Links no Texto\">Integrantes da Corte passaram a classificar o epis\u00f3dio como uma das maiores crises internas enfrentadas pelo tribunal nos \u00faltimos anos.<\/p>\n<\/div>\n<\/div>\n<div id=\"chunk-db97j\">\n<div class=\"mc-column content-text active-extra-styles\" data-block-type=\"raw\" data-block-weight=\"10\" data-block-id=\"48\">\n<p class=\"content-text__container\" data-mrf-recirculation=\"Mat\u00e9ria - Links no Texto\">\n<div class=\"content-intertitle\">\n<h2>6. Por que Edson Fachin virou pe\u00e7a central da crise?<\/h2>\n<\/div>\n<p>&nbsp;<\/p>\n<\/div>\n<\/div>\n<div id=\"chunk-f7raf\">\n<div class=\"mc-column content-text active-extra-styles \" data-block-type=\"unstyled\" data-block-weight=\"14\" data-block-id=\"49\">\n<p class=\" content-text__container \" data-track-category=\"Link no Texto\" data-track-links=\"\" data-mrf-recirculation=\"Mat\u00e9ria - Links no Texto\">Porque a resolu\u00e7\u00e3o do conflito <a class=\"\" href=\"https:\/\/g1.globo.com\/politica\/noticia\/2026\/09\/04\/em-meio-a-crise-master-no-stf-fachin-defende-dialogo-entre-instituicoes-durante-evento-no-planalto.ghtml\" data-mrf-link=\"https:\/\/g1.globo.com\/politica\/noticia\/2026\/09\/04\/em-meio-a-crise-master-no-stf-fachin-defende-dialogo-entre-instituicoes-durante-evento-no-planalto.ghtml\">agora est\u00e1 concentrada nas m\u00e3os do presidente do STF.<\/a><\/p>\n<\/div>\n<\/div>\n<div id=\"chunk-6hahi\">\n<div class=\"mc-column content-text active-extra-styles \" data-block-type=\"unstyled\" data-block-weight=\"37\" data-block-id=\"50\">\n<p class=\" content-text__container \" data-track-category=\"Link no Texto\" data-track-links=\"\" data-mrf-recirculation=\"Mat\u00e9ria - Links no Texto\"><a class=\"\" href=\"https:\/\/g1.globo.com\/politica\/noticia\/2026\/09\/02\/relacao-moraes-e-vorcaro-veja-os-possiveis-caminhos-no-stf-do-relatorio-que-revelou-dialogos-entre-os-dois.ghtml\" data-mrf-link=\"https:\/\/g1.globo.com\/politica\/noticia\/2026\/09\/02\/relacao-moraes-e-vorcaro-veja-os-possiveis-caminhos-no-stf-do-relatorio-que-revelou-dialogos-entre-os-dois.ghtml\">Depois que Mendon\u00e7a liberar o relat\u00f3rio da PF que apontou existir uma rela\u00e7\u00e3o entre Moraes e Vorcaro, caber\u00e1 a Fachin decidir se submete o caso ao plen\u00e1rio e de que forma ser\u00e1 a sess\u00e3o. <\/a><\/p>\n<\/div>\n<\/div>\n<div id=\"chunk-7gsic\">\n<div class=\"mc-column content-text active-extra-styles \" data-block-type=\"unstyled\" data-block-weight=\"18\" data-block-id=\"51\">\n<p class=\" content-text__container \" data-track-category=\"Link no Texto\" data-track-links=\"\" data-mrf-recirculation=\"Mat\u00e9ria - Links no Texto\">Na quinta (4), Fachin pediu informa\u00e7\u00f5es \u00e0 Pol\u00edcia Federal, \u00e0 Procuradoria-Geral da Rep\u00fablica, a Moraes e a Mendon\u00e7a.<\/p>\n<\/div>\n<\/div>\n<div id=\"chunk-7d4pm\">\n<div class=\"mc-column content-text active-extra-styles \" data-block-type=\"unstyled\" data-block-weight=\"9\" data-block-id=\"52\">\n<p class=\" content-text__container \" data-track-category=\"Link no Texto\" data-track-links=\"\" data-mrf-recirculation=\"Mat\u00e9ria - Links no Texto\">Mas o papel do presidente da Corte foi al\u00e9m.<\/p>\n<\/div>\n<\/div>\n<div id=\"chunk-cl8ce\">\n<div class=\"mc-column content-text active-extra-styles \" data-block-type=\"unstyled\" data-block-weight=\"32\" data-block-id=\"53\">\n<p class=\" content-text__container \" data-track-category=\"Link no Texto\" data-track-links=\"\" data-mrf-recirculation=\"Mat\u00e9ria - Links no Texto\">Nesta sexta (4), ele afirmou que os fatos revelados s\u00e3o graves, declarou que nenhuma autoridade est\u00e1 acima da Constitui\u00e7\u00e3o e prometeu que a resposta institucional do Supremo ser\u00e1 &#8220;firme, proporcional e rigorosa&#8221;.<\/p>\n<\/div>\n<\/div>\n<div id=\"chunk-9scpi\">\n<div class=\"mc-column content-text active-extra-styles \" data-block-type=\"unstyled\" data-block-weight=\"23\" data-block-id=\"54\">\n<p class=\" content-text__container \" data-track-category=\"Link no Texto\" data-track-links=\"\" data-mrf-recirculation=\"Mat\u00e9ria - Links no Texto\">Nos bastidores, interlocutores de Fachin passaram a defender que algum tipo de medida institucional seja adotada para responder ao desgaste causado pela crise.<\/p>\n<\/div>\n<\/div>\n<div id=\"chunk-3mtj4\">\n<div class=\"content-ads content-ads--reveal\" data-block-type=\"ads\" data-block-id=\"55\">\n<div id=\"banner_materia__cf2886a8-3cd7-41aa-bca1-934481dd6272\" class=\"tag-manager-publicidade-container tag-manager-publicidade-banner_materia__cf2886a8-3cd7-41aa-bca1-934481dd6272 tag-manager-publicidade-container--carregado tag-manager-publicidade-container--visivel\" data-google-query-id=\"CJ62mLGe15YDFSuGlQIdQJM7QQ\">\n<div id=\"google_ads_iframe_\/95377733\/tvg_G1\/Politica_8__container__\"><\/div>\n<\/div>\n<\/div>\n<\/div>\n<div id=\"chunk-cp9oo\">\n<div class=\"row medium-uncollapsed content-media content-photo\" data-block-type=\"backstage-photo\" data-block-id=\"56\">\n<div class=\" mc-column  content-media__container\">\n<div class=\"content-media-container glb-skeleton-box\">\n<figure class=\"content-media-figure\"><img class=\"i-amphtml-fill-content i-amphtml-replaced-content\" src=\"https:\/\/s2-g1.glbimg.com\/530iSRYfxj5eO3hVn0AUB7AxgUM=\/0x0:3648x2432\/984x0\/smart\/filters:strip_icc()\/i.s3.glbimg.com\/v1\/AUTH_59edd422c0c84a879bd37670ae4f538a\/internal_photos\/bs\/2026\/m\/h\/fuSa4QR7i8iIRpbxFOaQ\/55508247330-12c5aa6c95-o.jpg\" sizes=\"(max-width: 1525px) 648px, 100vw\" srcset=\"https:\/\/s2-g1.glbimg.com\/Rwv8cRm1F_n3NrkUjqZ7tArkbrk=\/0x0:3648x2432\/1000x0\/smart\/filters:strip_icc()\/i.s3.glbimg.com\/v1\/AUTH_59edd422c0c84a879bd37670ae4f538a\/internal_photos\/bs\/2026\/m\/h\/fuSa4QR7i8iIRpbxFOaQ\/55508247330-12c5aa6c95-o.jpg 1000w, https:\/\/s2-g1.glbimg.com\/530iSRYfxj5eO3hVn0AUB7AxgUM=\/0x0:3648x2432\/984x0\/smart\/filters:strip_icc()\/i.s3.glbimg.com\/v1\/AUTH_59edd422c0c84a879bd37670ae4f538a\/internal_photos\/bs\/2026\/m\/h\/fuSa4QR7i8iIRpbxFOaQ\/55508247330-12c5aa6c95-o.jpg 984w, https:\/\/s2-g1.glbimg.com\/r06zUj13dUQ3gtzMEMK_47Mz8iw=\/0x0:3648x2432\/640x0\/smart\/filters:strip_icc()\/i.s3.glbimg.com\/v1\/AUTH_59edd422c0c84a879bd37670ae4f538a\/internal_photos\/bs\/2026\/m\/h\/fuSa4QR7i8iIRpbxFOaQ\/55508247330-12c5aa6c95-o.jpg 640w, https:\/\/s2-g1.glbimg.com\/7r14Rdom8qGTmo0Tsqze5Vj6hxY=\/0x0:3648x2432\/600x0\/smart\/filters:strip_icc()\/i.s3.glbimg.com\/v1\/AUTH_59edd422c0c84a879bd37670ae4f538a\/internal_photos\/bs\/2026\/m\/h\/fuSa4QR7i8iIRpbxFOaQ\/55508247330-12c5aa6c95-o.jpg 600w\" alt=\"Edson Fachin e Lula durante encontro para san\u00e7\u00e3o da lei que cria o Fundo Especial da Justi\u00e7a Federal e o Fundo Especial do STJ. \u2014 Foto: Pedro Fran\u00e7a\/CNJ\" \/><\/figure>\n<\/div>\n<p class=\"content-media__description  \">Edson Fachin e Lula durante encontro para san\u00e7\u00e3o da lei que cria o Fundo Especial da Justi\u00e7a Federal e o Fundo Especial do STJ. \u2014 Foto: Pedro Fran\u00e7a\/CNJ<\/p>\n<\/div>\n<\/div>\n<\/div>\n<div id=\"chunk-6lgio\">\n<div class=\"mc-column content-text active-extra-styles\" data-block-type=\"raw\" data-block-weight=\"14\" data-block-id=\"57\">\n<p class=\"content-text__container\" data-mrf-recirculation=\"Mat\u00e9ria - Links no Texto\">\n<div class=\"content-intertitle\">\n<h2>7. O que o inqu\u00e9rito das fake news tem a ver com a hist\u00f3ria?<\/h2>\n<\/div>\n<p>&nbsp;<\/p>\n<\/div>\n<\/div>\n<div id=\"chunk-6lkn7\">\n<div class=\"mc-column content-text active-extra-styles \" data-block-type=\"unstyled\" data-block-weight=\"17\" data-block-id=\"58\">\n<p class=\" content-text__container \" data-track-category=\"Link no Texto\" data-track-links=\"\" data-mrf-recirculation=\"Mat\u00e9ria - Links no Texto\">Um elemento importante dos \u00faltimos dias foi a entrada do chamado inqu\u00e9rito das fake news na crise.<\/p>\n<\/div>\n<\/div>\n<div id=\"chunk-9j1s4\">\n<div class=\"mc-column content-text active-extra-styles \" data-block-type=\"unstyled\" data-block-weight=\"26\" data-block-id=\"59\">\n<p class=\" content-text__container \" data-track-category=\"Link no Texto\" data-track-links=\"\" data-mrf-recirculation=\"Mat\u00e9ria - Links no Texto\">Aberto em 2019 para investigar amea\u00e7as e ataques contra o STF, o procedimento <a class=\"\" href=\"https:\/\/g1.globo.com\/politica\/noticia\/2026\/09\/04\/fachin-anuncia-fim-do-inquerito-das-fake-news.ghtml\" data-mrf-link=\"https:\/\/g1.globo.com\/politica\/noticia\/2026\/09\/04\/fachin-anuncia-fim-do-inquerito-das-fake-news.ghtml\">\u00e9 relatado por Alexandre de Moraes e j\u00e1 dura mais de sete anos.<\/a><\/p>\n<\/div>\n<\/div>\n<div id=\"chunk-8nect\">\n<div class=\"mc-column content-text active-extra-styles \" data-block-type=\"unstyled\" data-block-weight=\"15\" data-block-id=\"60\">\n<p class=\" content-text__container \" data-track-category=\"Link no Texto\" data-track-links=\"\" data-mrf-recirculation=\"Mat\u00e9ria - Links no Texto\">Foi nesse inqu\u00e9rito que <a class=\"\" href=\"https:\/\/g1.globo.com\/politica\/noticia\/2026\/09\/03\/moraes-encaminha-a-fachin-pedido-de-investigacao-contra-mendonca.ghtml\" data-mrf-link=\"https:\/\/g1.globo.com\/politica\/noticia\/2026\/09\/03\/moraes-encaminha-a-fachin-pedido-de-investigacao-contra-mendonca.ghtml\">Moraes inicialmente apresentou um dos pedidos relacionados \u00e0 atua\u00e7\u00e3o de Mendon\u00e7a.<\/a><\/p>\n<\/div>\n<\/div>\n<div id=\"chunk-b6ieu\">\n<div class=\"mc-column content-text active-extra-styles \" data-block-type=\"unstyled\" data-block-weight=\"13\" data-block-id=\"61\">\n<p class=\" content-text__container \" data-track-category=\"Link no Texto\" data-track-links=\"\" data-mrf-recirculation=\"Mat\u00e9ria - Links no Texto\"><a class=\"\" href=\"https:\/\/g1.globo.com\/politica\/noticia\/2026\/09\/04\/fachin-manda-pgr-e-mendonca-se-manifestarem-sobre-pedido-de-investigacao-feito-por-moraes.ghtml\" data-mrf-link=\"https:\/\/g1.globo.com\/politica\/noticia\/2026\/09\/04\/fachin-manda-pgr-e-mendonca-se-manifestarem-sobre-pedido-de-investigacao-feito-por-moraes.ghtml\">A controv\u00e9rsia reacendeu cr\u00edticas antigas sobre a dura\u00e7\u00e3o da investiga\u00e7\u00e3o e seu alcance<\/a>.<\/p>\n<\/div>\n<\/div>\n<div id=\"chunk-9kjio\">\n<div class=\"mc-column content-text active-extra-styles \" data-block-type=\"unstyled\" data-block-weight=\"33\" data-block-id=\"62\">\n<p class=\" content-text__container \" data-track-category=\"Link no Texto\" data-track-links=\"\" data-mrf-recirculation=\"Mat\u00e9ria - Links no Texto\">Diante desse cen\u00e1rio, Fachin anunciou que pretende encerrar o inqu\u00e9rito das fake news e passou a defender que o caso se transformou em mais um argumento para promover mudan\u00e7as estruturais dentro da Corte.<\/p>\n<\/div>\n<\/div>\n<div id=\"chunk-66cm3\">\n<div class=\"content-ads content-ads--reveal\" data-block-type=\"ads\" data-block-id=\"63\">\n<div id=\"banner_materia__5fda8790-3c3e-42ba-a5d6-ab6ddcd59df2\" class=\"tag-manager-publicidade-container tag-manager-publicidade-banner_materia__5fda8790-3c3e-42ba-a5d6-ab6ddcd59df2 tag-manager-publicidade-container--carregado tag-manager-publicidade-container--visivel\" data-google-query-id=\"CPvm_bGe15YDFdODYQYd0vw48Q\">\n<div id=\"google_ads_iframe_\/95377733\/tvg_G1\/Politica_9__container__\"><\/div>\n<\/div>\n<\/div>\n<\/div>\n<div id=\"chunk-6cj4j\">\n<div class=\"row medium-uncollapsed content-media content-photo\" data-block-type=\"backstage-photo\" data-block-id=\"64\">\n<div class=\" mc-column  content-media__container\">\n<div class=\"content-media-container glb-skeleton-box\"><\/div>\n<p class=\"content-media__description  \">Procurador-geral da Rep\u00fablica, Paulo Gonet \u2014 Foto: Reprodu\u00e7\u00e3o<\/p>\n<\/div>\n<\/div>\n<\/div>\n<div id=\"chunk-2uivv\">\n<div class=\"mc-column content-text active-extra-styles\" data-block-type=\"raw\" data-block-weight=\"9\" data-block-id=\"65\">\n<p class=\"content-text__container\" data-mrf-recirculation=\"Mat\u00e9ria - Links no Texto\">\n<div class=\"content-intertitle\">\n<h2>8. Como a crise chegou \u00e0 Procuradoria-Geral da Rep\u00fablica?<\/h2>\n<\/div>\n<p>&nbsp;<\/p>\n<\/div>\n<\/div>\n<div id=\"chunk-ft611\">\n<div class=\"mc-column content-text active-extra-styles \" data-block-type=\"unstyled\" data-block-weight=\"19\" data-block-id=\"66\">\n<p class=\" content-text__container \" data-track-category=\"Link no Texto\" data-track-links=\"\" data-mrf-recirculation=\"Mat\u00e9ria - Links no Texto\">As cita\u00e7\u00f5es ao <a class=\"\" href=\"https:\/\/g1.globo.com\/politica\/noticia\/2025\/11\/12\/senado-aprova-paulo-gonet-para-mais-dois-anos-a-frente-da-procuradoria-geral-da-republica.ghtml\" data-mrf-link=\"https:\/\/g1.globo.com\/politica\/noticia\/2025\/11\/12\/senado-aprova-paulo-gonet-para-mais-dois-anos-a-frente-da-procuradoria-geral-da-republica.ghtml\">procurador-geral da Rep\u00fablica, Paulo Gonet, <\/a>nos relat\u00f3rios divulgados por Mendon\u00e7a ampliaram o alcance institucional da crise.<\/p>\n<\/div>\n<\/div>\n<div id=\"chunk-7kvc1\">\n<div class=\"mc-column content-text active-extra-styles \" data-block-type=\"unstyled\" data-block-weight=\"24\" data-block-id=\"67\">\n<p class=\" content-text__container \" data-track-category=\"Link no Texto\" data-track-links=\"\" data-mrf-recirculation=\"Mat\u00e9ria - Links no Texto\">Nesta semana, o Conselho Superior do Minist\u00e9rio P\u00fablico Federal (CSMPF) abriu um procedimento para analisar <a class=\"\" href=\"https:\/\/g1.globo.com\/politica\/noticia\/2025\/11\/12\/relembre-trajetoria-de-gonet-indicado-para-mais-dois-anos-a-frente-da-procuradoria-geral-da-republica.ghtml\" data-mrf-link=\"https:\/\/g1.globo.com\/politica\/noticia\/2025\/11\/12\/relembre-trajetoria-de-gonet-indicado-para-mais-dois-anos-a-frente-da-procuradoria-geral-da-republica.ghtml\">refer\u00eancias a Gonet<\/a> em mensagens atribu\u00eddas a Daniel Vorcaro.<\/p>\n<\/div>\n<\/div>\n<div id=\"chunk-f1qn6\">\n<div class=\"mc-column content-text active-extra-styles \" data-block-type=\"unstyled\" data-block-weight=\"30\" data-block-id=\"68\">\n<p class=\" content-text__container \" data-track-category=\"Link no Texto\" data-track-links=\"\" data-mrf-recirculation=\"Mat\u00e9ria - Links no Texto\">O conselho funciona como um dos principais \u00f3rg\u00e3os de controle e supervis\u00e3o administrativa do Minist\u00e9rio P\u00fablico Federal e tem compet\u00eancia para analisar quest\u00f5es envolvendo a atua\u00e7\u00e3o de membros da institui\u00e7\u00e3o.<\/p>\n<\/div>\n<\/div>\n<div id=\"chunk-th5a\">\n<div class=\"mc-column content-text active-extra-styles \" data-block-type=\"unstyled\" data-block-weight=\"21\" data-block-id=\"69\">\n<p class=\" content-text__container \" data-track-category=\"Link no Texto\" data-track-links=\"\" data-mrf-recirculation=\"Mat\u00e9ria - Links no Texto\">A abertura do procedimento n\u00e3o significa que houve conclus\u00e3o sobre eventual irregularidade nem equivale \u00e0 abertura de uma investiga\u00e7\u00e3o criminal.<\/p>\n<\/div>\n<\/div>\n<div id=\"chunk-ft28m\">\n<div class=\"content-ads content-ads--reveal\" data-block-type=\"ads\" data-block-id=\"71\">\n<div id=\"banner_materia__07b1f3d9-b761-4d21-a7a1-bcfa587ee69f\" class=\"tag-manager-publicidade-container tag-manager-publicidade-banner_materia__07b1f3d9-b761-4d21-a7a1-bcfa587ee69f tag-manager-publicidade-container--carregado tag-manager-publicidade-container--visivel\" data-google-query-id=\"CKnd4bKe15YDFSMOHgAdBtEUhw\">\n<div id=\"google_ads_iframe_\/95377733\/tvg_G1\/Politica_10__container__\"><iframe id=\"google_ads_iframe_\/95377733\/tvg_G1\/Politica_10\" tabindex=\"0\" title=\"Conte\u00fado de an\u00fancios de terceiros\" name=\"google_ads_iframe_\/95377733\/tvg_G1\/Politica_10\" width=\"970\" height=\"90\" frameborder=\"0\" marginwidth=\"0\" marginheight=\"0\" scrolling=\"no\" aria-label=\"Publicidade\" data-load-complete=\"true\" data-google-container-id=\"c\"><\/iframe><\/div>\n<\/div>\n<\/div>\n<\/div>\n<div id=\"chunk-1b1i5\">\n<div class=\"mc-column content-text active-extra-styles \" data-block-type=\"unstyled\" data-block-weight=\"18\" data-block-id=\"70\">\n<p class=\" content-text__container \" data-track-category=\"Link no Texto\" data-track-links=\"\" data-mrf-recirculation=\"Mat\u00e9ria - Links no Texto\">O objetivo inicial \u00e9 avaliar os fatos citados nos relat\u00f3rios e definir se h\u00e1 necessidade de provid\u00eancias adicionais.<\/p>\n<\/div>\n<\/div>\n<div id=\"chunk-11rnk\">\n<div class=\"mc-column content-text active-extra-styles \" data-block-type=\"unstyled\" data-block-weight=\"23\" data-block-id=\"72\">\n<p class=\" content-text__container \" data-track-category=\"Link no Texto\" data-track-links=\"\" data-mrf-recirculation=\"Mat\u00e9ria - Links no Texto\">A movimenta\u00e7\u00e3o colocou o Minist\u00e9rio P\u00fablico no centro das discuss\u00f5es e refor\u00e7ou a percep\u00e7\u00e3o de que a crise ultrapassou os limites do Supremo.<\/p>\n<\/div>\n<\/div>\n<div id=\"chunk-96o1c\">\n<div class=\"mc-column content-text active-extra-styles\" data-block-type=\"raw\" data-block-weight=\"7\" data-block-id=\"73\">\n<p class=\"content-text__container\" data-mrf-recirculation=\"Mat\u00e9ria - Links no Texto\">\n<div class=\"content-intertitle\">\n<h2>9. Por que Lula entrou no debate?<\/h2>\n<\/div>\n<p>&nbsp;<\/p>\n<\/div>\n<\/div>\n<div id=\"chunk-2s6ao\">\n<div class=\"mc-column content-text active-extra-styles \" data-block-type=\"unstyled\" data-block-weight=\"7\" data-block-id=\"74\">\n<p class=\" content-text__container \" data-track-category=\"Link no Texto\" data-track-links=\"\" data-mrf-recirculation=\"Mat\u00e9ria - Links no Texto\">A repercuss\u00e3o chegou ao Pal\u00e1cio do Planalto.<\/p>\n<\/div>\n<\/div>\n<div id=\"chunk-5d20a\">\n<div class=\"mc-column content-text active-extra-styles \" data-block-type=\"unstyled\" data-block-weight=\"20\" data-block-id=\"75\">\n<p class=\" content-text__container \" data-track-category=\"Link no Texto\" data-track-links=\"\" data-mrf-recirculation=\"Mat\u00e9ria - Links no Texto\">Primeiro, o presidente Luiz In\u00e1cio Lula da Silva (PT) afirmou que o pa\u00eds n\u00e3o poderia ficar ref\u00e9m de vazamentos seletivos.<\/p>\n<\/div>\n<\/div>\n<div id=\"chunk-9mdi5\">\n<div class=\"mc-column content-text active-extra-styles \" data-block-type=\"unstyled\" data-block-weight=\"10\" data-block-id=\"76\">\n<p class=\" content-text__container \" data-track-category=\"Link no Texto\" data-track-links=\"\" data-mrf-recirculation=\"Mat\u00e9ria - Links no Texto\">Depois, <a class=\"\" href=\"https:\/\/g1.globo.com\/politica\/noticia\/2026\/09\/04\/crise-master-no-stf-lula-volta-a-defender-reforma-do-poder-judiciario.ghtml\" data-mrf-link=\"https:\/\/g1.globo.com\/politica\/noticia\/2026\/09\/04\/crise-master-no-stf-lula-volta-a-defender-reforma-do-poder-judiciario.ghtml\">voltou a defender uma nova reforma do Poder Judici\u00e1rio.<\/a><\/p>\n<\/div>\n<\/div>\n<div id=\"chunk-5sqgs\">\n<div class=\"mc-column content-text active-extra-styles \" data-block-type=\"unstyled\" data-block-weight=\"30\" data-block-id=\"77\">\n<p class=\" content-text__container \" data-track-category=\"Link no Texto\" data-track-links=\"\" data-mrf-recirculation=\"Mat\u00e9ria - Links no Texto\">Sem citar diretamente ministros envolvidos na crise, Lula afirmou que ningu\u00e9m pode utilizar o cargo p\u00fablico em benef\u00edcio pr\u00f3prio e que todas as autoridades precisam se submeter \u00e0s mesmas regras.<\/p>\n<\/div>\n<\/div>\n<div id=\"chunk-8f1g3\">\n<div class=\"mc-column content-text active-extra-styles \" data-block-type=\"unstyled\" data-block-weight=\"23\" data-block-id=\"78\">\n<p class=\" content-text__container \" data-track-category=\"Link no Texto\" data-track-links=\"\" data-mrf-recirculation=\"Mat\u00e9ria - Links no Texto\">A declara\u00e7\u00e3o foi interpretada, em Bras\u00edlia, como um sinal de preocupa\u00e7\u00e3o do governo com o impacto institucional da crise \u00e0s v\u00e9speras das elei\u00e7\u00f5es.<\/p>\n<\/div>\n<\/div>\n<div id=\"chunk-1l8rp\">\n<div class=\"mc-column content-text active-extra-styles\" data-block-type=\"raw\" data-block-weight=\"6\" data-block-id=\"79\">\n<p class=\"content-text__container\" data-mrf-recirculation=\"Mat\u00e9ria - Links no Texto\">\n<div class=\"content-intertitle\">\n<h2>10. O que pode acontecer agora?<\/h2>\n<\/div>\n<p>&nbsp;<\/p>\n<\/div>\n<\/div>\n<div id=\"chunk-dlrb4\">\n<div class=\"mc-column content-text active-extra-styles \" data-block-type=\"unstyled\" data-block-weight=\"9\" data-block-id=\"80\">\n<p class=\" content-text__container \" data-track-category=\"Link no Texto\" data-track-links=\"\" data-mrf-recirculation=\"Mat\u00e9ria - Links no Texto\">Ainda n\u00e3o existe uma defini\u00e7\u00e3o sobre os pr\u00f3ximos passos.<\/p>\n<\/div>\n<\/div>\n<div id=\"chunk-7u53p\">\n<div class=\"mc-column content-text active-extra-styles \" data-block-type=\"unstyled\" data-block-weight=\"19\" data-block-id=\"81\">\n<p class=\" content-text__container \" data-track-category=\"Link no Texto\" data-track-links=\"\" data-mrf-recirculation=\"Mat\u00e9ria - Links no Texto\">Neste momento, grande parte das decis\u00f5es relacionadas \u00e0 crise est\u00e1 concentrada nas m\u00e3os do presidente do STF, Edson Fachin.<\/p>\n<\/div>\n<\/div>\n<div id=\"chunk-8ld2k\">\n<div class=\"mc-column content-text active-extra-styles \" data-block-type=\"unstyled\" data-block-weight=\"31\" data-block-id=\"82\">\n<p class=\" content-text__container \" data-track-category=\"Link no Texto\" data-track-links=\"\" data-mrf-recirculation=\"Mat\u00e9ria - Links no Texto\">Depois que Moraes pediu provid\u00eancias contra Mendon\u00e7a e Mendon\u00e7a defendeu que os relat\u00f3rios da PF sejam analisados institucionalmente pela Corte, coube a Fachin assumir a condu\u00e7\u00e3o dos principais desdobramentos do impasse.<\/p>\n<\/div>\n<\/div>\n<div id=\"chunk-43mdi\">\n<div class=\"content-ads content-ads--reveal\" data-block-type=\"ads\" data-block-id=\"84\">\n<div id=\"banner_materia__3368e268-d9e6-4537-8b84-11af0c673d98\" class=\"tag-manager-publicidade-container tag-manager-publicidade-banner_materia__3368e268-d9e6-4537-8b84-11af0c673d98 tag-manager-publicidade-container--carregado tag-manager-publicidade-container--visivel\" data-google-query-id=\"CMKGzrOe15YDFa9duAQdxZMGpw\">\n<div id=\"google_ads_iframe_\/95377733\/tvg_G1\/Politica_11__container__\"><iframe loading=\"lazy\" id=\"google_ads_iframe_\/95377733\/tvg_G1\/Politica_11\" tabindex=\"0\" title=\"Conte\u00fado de an\u00fancios de terceiros\" src=\"https:\/\/9ae3a11340403030d0f06ea37387fe0e.safeframe.googlesyndication.com\/safeframe\/1-0-45\/html\/container.html\" name=\"\" width=\"970\" height=\"250\" frameborder=\"0\" marginwidth=\"0\" marginheight=\"0\" scrolling=\"no\" sandbox=\"allow-forms allow-popups allow-popups-to-escape-sandbox allow-same-origin allow-scripts allow-top-navigation-by-user-activation\" data-is-safeframe=\"true\" aria-label=\"Publicidade\" data-google-container-id=\"d\" data-load-complete=\"true\"><\/iframe><\/div>\n<\/div>\n<\/div>\n<\/div>\n<div id=\"chunk-9i5up\">\n<div class=\"mc-column content-text active-extra-styles \" data-block-type=\"unstyled\" data-block-weight=\"40\" data-block-id=\"83\">\n<p class=\" content-text__container \" data-track-category=\"Link no Texto\" data-track-links=\"\" data-mrf-recirculation=\"Mat\u00e9ria - Links no Texto\">Caber\u00e1 ao presidente do Supremo decidir quais procedimentos ser\u00e3o adotados em rela\u00e7\u00e3o aos pedidos apresentados pelos dois ministros, se o caso dever\u00e1 ser submetido ao plen\u00e1rio e qual ser\u00e1 o rito para an\u00e1lise dos questionamentos surgidos ao longo da semana.<\/p>\n<\/div>\n<\/div>\n<div id=\"chunk-bkk1k\">\n<div class=\"mc-column content-text active-extra-styles \" data-block-type=\"unstyled\" data-block-weight=\"22\" data-block-id=\"85\">\n<p class=\" content-text__container \" data-track-category=\"Link no Texto\" data-track-links=\"\" data-mrf-recirculation=\"Mat\u00e9ria - Links no Texto\">Paralelamente, seguem em andamento an\u00e1lises envolvendo Paulo Gonet, negocia\u00e7\u00f5es de acordos de colabora\u00e7\u00e3o e outras frentes de investiga\u00e7\u00e3o relacionadas ao Caso Master.<\/p>\n<\/div>\n<\/div>\n<div id=\"chunk-4dvef\">\n<div class=\"mc-column content-text active-extra-styles \" data-block-type=\"unstyled\" data-block-weight=\"20\" data-block-id=\"86\">\n<p class=\" content-text__container \" data-track-category=\"Link no Texto\" data-track-links=\"\" data-mrf-recirculation=\"Mat\u00e9ria - Links no Texto\">A crise tamb\u00e9m acelerou discuss\u00f5es institucionais que j\u00e1 vinham sendo defendidas por Fachin antes mesmo da divulga\u00e7\u00e3o dos relat\u00f3rios.<\/p>\n<\/div>\n<\/div>\n<div id=\"chunk-fjnn2\">\n<div class=\"mc-column content-text active-extra-styles \" data-block-type=\"unstyled\" data-block-weight=\"37\" data-block-id=\"87\">\n<p class=\" content-text__container \" data-track-category=\"Link no Texto\" data-track-links=\"\" data-mrf-recirculation=\"Mat\u00e9ria - Links no Texto\">Entre elas est\u00e3o a <a class=\"\" href=\"https:\/\/g1.globo.com\/politica\/noticia\/2026\/03\/31\/fachin-espera-aprovacao-de-codigo-de-etica-para-ministros-do-stf-ainda-este-ano.ghtml\" data-mrf-link=\"https:\/\/g1.globo.com\/politica\/noticia\/2026\/03\/31\/fachin-espera-aprovacao-de-codigo-de-etica-para-ministros-do-stf-ainda-este-ano.ghtml\">cria\u00e7\u00e3o de um C\u00f3digo de \u00c9tica para ministros do STF<\/a>, proposta apresentada pelo presidente da Corte ainda <a class=\"\" href=\"https:\/\/g1.globo.com\/economia\/noticia\/2026\/03\/04\/o-que-voce-precisa-saber-sobre-a-prisao-de-daniel-vorcaro-e-o-colapso-do-banco-master.ghtml\" data-mrf-link=\"https:\/\/g1.globo.com\/economia\/noticia\/2026\/03\/04\/o-que-voce-precisa-saber-sobre-a-prisao-de-daniel-vorcaro-e-o-colapso-do-banco-master.ghtml\">antes do caso Master,<\/a> e a revis\u00e3o de mecanismos internos de transpar\u00eancia e governan\u00e7a do tribunal.<\/p>\n<\/div>\n<\/div>\n<div id=\"chunk-1h4go\">\n<div class=\"mc-column content-text active-extra-styles \" data-block-type=\"unstyled\" data-block-weight=\"35\" data-block-id=\"88\">\n<p class=\" content-text__container \" data-track-category=\"Link no Texto\" data-track-links=\"\" data-mrf-recirculation=\"Mat\u00e9ria - Links no Texto\">Al\u00e9m disso, Fachin anunciou nesta semana que pretende encerrar o inqu\u00e9rito das fake news, aberto em 2019 e relatado por Alexandre de Moraes, sinalizando que a crise poder\u00e1 produzir mudan\u00e7as estruturais no funcionamento do Supremo.<\/p>\n<\/div>\n<\/div>\n<div id=\"chunk-dmv92\">\n<div class=\"mc-column content-text active-extra-styles\" data-block-type=\"raw\" data-block-weight=\"13\" data-block-id=\"89\">\n<p class=\"content-text__container\" data-mrf-recirculation=\"Mat\u00e9ria - Links no Texto\">\n<div class=\"content-intertitle\">\n<h2>Por que esta foi uma das semanas mais turbulentas da pol\u00edtica em 2026?<\/h2>\n<\/div>\n<p>&nbsp;<\/p>\n<\/div>\n<\/div>\n<div id=\"chunk-oijb\">\n<div class=\"mc-column content-text active-extra-styles \" data-block-type=\"unstyled\" data-block-weight=\"28\" data-block-id=\"90\">\n<p class=\" content-text__container \" data-track-category=\"Link no Texto\" data-track-links=\"\" data-mrf-recirculation=\"Mat\u00e9ria - Links no Texto\">Porque uma investiga\u00e7\u00e3o que come\u00e7ou tratando de suspeitas financeiras envolvendo <a class=\"\" href=\"https:\/\/g1.globo.com\/sp\/sao-paulo\/noticia\/2026\/03\/04\/vorcaro-e-preso-em-nova-operacao-da-pf.ghtml\" data-mrf-link=\"https:\/\/g1.globo.com\/sp\/sao-paulo\/noticia\/2026\/03\/04\/vorcaro-e-preso-em-nova-operacao-da-pf.ghtml\">um ex-banqueiro, que est\u00e1 preso<\/a>, acabou atingindo simultaneamente algumas das principais institui\u00e7\u00f5es da Rep\u00fablica, al\u00e9m de autoridades.<\/p>\n<\/div>\n<\/div>\n<div id=\"chunk-2isfk\">\n<div class=\"mc-column content-text active-extra-styles \" data-block-type=\"unstyled\" data-block-weight=\"49\" data-block-id=\"91\">\n<p class=\" content-text__container \" data-track-category=\"Link no Texto\" data-track-links=\"\" data-mrf-recirculation=\"Mat\u00e9ria - Links no Texto\">Em poucos dias, a crise colocou em lados opostos dois ministros do Supremo, levou \u00e0 abertura de procedimentos envolvendo o procurador-geral da Rep\u00fablica, mobilizou a Pol\u00edcia Federal, provocou rea\u00e7\u00f5es do presidente da Rep\u00fablica, envolveu o Congresso Nacional e obrigou o presidente do STF a discutir mudan\u00e7as estruturais na Corte.<\/p>\n<\/div>\n<\/div>\n<div id=\"chunk-fqtqh\">\n<div class=\"content-ads content-ads--reveal\" data-block-type=\"ads\" data-block-id=\"93\">\n<div id=\"banner_materia__69388539-05e1-4f94-a6ac-b302e3c9d8bf\" class=\"tag-manager-publicidade-container tag-manager-publicidade-banner_materia__69388539-05e1-4f94-a6ac-b302e3c9d8bf tag-manager-publicidade-container--carregado tag-manager-publicidade-container--visivel\" data-google-query-id=\"CN7779Of15YDFbivlQIdMlYirA\"><\/div>\n<\/div>\n<\/div>\n<\/div>\n<\/div>\n<\/div>\n<\/div>\n<\/div>\n<\/div>\n<\/div>\n<\/div>\n<\/div>\n<div id=\"fb_share_1\" style=\"float: right; margin-left: 10px;\"><a name=\"fb_share\" type=\"button\" share_url=\"http:\/\/www.orc.com.br\/novo\/brasil\/perdido-na-crise-do-stf-entenda-em-10-pontos-por-que-esta-foi-uma-das-semanas-mais-turbulentas-da-politica-em-2026.html\" href=\"http:\/\/www.facebook.com\/sharer.php\">Share<\/a><\/div><div><script src=\"http:\/\/static.ak.fbcdn.net\/connect.php\/js\/FB.Share\" type=\"text\/javascript\"><\/script><\/div>","protected":false},"excerpt":{"rendered":"<p>Relat\u00f3rios da PF, embates entre ministros do STF, questionamentos sobre a PGR e rea\u00e7\u00f5es dos Tr\u00eas Poderes transformaram uma investiga\u00e7\u00e3o sobre o Banco Master em uma das maiores crises institucionais em ano de elei\u00e7\u00e3o. Por Mariana Laboissi\u00e8re, g1 \u2014 Bras\u00edlia Uma investiga\u00e7\u00e3o sobre supostas fraudes financeiras envolvendo o extinto Banco Master acabou provocando uma crise &#8230;<\/p>\n","protected":false},"author":3,"featured_media":160320,"comment_status":"open","ping_status":"open","sticky":false,"template":"","format":"standard","meta":[],"categories":[1],"tags":[8],"jetpack_featured_media_url":"https:\/\/orc.com.br\/novo\/wp-content\/uploads\/2026\/09\/STF1.jpeg","_links":{"self":[{"href":"http:\/\/www.orc.com.br\/novo\/wp-json\/wp\/v2\/posts\/160319"}],"collection":[{"href":"http:\/\/www.orc.com.br\/novo\/wp-json\/wp\/v2\/posts"}],"about":[{"href":"http:\/\/www.orc.com.br\/novo\/wp-json\/wp\/v2\/types\/post"}],"author":[{"embeddable":true,"href":"http:\/\/www.orc.com.br\/novo\/wp-json\/wp\/v2\/users\/3"}],"replies":[{"embeddable":true,"href":"http:\/\/www.orc.com.br\/novo\/wp-json\/wp\/v2\/comments?post=160319"}],"version-history":[{"count":1,"href":"http:\/\/www.orc.com.br\/novo\/wp-json\/wp\/v2\/posts\/160319\/revisions"}],"predecessor-version":[{"id":160321,"href":"http:\/\/www.orc.com.br\/novo\/wp-json\/wp\/v2\/posts\/160319\/revisions\/160321"}],"wp:featuredmedia":[{"embeddable":true,"href":"http:\/\/www.orc.com.br\/novo\/wp-json\/wp\/v2\/media\/160320"}],"wp:attachment":[{"href":"http:\/\/www.orc.com.br\/novo\/wp-json\/wp\/v2\/media?parent=160319"}],"wp:term":[{"taxonomy":"category","embeddable":true,"href":"http:\/\/www.orc.com.br\/novo\/wp-json\/wp\/v2\/categories?post=160319"},{"taxonomy":"post_tag","embeddable":true,"href":"http:\/\/www.orc.com.br\/novo\/wp-json\/wp\/v2\/tags?post=160319"}],"curies":[{"name":"wp","href":"https:\/\/api.w.org\/{rel}","templated":true}]}}