{"id":160322,"date":"2026-09-05T07:44:20","date_gmt":"2026-09-05T10:44:20","guid":{"rendered":"https:\/\/www.orc.com.br\/novo\/?p=160322"},"modified":"2026-09-05T07:44:20","modified_gmt":"2026-09-05T10:44:20","slug":"entenda-o-que-muda-no-mapa-mundi-apos-onu-aprovar-correcao-de-distorcoes-nas-dimensoes-dos-continentes","status":"publish","type":"post","link":"http:\/\/www.orc.com.br\/novo\/internacional\/entenda-o-que-muda-no-mapa-mundi-apos-onu-aprovar-correcao-de-distorcoes-nas-dimensoes-dos-continentes.html","title":{"rendered":"Entenda o que muda no mapa-m\u00fandi ap\u00f3s ONU aprovar corre\u00e7\u00e3o de distor\u00e7\u00f5es nas dimens\u00f5es dos continentes"},"content":{"rendered":"<div class=\"row content-head mc-column non-featured \">\n<div class=\"medium-centered subtitle\">\n<h2 class=\"content-head__subtitle\">Proje\u00e7\u00e3o de Mercator, criada no s\u00e9culo 16 para facilitar a navega\u00e7\u00e3o, faz regi\u00f5es pr\u00f3ximas aos polos parecerem maiores. Nova proposta incentiva o uso de mapas que representem melhor as propor\u00e7\u00f5es entre os continentes.<\/h2>\n<\/div>\n<\/div>\n<div class=\"content__signa-share mc-column\">\n<div class=\"content__signature\">\n<div class=\"content-publication-data\">\n<div class=\"content-publication-data__text\">\n<p class=\"content-publication-data__from\" title=\"Reda\u00e7\u00e3o g1\">Por <a class=\"multi_signatures\" href=\"https:\/\/g1.globo.com\/autores\/redacao-g1\/\">Reda\u00e7\u00e3o g1<\/a>, S\u00e3o Paulo<\/p>\n<div id=\"chunk-e88q1\">\n<div class=\"mc-column mc-side-item__container\" data-block-type=\"ads\" data-block-id=\"3\">\n<div class=\"mc-side-item mc-side-item--right content-ads content-ads--side-ad\">\n<div id=\"banner_materia1\" class=\"tag-manager-publicidade-container tag-manager-publicidade-banner_materia1 tag-manager-publicidade-container--carregado tag-manager-publicidade-container--visivel\" data-google-query-id=\"CK7GmImg15YDFQRM3QIdaoIV0w\">\n<div id=\"google_ads_iframe_\/95377733\/tvg_G1\/Educacao_2__container__\"><\/div>\n<\/div>\n<\/div>\n<\/div>\n<\/div>\n<div id=\"chunk-2ohqu\">\n<div class=\"mc-column content-text active-extra-styles \" data-block-type=\"unstyled\" data-block-weight=\"48\" data-block-id=\"2\">\n<p class=\" content-text__container \" data-track-category=\"Link no Texto\" data-track-links=\"\" data-mrf-recirculation=\"Mat\u00e9ria - Links no Texto\">A Assembleia Geral da Organiza\u00e7\u00e3o das Na\u00e7\u00f5es Unidas (<a class=\"\" href=\"https:\/\/g1.globo.com\/tudo-sobre\/onu\/\" data-mrf-link=\"https:\/\/g1.globo.com\/tudo-sobre\/onu\/\">ONU<\/a>) aprovou na sexta-feira (4) uma resolu\u00e7\u00e3o que <a class=\"\" href=\"https:\/\/g1.globo.com\/mundo\/noticia\/2026\/09\/04\/onu-aprova-resolucao-para-mudar-mapa-mundi-e-corrigir-distorcoes-que-fazem-continentes-parecerem-menores.ghtml\" data-mrf-link=\"https:\/\/g1.globo.com\/mundo\/noticia\/2026\/09\/04\/onu-aprova-resolucao-para-mudar-mapa-mundi-e-corrigir-distorcoes-que-fazem-continentes-parecerem-menores.ghtml\">incentiva a ado\u00e7\u00e3o de uma nova forma de representar o mapa-m\u00fandi<\/a>. A proposta, aprovada por 164 votos, <span class=\"highlight highlighted\">busca reduzir as distor\u00e7\u00f5es no tamanho dos continentes causadas por proje\u00e7\u00f5es cartogr\u00e1ficas<\/span> utilizadas h\u00e1 s\u00e9culos.<\/p>\n<\/div>\n<\/div>\n<div class=\"wall protected-content\">\n<div id=\"chunk-62snj\">\n<div class=\"mc-column content-text active-extra-styles \" data-block-type=\"unstyled\" data-block-weight=\"45\" data-block-id=\"4\">\n<p class=\" content-text__container \" data-track-category=\"Link no Texto\" data-track-links=\"\" data-mrf-recirculation=\"Mat\u00e9ria - Links no Texto\">A discuss\u00e3o envolve principalmente a proje\u00e7\u00e3o de Mercator, criada no s\u00e9culo 16 pelo cart\u00f3grafo Gerardus Mercator para facilitar a navega\u00e7\u00e3o mar\u00edtima. O modelo se tornou uma das representa\u00e7\u00f5es mais conhecidas do planeta e ainda aparece em mapas, materiais educacionais e ferramentas digitais. <em>(Entenda mais abaixo.)<\/em><\/p>\n<\/div>\n<\/div>\n<div id=\"chunk-ck7k3\">\n<div class=\"mc-column content-text active-extra-styles \" data-block-type=\"unstyled\" data-block-weight=\"54\" data-block-id=\"5\">\n<p class=\" content-text__container \" data-track-category=\"Link no Texto\" data-track-links=\"\" data-mrf-recirculation=\"Mat\u00e9ria - Links no Texto\">Um dos pontos a ser considerado \u00e9 que n\u00e3o existe uma maneira de transformar perfeitamente uma superf\u00edcie esf\u00e9rica, como a Terra, em uma superf\u00edcie plana, como uma folha de papel ou uma tela. <strong>Toda proje\u00e7\u00e3o cartogr\u00e1fica precisa fazer algum tipo de distor\u00e7\u00e3o, que pode afetar o tamanho, a forma ou a localiza\u00e7\u00e3o das regi\u00f5es.<\/strong><\/p>\n<p data-track-category=\"Link no Texto\" data-track-links=\"\" data-mrf-recirculation=\"Mat\u00e9ria - Links no Texto\">Na proje\u00e7\u00e3o de Mercator, a distor\u00e7\u00e3o aumenta \u00e0 medida que uma regi\u00e3o se afasta da linha do Equador. Assim, <span class=\"highlight highlighted\">\u00e1reas pr\u00f3ximas aos polos aparecem maiores do que realmente s\u00e3o, enquanto regi\u00f5es pr\u00f3ximas ao Equador parecem proporcionalmente menores.<\/span> \u00c9 por isso que a \u00c1frica, por exemplo, pode parecer ter dimens\u00f5es semelhantes \u00e0s da Groenl\u00e2ndia, embora o continente africano seja cerca de 14 vezes maior.<\/p>\n<div id=\"chunk-63fo1\">\n<div class=\"mc-column content-text active-extra-styles\" data-block-type=\"raw\" data-block-weight=\"7\" data-block-id=\"9\">\n<div class=\"content-intertitle\">\n<h2>Por que os mapas mostram tamanhos diferentes?<\/h2>\n<\/div>\n<p>&nbsp;<\/p>\n<\/div>\n<\/div>\n<div id=\"chunk-2m68h\">\n<div class=\"mc-column content-text active-extra-styles \" data-block-type=\"unstyled\" data-block-weight=\"36\" data-block-id=\"10\">\n<p class=\" content-text__container \" data-track-category=\"Link no Texto\" data-track-links=\"\" data-mrf-recirculation=\"Mat\u00e9ria - Links no Texto\">At\u00e9 a aprova\u00e7\u00e3o do novo modelo pela ONU, haviam duas vers\u00f5es mais disseminadas de mapa-m\u00fandi: a proje\u00e7\u00e3o de Mercator (a mais comum e mais conhecida) e a proje\u00e7\u00e3o de Gall-Peters. Cada uma tinha escalas pr\u00f3prias.<\/p>\n<\/div>\n<\/div>\n<div id=\"chunk-47tev\">\n<div class=\"content-ads content-ads--reveal\" data-block-type=\"ads\" data-block-id=\"12\">\n<div id=\"banner_materia__9d5f5c36-022e-458a-b3a0-3947a294acde\" class=\"tag-manager-publicidade-container tag-manager-publicidade-banner_materia__9d5f5c36-022e-458a-b3a0-3947a294acde tag-manager-publicidade-container--carregado tag-manager-publicidade-container--visivel\" data-google-query-id=\"CI7K1qGg15YDFf9K3QIdoGcOqQ\">\n<div id=\"google_ads_iframe_\/95377733\/tvg_G1\/Educacao_4__container__\">\n<div id=\"chunk-uvr0\">\n<div class=\"mc-column content-text active-extra-styles \" data-block-type=\"unstyled\" data-block-weight=\"3\" data-block-id=\"11\">\n<p class=\" content-text__container \" data-track-category=\"Link no Texto\" data-track-links=\"\" data-mrf-recirculation=\"Mat\u00e9ria - Links no Texto\"><strong>Proje\u00e7\u00e3o de Mercator<\/strong><\/p>\n<\/div>\n<\/div>\n<div id=\"chunk-8da80\">\n<div class=\"mc-column content-text active-extra-styles \" data-block-type=\"unstyled\" data-block-weight=\"43\" data-block-id=\"13\">\n<p class=\" content-text__container \" data-track-category=\"Link no Texto\" data-track-links=\"\" data-mrf-recirculation=\"Mat\u00e9ria - Links no Texto\">Criada em 1569, a proje\u00e7\u00e3o de Mercator foi desenvolvida para resolver um problema pr\u00e1tico da navega\u00e7\u00e3o. Ela permite que os navegadores mantenham determinadas dire\u00e7\u00f5es no mapa de acordo com a b\u00fassola, o que ajudou a explicar sua ampla utiliza\u00e7\u00e3o ao longo dos s\u00e9culos.<\/p>\n<\/div>\n<\/div>\n<div id=\"chunk-mtso\">\n<div class=\"mc-column content-text active-extra-styles \" data-block-type=\"unstyled\" data-block-weight=\"36\" data-block-id=\"14\">\n<p class=\" content-text__container \" data-track-category=\"Link no Texto\" data-track-links=\"\" data-mrf-recirculation=\"Mat\u00e9ria - Links no Texto\">Para conseguir isso, por\u00e9m, <strong>o modelo distorce progressivamente o tamanho das regi\u00f5es conforme elas se afastam do Equador<\/strong>. Os meridianos, que na realidade se encontram nos polos, aparecem como linhas paralelas e igualmente espa\u00e7adas no mapa.<\/p>\n<\/div>\n<\/div>\n<div id=\"chunk-223vo\">\n<div class=\"mc-column content-text active-extra-styles \" data-block-type=\"unstyled\" data-block-weight=\"8\" data-block-id=\"15\">\n<p class=\" content-text__container \" data-track-category=\"Link no Texto\" data-track-links=\"\" data-mrf-recirculation=\"Mat\u00e9ria - Links no Texto\">O resultado pode ser percebido em compara\u00e7\u00f5es conhecidas:<\/p>\n<\/div>\n<\/div>\n<div id=\"chunk-24vmb\">\n<div class=\"mc-column content-text active-extra-styles\" data-block-type=\"raw\" data-block-weight=\"67\" data-block-id=\"16\">\n<p class=\"content-text__container\" data-mrf-recirculation=\"Mat\u00e9ria - Links no Texto\">\n<ul class=\"content-unordered-list\" data-mrf-recirculation=\"Mat\u00e9ria - Leia Tamb\u00e9m (Lista)\">\n<li><strong>\u00c1frica e Groenl\u00e2ndia: <\/strong>a Groenl\u00e2ndia pode parecer pr\u00f3xima do tamanho da \u00c1frica, embora a \u00c1frica seja cerca de 14 vezes maior;<\/li>\n<li><strong>Brasil e Alasca: <\/strong>os dois aparecem com dimens\u00f5es semelhantes em algumas representa\u00e7\u00f5es, embora o Brasil seja cerca de cinco vezes maior que o Alasca;<\/li>\n<li><strong>\u00c1frica e Am\u00e9rica do Norte: <\/strong>a \u00c1frica aparece proporcionalmente menor, apesar de ter aproximadamente o triplo da extens\u00e3o da Am\u00e9rica do Norte.<\/li>\n<\/ul>\n<p>&nbsp;<\/p>\n<\/div>\n<\/div>\n<div id=\"chunk-4viqn\">\n<div class=\"row medium-uncollapsed content-media content-photo\" data-block-type=\"backstage-photo\" data-block-id=\"17\">\n<div class=\" mc-column  content-media__container\">\n<div class=\"content-media-container glb-skeleton-box\">\n<figure class=\"content-media-figure\"><img class=\"i-amphtml-fill-content i-amphtml-replaced-content\" src=\"https:\/\/s2-g1.glbimg.com\/bWgz0qm3tQtHqrkv2ADtKaejRkU=\/0x0:1880x1504\/984x0\/smart\/filters:strip_icc()\/i.s3.glbimg.com\/v1\/AUTH_59edd422c0c84a879bd37670ae4f538a\/internal_photos\/bs\/2026\/R\/O\/uNqkANQFOJWfX8F1L5Sw\/africa.avif\" sizes=\"(max-width: 1525px) 648px, 100vw\" srcset=\"https:\/\/s2-g1.glbimg.com\/pLwDpwqDOZQKjbMBUnNFLIDSUSA=\/0x0:1880x1504\/1000x0\/smart\/filters:strip_icc()\/i.s3.glbimg.com\/v1\/AUTH_59edd422c0c84a879bd37670ae4f538a\/internal_photos\/bs\/2026\/R\/O\/uNqkANQFOJWfX8F1L5Sw\/africa.avif 1000w, https:\/\/s2-g1.glbimg.com\/bWgz0qm3tQtHqrkv2ADtKaejRkU=\/0x0:1880x1504\/984x0\/smart\/filters:strip_icc()\/i.s3.glbimg.com\/v1\/AUTH_59edd422c0c84a879bd37670ae4f538a\/internal_photos\/bs\/2026\/R\/O\/uNqkANQFOJWfX8F1L5Sw\/africa.avif 984w, https:\/\/s2-g1.glbimg.com\/0l9RdwjI0Otg8k-BIEXJSXh_U38=\/0x0:1880x1504\/640x0\/smart\/filters:strip_icc()\/i.s3.glbimg.com\/v1\/AUTH_59edd422c0c84a879bd37670ae4f538a\/internal_photos\/bs\/2026\/R\/O\/uNqkANQFOJWfX8F1L5Sw\/africa.avif 640w, https:\/\/s2-g1.glbimg.com\/ZBTW6ojqoZpnRXuHv8mxTdjm95M=\/0x0:1880x1504\/600x0\/smart\/filters:strip_icc()\/i.s3.glbimg.com\/v1\/AUTH_59edd422c0c84a879bd37670ae4f538a\/internal_photos\/bs\/2026\/R\/O\/uNqkANQFOJWfX8F1L5Sw\/africa.avif 600w\" alt=\"\u00c0 esquerda, a \u00c1frica no mapa Mercator e \u00e0 direita, o continente no novo mapa aprovado pela ONU \u2014 Foto: Reprodu\u00e7\u00e3o\" \/><\/figure>\n<\/div>\n<p class=\"content-media__description  \">\u00c0 esquerda, a \u00c1frica no mapa Mercator e \u00e0 direita, o continente no novo mapa aprovado pela ONU \u2014 Foto: Reprodu\u00e7\u00e3o<\/p>\n<\/div>\n<\/div>\n<\/div>\n<div id=\"chunk-9qd21\">\n<div class=\"content-ads content-ads--reveal\" data-block-type=\"ads\" data-block-id=\"19\">\n<div id=\"banner_materia__857877ef-03fa-48d1-8e25-1b6210135f55\" class=\"tag-manager-publicidade-container tag-manager-publicidade-banner_materia__857877ef-03fa-48d1-8e25-1b6210135f55 tag-manager-publicidade-container--carregado tag-manager-publicidade-container--visivel\" data-google-query-id=\"CL2Aus2g15YDFTSsYQYdD1YqLA\">\n<div id=\"google_ads_iframe_\/95377733\/tvg_G1\/Educacao_5__container__\"><iframe loading=\"lazy\" id=\"google_ads_iframe_\/95377733\/tvg_G1\/Educacao_5\" tabindex=\"0\" title=\"Conte\u00fado de an\u00fancios de terceiros\" src=\"https:\/\/a08bb2d794b5f3cdfac122eedb692dd1.safeframe.googlesyndication.com\/safeframe\/1-0-45\/html\/container.html\" name=\"\" width=\"970\" height=\"250\" frameborder=\"0\" marginwidth=\"0\" marginheight=\"0\" scrolling=\"no\" sandbox=\"allow-forms allow-popups allow-popups-to-escape-sandbox allow-same-origin allow-scripts allow-top-navigation-by-user-activation\" data-is-safeframe=\"true\" aria-label=\"Publicidade\" data-google-container-id=\"7\" data-load-complete=\"true\"><\/iframe><\/div>\n<\/div>\n<\/div>\n<\/div>\n<\/div>\n<\/div>\n<\/div>\n<\/div>\n<\/div>\n<\/div>\n<\/div>\n<\/div>\n<\/div>\n<\/div>\n<\/div>\n<div id=\"fb_share_1\" style=\"float: right; margin-left: 10px;\"><a name=\"fb_share\" type=\"button\" share_url=\"http:\/\/www.orc.com.br\/novo\/internacional\/entenda-o-que-muda-no-mapa-mundi-apos-onu-aprovar-correcao-de-distorcoes-nas-dimensoes-dos-continentes.html\" href=\"http:\/\/www.facebook.com\/sharer.php\">Share<\/a><\/div><div><script src=\"http:\/\/static.ak.fbcdn.net\/connect.php\/js\/FB.Share\" type=\"text\/javascript\"><\/script><\/div>","protected":false},"excerpt":{"rendered":"<p>Proje\u00e7\u00e3o de Mercator, criada no s\u00e9culo 16 para facilitar a navega\u00e7\u00e3o, faz regi\u00f5es pr\u00f3ximas aos polos parecerem maiores. Nova proposta incentiva o uso de mapas que representem melhor as propor\u00e7\u00f5es entre os continentes. Por Reda\u00e7\u00e3o g1, S\u00e3o Paulo A Assembleia Geral da Organiza\u00e7\u00e3o das Na\u00e7\u00f5es Unidas (ONU) aprovou na sexta-feira (4) uma resolu\u00e7\u00e3o que incentiva &#8230;<\/p>\n","protected":false},"author":3,"featured_media":160323,"comment_status":"open","ping_status":"open","sticky":false,"template":"","format":"standard","meta":[],"categories":[24],"tags":[8],"jetpack_featured_media_url":"https:\/\/orc.com.br\/novo\/wp-content\/uploads\/2026\/09\/Mapa1.webp","_links":{"self":[{"href":"http:\/\/www.orc.com.br\/novo\/wp-json\/wp\/v2\/posts\/160322"}],"collection":[{"href":"http:\/\/www.orc.com.br\/novo\/wp-json\/wp\/v2\/posts"}],"about":[{"href":"http:\/\/www.orc.com.br\/novo\/wp-json\/wp\/v2\/types\/post"}],"author":[{"embeddable":true,"href":"http:\/\/www.orc.com.br\/novo\/wp-json\/wp\/v2\/users\/3"}],"replies":[{"embeddable":true,"href":"http:\/\/www.orc.com.br\/novo\/wp-json\/wp\/v2\/comments?post=160322"}],"version-history":[{"count":2,"href":"http:\/\/www.orc.com.br\/novo\/wp-json\/wp\/v2\/posts\/160322\/revisions"}],"predecessor-version":[{"id":160325,"href":"http:\/\/www.orc.com.br\/novo\/wp-json\/wp\/v2\/posts\/160322\/revisions\/160325"}],"wp:featuredmedia":[{"embeddable":true,"href":"http:\/\/www.orc.com.br\/novo\/wp-json\/wp\/v2\/media\/160323"}],"wp:attachment":[{"href":"http:\/\/www.orc.com.br\/novo\/wp-json\/wp\/v2\/media?parent=160322"}],"wp:term":[{"taxonomy":"category","embeddable":true,"href":"http:\/\/www.orc.com.br\/novo\/wp-json\/wp\/v2\/categories?post=160322"},{"taxonomy":"post_tag","embeddable":true,"href":"http:\/\/www.orc.com.br\/novo\/wp-json\/wp\/v2\/tags?post=160322"}],"curies":[{"name":"wp","href":"https:\/\/api.w.org\/{rel}","templated":true}]}}