{"id":158021,"date":"2026-03-17T05:43:06","date_gmt":"2026-03-17T08:43:06","guid":{"rendered":"https:\/\/www.orc.com.br\/novo\/?p=158021"},"modified":"2026-03-17T05:43:06","modified_gmt":"2026-03-17T08:43:06","slug":"ancelotti-convoca-selecao-sem-neymar","status":"publish","type":"post","link":"https:\/\/www.orc.com.br\/novo\/economia\/ancelotti-convoca-selecao-sem-neymar.html","title":{"rendered":"Ancelotti convoca sele\u00e7\u00e3o sem Neymar"},"content":{"rendered":"<p class=\"styles__ParagraphStyled-sc-6adecn-0 kdCuzP  \" data-component-name=\"paragraph\">O t\u00e9cnico <a title=\"https:\/\/www.estadao.com.br\/tudo-sobre\/carlo-ancelotti\" href=\"https:\/\/www.estadao.com.br\/tudo-sobre\/carlo-ancelotti\" target=\"_blank\" rel=\"noopener\"><strong>Carlo Ancelotti <\/strong><\/a>fez a \u00faltima convoca\u00e7\u00e3o da <a title=\"https:\/\/www.estadao.com.br\/tudo-sobre\/selecao-brasileira-masculina-de-futebol\/\" href=\"https:\/\/www.estadao.com.br\/tudo-sobre\/selecao-brasileira-masculina-de-futebol\/\" target=\"_blank\" rel=\"noopener noreferrer\"><strong>sele\u00e7\u00e3o brasileira<\/strong><\/a> antes da defini\u00e7\u00e3o da lista dos 26 atletas que disputar\u00e3o a <a title=\"https:\/\/www.estadao.com.br\/tudo-sobre\/copa-do-mundo-2026-canada-mexico-estados-unidos-futebol\" href=\"https:\/\/www.estadao.com.br\/tudo-sobre\/copa-do-mundo-2026-canada-mexico-estados-unidos-futebol\" target=\"_blank\" rel=\"noopener noreferrer\"><strong>Copa do Mundo<\/strong><\/a> na Am\u00e9rica do Norte entre junho e julho.<\/p>\n<p class=\"styles__ParagraphStyled-sc-6adecn-0 kdCuzP  \" data-component-name=\"paragraph\">O italiano j\u00e1 tem 18 dos 26 nomes definidos e trata os jogos contra Fran\u00e7a, dia 26, e Cro\u00e1cia, dia 31, como testes para a escolha dos outros oito. Sem Neymar, o treinador promover\u00e1 as estreias de Rayan e Igor Thiago, al\u00e9m do retorno de Endrick.<\/p>\n<div id=\"chunk-cnu3k\">\n<div class=\"mc-column content-text active-extra-styles\" data-block-type=\"raw\" data-block-weight=\"4\" data-block-id=\"17\">\n<div class=\"content-intertitle\">\n<h2>Os convocados da Sele\u00e7\u00e3o:<\/h2>\n<\/div>\n<\/div>\n<\/div>\n<div id=\"chunk-37ll\">\n<div class=\"mc-column content-text active-extra-styles\" data-block-type=\"raw\" data-block-weight=\"75\" data-block-id=\"19\">\n<p class=\"content-text__container\">\n<ul class=\"content-unordered-list\" data-mrf-recirculation=\"Artigo - Mais Mat\u00e9rias\">\n<li><strong>Goleiros: <\/strong>Alisson (Liverpool), Bento (Al-Nassr) e Ederson (Fenerbah\u00e7e).<\/li>\n<li><strong>Defensores: <\/strong>Alex Sandro (Flamengo), Bremer (Juventus), Danilo (Flamengo), Douglas Santos (Zenit), Gabriel Magalh\u00e3es (Arsenal), Iba\u00f1ez (Al-Ahli), Leo Pereira (Flamengo), Marquinhos (PSG) e Wesley (Roma).<\/li>\n<li><strong>Meio-campistas:<\/strong> Andrey Santos (Chelsea), Casemiro (Manchester United), Danilo (Botafogo), Fabinho (Al-Ittihad) e Gabriel Sara (Galatasaray).<\/li>\n<li><strong>Atacantes:<\/strong> Endrick (Lyon), Gabriel Martinelli (Arsenal), Igor Thiago (Brentford), Jo\u00e3o Pedro (Chelsea), Luiz Henrique (Zenit), Matheus Cunha (Manchester United), Raphinha (Barcelona), Rayan (Bournemouth) e Vinicius Junior (Real Madrid).<\/li>\n<\/ul>\n<p>&nbsp;<\/p>\n<\/div>\n<\/div>\n<div id=\"chunk-6j8hn\">\n<div class=\"mc-column content-text active-extra-styles \" data-block-type=\"unstyled\" data-block-weight=\"41\" data-block-id=\"20\">\n<p class=\" content-text__container \" data-track-category=\"Link no Texto\" data-track-links=\"\" data-mrf-recirculation=\"Artigo - Link no Texto\"><a class=\"\" href=\"https:\/\/ge.globo.com\/futebol\/selecao-brasileira\/noticia\/2026\/03\/11\/selecao-acumula-desfalques-por-lesao-mas-confia-em-volta-de-pecas-chave-ate-a-copa-do-mundo.ghtml\" data-mrf-link=\"https:\/\/ge.globo.com\/futebol\/selecao-brasileira\/noticia\/2026\/03\/11\/selecao-acumula-desfalques-por-lesao-mas-confia-em-volta-de-pecas-chave-ate-a-copa-do-mundo.ghtml\"><strong>A<\/strong><\/a><\/p>\n<\/div>\n<\/div>\n<div id=\"fb_share_1\" style=\"float: right; margin-left: 10px;\"><a name=\"fb_share\" type=\"button\" share_url=\"https:\/\/www.orc.com.br\/novo\/economia\/ancelotti-convoca-selecao-sem-neymar.html\" href=\"http:\/\/www.facebook.com\/sharer.php\">Share<\/a><\/div><div><script src=\"http:\/\/static.ak.fbcdn.net\/connect.php\/js\/FB.Share\" type=\"text\/javascript\"><\/script><\/div>","protected":false},"excerpt":{"rendered":"<p>O t\u00e9cnico Carlo Ancelotti fez a \u00faltima convoca\u00e7\u00e3o da sele\u00e7\u00e3o brasileira antes da defini\u00e7\u00e3o da lista dos 26 atletas que disputar\u00e3o a Copa do Mundo na Am\u00e9rica do Norte entre junho e julho. O italiano j\u00e1 tem 18 dos 26 nomes definidos e trata os jogos contra Fran\u00e7a, dia 26, e Cro\u00e1cia, dia 31, como &#8230;<\/p>\n","protected":false},"author":3,"featured_media":158022,"comment_status":"open","ping_status":"open","sticky":false,"template":"","format":"standard","meta":[],"categories":[15],"tags":[8],"jetpack_featured_media_url":"https:\/\/orc.com.br\/novo\/wp-content\/uploads\/2026\/03\/Ancelotti.webp","_links":{"self":[{"href":"https:\/\/www.orc.com.br\/novo\/wp-json\/wp\/v2\/posts\/158021"}],"collection":[{"href":"https:\/\/www.orc.com.br\/novo\/wp-json\/wp\/v2\/posts"}],"about":[{"href":"https:\/\/www.orc.com.br\/novo\/wp-json\/wp\/v2\/types\/post"}],"author":[{"embeddable":true,"href":"https:\/\/www.orc.com.br\/novo\/wp-json\/wp\/v2\/users\/3"}],"replies":[{"embeddable":true,"href":"https:\/\/www.orc.com.br\/novo\/wp-json\/wp\/v2\/comments?post=158021"}],"version-history":[{"count":1,"href":"https:\/\/www.orc.com.br\/novo\/wp-json\/wp\/v2\/posts\/158021\/revisions"}],"predecessor-version":[{"id":158023,"href":"https:\/\/www.orc.com.br\/novo\/wp-json\/wp\/v2\/posts\/158021\/revisions\/158023"}],"wp:featuredmedia":[{"embeddable":true,"href":"https:\/\/www.orc.com.br\/novo\/wp-json\/wp\/v2\/media\/158022"}],"wp:attachment":[{"href":"https:\/\/www.orc.com.br\/novo\/wp-json\/wp\/v2\/media?parent=158021"}],"wp:term":[{"taxonomy":"category","embeddable":true,"href":"https:\/\/www.orc.com.br\/novo\/wp-json\/wp\/v2\/categories?post=158021"},{"taxonomy":"post_tag","embeddable":true,"href":"https:\/\/www.orc.com.br\/novo\/wp-json\/wp\/v2\/tags?post=158021"}],"curies":[{"name":"wp","href":"https:\/\/api.w.org\/{rel}","templated":true}]}}