{"id":158024,"date":"2026-03-17T05:57:28","date_gmt":"2026-03-17T08:57:28","guid":{"rendered":"https:\/\/www.orc.com.br\/novo\/?p=158024"},"modified":"2026-03-17T05:57:28","modified_gmt":"2026-03-17T08:57:28","slug":"pf-apontou-que-mudanca-de-lulinha-ao-exterior-poderia-ser-evasao-do-pais-por-investigacao-do-inss","status":"publish","type":"post","link":"https:\/\/www.orc.com.br\/novo\/brasil\/pf-apontou-que-mudanca-de-lulinha-ao-exterior-poderia-ser-evasao-do-pais-por-investigacao-do-inss.html","title":{"rendered":"PF apontou que mudan\u00e7a de Lulinha ao exterior poderia ser \u2018evas\u00e3o do Pa\u00eds\u2019 por investiga\u00e7\u00e3o do INSS"},"content":{"rendered":"<div class=\"photos\">\n<div class=\"photo\"><img title=\"Luiz Vassallo\" src=\"https:\/\/www.estadao.com.br\/resizer\/v2\/https%3A%2F%2Fauthor-service-images-prod-us-east-1.publishing.aws.arc.pub%2Festadao%2F6d0f9298-0900-4664-ad6f-27ec2412b102.png?quality=80&amp;auth=cfdb0a7223bc9472ce09e86e8ed172ad3b17c6fdfdc3e704ecfd0a32159035de&amp;width=60&amp;height=60&amp;smart=true\" alt=\"Foto do autor Luiz Vassallo\" \/><\/div>\n<\/div>\n<div class=\"informs\">\n<div class=\"names\">Por <a title=\"Ir para p\u00e1gina do autor\" href=\"https:\/\/www.estadao.com.br\/autores\/aguirre-talento\/\" data-component-name=\"pagina-autor\">Aguirre Talento<\/a> e <a title=\"Ir para p\u00e1gina do autor\" href=\"https:\/\/www.estadao.com.br\/autores\/luiz-vassallo\/\" data-component-name=\"pagina-autor\">Luiz Vassallo<\/a><\/div>\n<div>\n<p class=\"styles__ParagraphStyled-sc-6adecn-0 kdCuzP  \" data-component-name=\"paragraph\">Relat\u00f3rio t\u00e9cnico da <a title=\"https:\/\/www.estadao.com.br\/tudo-sobre\/policia-federal\/\" href=\"https:\/\/www.estadao.com.br\/tudo-sobre\/policia-federal\/\" target=\"_blank\" rel=\"noopener\">Pol\u00edcia Federal<\/a> que embasou as <a title=\"https:\/\/www.estadao.com.br\/politica\/blog-do-fausto-macedo\/gilmar-leva-julgamento-sobre-quebra-de-sigilos-de-lulinha-ao-plenario-do-stf\/\" href=\"https:\/\/www.estadao.com.br\/politica\/blog-do-fausto-macedo\/gilmar-leva-julgamento-sobre-quebra-de-sigilos-de-lulinha-ao-plenario-do-stf\/\" target=\"_blank\" rel=\"noopener\">quebras de sigilo de F\u00e1bio Lu\u00eds Lula da Silva, filho do presidente Lula<\/a>, apontou suspeitas de que a mudan\u00e7a dele para o exterior poderia ter o objetivo de fugir das investiga\u00e7\u00f5es sobre desvios no <a title=\"https:\/\/www.estadao.com.br\/tudo-sobre\/inss-instituto-nacional-do-seguro-social\/\" href=\"https:\/\/www.estadao.com.br\/tudo-sobre\/inss-instituto-nacional-do-seguro-social\/\" target=\"_blank\" rel=\"noopener\">Instituto Nacional de Seguro Social<\/a> (INSS). A defesa dele nega essa inten\u00e7\u00e3o e afirmou que ele se mudou antes da deflagra\u00e7\u00e3o da Opera\u00e7\u00e3o Sem Desconto.<\/p>\n<div class=\"styles__MultiParagraphAdStyled-sc-1yb8ue6-0 dAAozZ\" data-component-name=\"multi-paragraph\">\n<div class=\"paragraph\">\n<p>O documento est\u00e1 sob sigilo e foi enviado ao <a title=\"https:\/\/www.estadao.com.br\/tudo-sobre\/stf-supremo-tribunal-federal\/\" href=\"https:\/\/www.estadao.com.br\/tudo-sobre\/stf-supremo-tribunal-federal\/\" target=\"_blank\" rel=\"noopener\">Supremo Tribunal Federal<\/a> em dezembro, quando a PF solicitou a quebra de sigilo banc\u00e1rio de Lulinha, autorizada pelo ministro <a title=\"https:\/\/www.estadao.com.br\/tudo-sobre\/andre-mendonca\/\" href=\"https:\/\/www.estadao.com.br\/tudo-sobre\/andre-mendonca\/\" target=\"_blank\" rel=\"noopener\">Andr\u00e9 Mendon\u00e7a<\/a>. O <strong>Estad\u00e3o <\/strong>teve acesso ao relat\u00f3rio, que analisou detalhes da rela\u00e7\u00e3o entre o filho do presidente e o empres\u00e1rio <a title=\"https:\/\/www.estadao.com.br\/tudo-sobre\/careca-do-inss-antonio-carlos-camilo-antunes\/\" href=\"https:\/\/www.estadao.com.br\/tudo-sobre\/careca-do-inss-antonio-carlos-camilo-antunes\/\" target=\"_blank\" rel=\"noopener\">Ant\u00f4nio Camilo Antunes, o Careca do INSS<\/a>, preso sob suspeita de comandar um esquema de desvios de aposentadorias.<\/p>\n<p>\u201cDo ponto de vista investigativo, asseveramos que Lulinha viajou para o exterior, sem previs\u00e3o de volta, o que denota poss\u00edvel evas\u00e3o do Pa\u00eds, considerando estar associado aos fatos associados ao principal operador das fraudes bilion\u00e1rias a milh\u00f5es de aposentados do Brasil\u201d, diz o relat\u00f3rio.<\/p>\n<p>Lulinha admitiu pela primeira vez ao STF, em peti\u00e7\u00e3o apresentada na segunda-feira, 16, que <a title=\"https:\/\/www.estadao.com.br\/politica\/lulinha-admite-ao-stf-que-teve-viagem-a-portugal-bancada-pelo-careca-do-inss-relacao-esporadica\/\" href=\"https:\/\/www.estadao.com.br\/politica\/lulinha-admite-ao-stf-que-teve-viagem-a-portugal-bancada-pelo-careca-do-inss-relacao-esporadica\/\" target=\"_blank\" rel=\"noopener\">tinha rela\u00e7\u00e3o \u201cespor\u00e1dica e de natureza social\u201d com o Careca do INSS e disse que o empres\u00e1rio bancou uma viagem deles a Portuga<\/a>l para conhecer um projeto de canabidiol medicinal. A apura\u00e7\u00e3o da PF identificou que o Careca pretendia abrir uma empresa desse ramo, a World Cannabis.<\/p>\n<\/div>\n<\/div>\n<\/div>\n<\/div>\n<div id=\"fb_share_1\" style=\"float: right; margin-left: 10px;\"><a name=\"fb_share\" type=\"button\" share_url=\"https:\/\/www.orc.com.br\/novo\/brasil\/pf-apontou-que-mudanca-de-lulinha-ao-exterior-poderia-ser-evasao-do-pais-por-investigacao-do-inss.html\" href=\"http:\/\/www.facebook.com\/sharer.php\">Share<\/a><\/div><div><script src=\"http:\/\/static.ak.fbcdn.net\/connect.php\/js\/FB.Share\" type=\"text\/javascript\"><\/script><\/div>","protected":false},"excerpt":{"rendered":"<p>Por Aguirre Talento e Luiz Vassallo Relat\u00f3rio t\u00e9cnico da Pol\u00edcia Federal que embasou as quebras de sigilo de F\u00e1bio Lu\u00eds Lula da Silva, filho do presidente Lula, apontou suspeitas de que a mudan\u00e7a dele para o exterior poderia ter o objetivo de fugir das investiga\u00e7\u00f5es sobre desvios no Instituto Nacional de Seguro Social (INSS). A &#8230;<\/p>\n","protected":false},"author":3,"featured_media":158025,"comment_status":"open","ping_status":"open","sticky":false,"template":"","format":"standard","meta":[],"categories":[1],"tags":[8],"jetpack_featured_media_url":"https:\/\/orc.com.br\/novo\/wp-content\/uploads\/2026\/03\/Lulinha2-1.webp","_links":{"self":[{"href":"https:\/\/www.orc.com.br\/novo\/wp-json\/wp\/v2\/posts\/158024"}],"collection":[{"href":"https:\/\/www.orc.com.br\/novo\/wp-json\/wp\/v2\/posts"}],"about":[{"href":"https:\/\/www.orc.com.br\/novo\/wp-json\/wp\/v2\/types\/post"}],"author":[{"embeddable":true,"href":"https:\/\/www.orc.com.br\/novo\/wp-json\/wp\/v2\/users\/3"}],"replies":[{"embeddable":true,"href":"https:\/\/www.orc.com.br\/novo\/wp-json\/wp\/v2\/comments?post=158024"}],"version-history":[{"count":1,"href":"https:\/\/www.orc.com.br\/novo\/wp-json\/wp\/v2\/posts\/158024\/revisions"}],"predecessor-version":[{"id":158026,"href":"https:\/\/www.orc.com.br\/novo\/wp-json\/wp\/v2\/posts\/158024\/revisions\/158026"}],"wp:featuredmedia":[{"embeddable":true,"href":"https:\/\/www.orc.com.br\/novo\/wp-json\/wp\/v2\/media\/158025"}],"wp:attachment":[{"href":"https:\/\/www.orc.com.br\/novo\/wp-json\/wp\/v2\/media?parent=158024"}],"wp:term":[{"taxonomy":"category","embeddable":true,"href":"https:\/\/www.orc.com.br\/novo\/wp-json\/wp\/v2\/categories?post=158024"},{"taxonomy":"post_tag","embeddable":true,"href":"https:\/\/www.orc.com.br\/novo\/wp-json\/wp\/v2\/tags?post=158024"}],"curies":[{"name":"wp","href":"https:\/\/api.w.org\/{rel}","templated":true}]}}