{"id":158027,"date":"2026-03-17T06:00:24","date_gmt":"2026-03-17T09:00:24","guid":{"rendered":"https:\/\/www.orc.com.br\/novo\/?p=158027"},"modified":"2026-03-17T06:00:24","modified_gmt":"2026-03-17T09:00:24","slug":"guerra-no-ira-e-disparada-do-petroleo-pressionam-copom-e-mudam-visao-do-mercado-sobre-juros","status":"publish","type":"post","link":"https:\/\/www.orc.com.br\/novo\/economia\/guerra-no-ira-e-disparada-do-petroleo-pressionam-copom-e-mudam-visao-do-mercado-sobre-juros.html","title":{"rendered":"Guerra no Ir\u00e3 e disparada do petr\u00f3leo pressionam Copom e mudam vis\u00e3o do mercado sobre juros"},"content":{"rendered":"<p>Por <a title=\"Ir para p\u00e1gina do autor\" href=\"https:\/\/www.estadao.com.br\/autores\/marianna-gualter\/\" data-component-name=\"pagina-autor\">Marianna Gualter (Broadcast)<\/a><\/p>\n<p class=\"styles__ParagraphStyled-sc-6adecn-0 kdCuzP  \" data-component-name=\"paragraph\">O aumento da incerteza provocado pelo conflito no <a title=\"https:\/\/www.estadao.com.br\/tudo-sobre\/oriente-medio\/\" href=\"https:\/\/www.estadao.com.br\/tudo-sobre\/oriente-medio\/\" target=\"_blank\" rel=\"noopener\"><strong>Oriente M\u00e9dio<\/strong><\/a> deve marcar o tom da reuni\u00e3o do <a title=\"https:\/\/www.estadao.com.br\/tudo-sobre\/copom-comite-de-politica-monetaria\/\" href=\"https:\/\/www.estadao.com.br\/tudo-sobre\/copom-comite-de-politica-monetaria\/\" target=\"_blank\" rel=\"noopener\"><strong>Comit\u00ea de Pol\u00edtica Monet\u00e1ria (Copom<\/strong><\/a>) que tem in\u00edcio nesta ter\u00e7a-feira, 17. \u00c0s v\u00e9speras do encontro, prevalece entre analistas a avalia\u00e7\u00e3o de que o corte de <a title=\"https:\/\/www.estadao.com.br\/tudo-sobre\/juros\/\" href=\"https:\/\/www.estadao.com.br\/tudo-sobre\/juros\/\" target=\"_blank\" rel=\"noopener\"><strong>juros<\/strong><\/a> praticamente j\u00e1 contratado deve ocorrer, mas acompanhado de uma comunica\u00e7\u00e3o enf\u00e1tica sobre uma condu\u00e7\u00e3o cautelosa da pol\u00edtica monet\u00e1ria.<\/p>\n<div class=\"styles__MultiParagraphAdStyled-sc-1yb8ue6-0 dAAozZ\" data-component-name=\"multi-paragraph\">\n<div class=\"paragraph\">\n<p>A volatilidade nos pre\u00e7os do <a title=\"https:\/\/www.estadao.com.br\/tudo-sobre\/petroleo\/\" href=\"https:\/\/www.estadao.com.br\/tudo-sobre\/petroleo\/\" target=\"_blank\" rel=\"noopener\"><strong>petr\u00f3leo<\/strong><\/a> elevou a probabilidade de um corte inicial mais modesto do que o esperado anteriormente, mesmo diante de um comportamento mais benigno do <a title=\"https:\/\/www.estadao.com.br\/tudo-sobre\/cambio\/\" href=\"https:\/\/www.estadao.com.br\/tudo-sobre\/cambio\/\" target=\"_blank\" rel=\"noopener\"><strong>c\u00e2mbio<\/strong><\/a>. Pesquisa feita na segunda-feira, 16, pelo <em>Proje\u00e7\u00f5es Broadcast<\/em> aponta que a maioria das institui\u00e7\u00f5es do mercado financeiro passou a projetar um corte de 0,25 ponto porcentual na <a title=\"https:\/\/www.estadao.com.br\/tudo-sobre\/selic-sistema-especial-de-liquidacao-e-custodia\/\" href=\"https:\/\/www.estadao.com.br\/tudo-sobre\/selic-sistema-especial-de-liquidacao-e-custodia\/\" target=\"_blank\" rel=\"noopener\"><strong>taxa Selic<\/strong><\/a>. Este \u00e9 o cen\u00e1rio-base de 25 de 33 (76%) institui\u00e7\u00f5es de mercado consultadas.<\/p>\n<p>Esses n\u00fameros invertem a maioria apontada na pesquisa realizada na quinta-feira, 12, quando 20 de 32 (62,5%) institui\u00e7\u00f5es previam um corte de 0,5 ponto porcentual. Na pesquisa desta segunda-feira, 16, apenas 7 de 33 (21%) institui\u00e7\u00f5es projetam corte de 0,5 ponto na Selic, enquanto uma institui\u00e7\u00e3o prev\u00ea manuten\u00e7\u00e3o da taxa em 15%.<\/p>\n<\/div>\n<\/div>\n<h1><\/h1>\n<div id=\"fb_share_1\" style=\"float: right; margin-left: 10px;\"><a name=\"fb_share\" type=\"button\" share_url=\"https:\/\/www.orc.com.br\/novo\/economia\/guerra-no-ira-e-disparada-do-petroleo-pressionam-copom-e-mudam-visao-do-mercado-sobre-juros.html\" href=\"http:\/\/www.facebook.com\/sharer.php\">Share<\/a><\/div><div><script src=\"http:\/\/static.ak.fbcdn.net\/connect.php\/js\/FB.Share\" type=\"text\/javascript\"><\/script><\/div>","protected":false},"excerpt":{"rendered":"<p>Por Marianna Gualter (Broadcast) O aumento da incerteza provocado pelo conflito no Oriente M\u00e9dio deve marcar o tom da reuni\u00e3o do Comit\u00ea de Pol\u00edtica Monet\u00e1ria (Copom) que tem in\u00edcio nesta ter\u00e7a-feira, 17. \u00c0s v\u00e9speras do encontro, prevalece entre analistas a avalia\u00e7\u00e3o de que o corte de juros praticamente j\u00e1 contratado deve ocorrer, mas acompanhado de &#8230;<\/p>\n","protected":false},"author":3,"featured_media":158028,"comment_status":"open","ping_status":"open","sticky":false,"template":"","format":"standard","meta":[],"categories":[15],"tags":[8],"jetpack_featured_media_url":"https:\/\/orc.com.br\/novo\/wp-content\/uploads\/2026\/03\/BC.jpg","_links":{"self":[{"href":"https:\/\/www.orc.com.br\/novo\/wp-json\/wp\/v2\/posts\/158027"}],"collection":[{"href":"https:\/\/www.orc.com.br\/novo\/wp-json\/wp\/v2\/posts"}],"about":[{"href":"https:\/\/www.orc.com.br\/novo\/wp-json\/wp\/v2\/types\/post"}],"author":[{"embeddable":true,"href":"https:\/\/www.orc.com.br\/novo\/wp-json\/wp\/v2\/users\/3"}],"replies":[{"embeddable":true,"href":"https:\/\/www.orc.com.br\/novo\/wp-json\/wp\/v2\/comments?post=158027"}],"version-history":[{"count":1,"href":"https:\/\/www.orc.com.br\/novo\/wp-json\/wp\/v2\/posts\/158027\/revisions"}],"predecessor-version":[{"id":158029,"href":"https:\/\/www.orc.com.br\/novo\/wp-json\/wp\/v2\/posts\/158027\/revisions\/158029"}],"wp:featuredmedia":[{"embeddable":true,"href":"https:\/\/www.orc.com.br\/novo\/wp-json\/wp\/v2\/media\/158028"}],"wp:attachment":[{"href":"https:\/\/www.orc.com.br\/novo\/wp-json\/wp\/v2\/media?parent=158027"}],"wp:term":[{"taxonomy":"category","embeddable":true,"href":"https:\/\/www.orc.com.br\/novo\/wp-json\/wp\/v2\/categories?post=158027"},{"taxonomy":"post_tag","embeddable":true,"href":"https:\/\/www.orc.com.br\/novo\/wp-json\/wp\/v2\/tags?post=158027"}],"curies":[{"name":"wp","href":"https:\/\/api.w.org\/{rel}","templated":true}]}}