{"id":158043,"date":"2026-03-17T15:26:47","date_gmt":"2026-03-17T18:26:47","guid":{"rendered":"https:\/\/www.orc.com.br\/novo\/?p=158043"},"modified":"2026-03-17T15:29:30","modified_gmt":"2026-03-17T18:29:30","slug":"iorm-e-secretaria-de-educacao-lancam-projeto-passo-a-frente-na-emeb-mauricio-leite-de-moraes-em-orlandia","status":"publish","type":"post","link":"https:\/\/www.orc.com.br\/novo\/brasil\/iorm-e-secretaria-de-educacao-lancam-projeto-passo-a-frente-na-emeb-mauricio-leite-de-moraes-em-orlandia.html","title":{"rendered":"IORM e Secretaria de Educa\u00e7\u00e3o lan\u00e7am Projeto \u201cPasso \u00e0 Frente\u201d na EMEB Maur\u00edcio Leite de Moraes em Orl\u00e2ndia"},"content":{"rendered":"<p>IORM e Secretaria de Educa\u00e7\u00e3o lan\u00e7am Projeto \u201cPasso \u00e0 Frente\u201d na EMEB Maur\u00edcio Leite de Moraes em Orl\u00e2ndia<\/p>\n<p><img loading=\"lazy\" class=\"aligncenter size-full wp-image-158047\" src=\"https:\/\/orc.com.br\/novo\/wp-content\/uploads\/2026\/03\/IORM2.jpeg\" alt=\"\" width=\"1280\" height=\"852\" srcset=\"https:\/\/orc.com.br\/novo\/wp-content\/uploads\/2026\/03\/IORM2.jpeg 1280w, https:\/\/orc.com.br\/novo\/wp-content\/uploads\/2026\/03\/IORM2-300x200.jpeg 300w, https:\/\/orc.com.br\/novo\/wp-content\/uploads\/2026\/03\/IORM2-1024x682.jpeg 1024w, https:\/\/orc.com.br\/novo\/wp-content\/uploads\/2026\/03\/IORM2-768x511.jpeg 768w\" sizes=\"(max-width: 1280px) 100vw, 1280px\" \/><\/p>\n<p>O Instituto Oswaldo Ribeiro de Mendon\u00e7a (IORM), em uma s\u00f3lida parceria com a rede p\u00fablica municipal de ensino de Orl\u00e2ndia, marca o in\u00edcio de uma nova jornada cultural: o lan\u00e7amento do projeto \u201cPasso \u00e0 Frente \u2013 Usina da Dan\u00e7a na Escola\u201d. O evento oficial aconteceu nesta sexta-feira, dia 13 de mar\u00e7o, na EMEB Maur\u00edcio Leite de Moraes, unidade-piloto escolhida estrategicamente por estar inserida em um territ\u00f3rio de alta vulnerabilidade social e apresentar indicadores educacionais que demandam aten\u00e7\u00e3o, como o Ideb de 4,66 em 2023.<\/p>\n<p>A unidade escolar atende a 180 alunos em per\u00edodo integral, todos envolvidos no projeto. A abertura oficial contou com a presen\u00e7a de lideran\u00e7as do Instituto, representadas pela coordenadora do Conselho, Maria In\u00eas Marc\u00f3rio Guedes Moreira de Carvalho, pelo gerente executivo Rafael Albuquerque Braghiroli e pela coordenadora art\u00edstica Valeria Pasetto, al\u00e9m de educadores e da equipe gestora da unidade escolar.<\/p>\n<p>&nbsp;<\/p>\n<p><strong>Educa\u00e7\u00e3o e Arte como Pr\u00e1tica Estruturante<\/strong><\/p>\n<p>A implanta\u00e7\u00e3o do Projeto foi um feliz encontro. O IORM estava preparado para ampliar a abrang\u00eancia de seus projetos e a rede municipal de ensino buscava alternativas para o fortalecimento do processo de ensino aprendizagem por meio da linguagem das artes e da cultura.<\/p>\n<p>O projeto visa integrar a linguagem da dan\u00e7a como pr\u00e1tica pedag\u00f3gica estruturante para estudantes do 6\u00ba ao 9\u00ba ano. Mais do que o ensino da t\u00e9cnica, a iniciativa busca qualificar o corpo docente da rede municipal por meio de forma\u00e7\u00e3o continuada, utilizando quatro cadernos desenvolvidos pelo pr\u00f3prio IORM. O objetivo \u00e9 promover compet\u00eancias socioemocionais essenciais, como criatividade, empatia, respeito e coopera\u00e7\u00e3o.<\/p>\n<p>A programa\u00e7\u00e3o de lan\u00e7amento foi desenhada para proporcionar uma imers\u00e3o completa. Os alunos dos 6\u00ba e 7\u00ba anos foram recepcionados na nova Sala de Dan\u00e7a (antigo refeit\u00f3rio), espa\u00e7o especialmente preparado para que, desde o primeiro contato, os estudantes vivenciem um ambiente organizado para a experi\u00eancia art\u00edstica.<\/p>\n<p>&nbsp;<\/p>\n<p><strong>Destaques<\/strong><\/p>\n<p>A programa\u00e7\u00e3o do evento foi marcada por momentos de profunda celebra\u00e7\u00e3o e entrega art\u00edstica, consolidando o sucesso das iniciativas do Instituto. Um dos pontos altos foi o encerramento do ciclo formativo dos professores, celebrado com a entrega de certificados aos participantes que vivenciaram momentos emocionantes e enriquecedores ao longo do curso.<\/p>\n<p>A arte ganhou vida no palco com a apresenta\u00e7\u00e3o do trabalho \u201cTravessias\u201d, realizado pela Cia. de Dan\u00e7a do IORM, que abriu caminho para a exibi\u00e7\u00e3o da coreografia desenvolvida pelos pr\u00f3prios docentes da rede municipal. A experi\u00eancia culminou em um momento de intera\u00e7\u00e3o e viv\u00eancia, no qual os alunos participaram de din\u00e2micas com tecidos na quadra da escola, transformando o cotidiano do ambiente escolar em um verdadeiro palco de experimenta\u00e7\u00e3o sens\u00edvel e participativa. \u201cFoi muito bonito acompanhar os sentimentos de felicidade e completude dos professores na entrega da forma\u00e7\u00e3o e na apresenta\u00e7\u00e3o da c\u00e9lula e a emo\u00e7\u00e3o durante a apresenta\u00e7\u00e3o da Cia. Usina da Dan\u00e7a\u201d, destaca a coordenadora art\u00edstica do IORM, respons\u00e1vel pela base te\u00f3rica e conceitual do projeto Passo \u00e0 Frente, que consolida sua trajet\u00f3ria de mais de 20 anos dedicados \u00e0 forma\u00e7\u00e3o em dan\u00e7a como ferramenta de desenvolvimento pessoal e transforma\u00e7\u00e3o social.<\/p>\n<p>&nbsp;<\/p>\n<p><strong>Transforma\u00e7\u00e3o em Movimento<\/strong><\/p>\n<p>A chegada do &#8220;Passo \u00e0 Frente&#8221; \u00e0 EMEB Maur\u00edcio Leite de Moraes consolida a miss\u00e3o do IORM de fortalecer a arte como linguagem transformadora dentro da escola p\u00fablica. Ao equipar professores e oferecer infraestrutura adequada, o Instituto e a Secretaria de Educa\u00e7\u00e3o ampliam os horizontes educacionais de Orl\u00e2ndia.<\/p>\n<p>&nbsp;<\/p>\n<p>\u201cFoi um dia muito especial, uma honra ter esse projeto em nossa escola. Nos orgulhamos de sermos o projeto piloto de um trabalho que ser\u00e1 disseminado para as outras escolas em breve. Um trabalho muito importante para nossos alunos, trazendo a dan\u00e7a e a literatura para a educa\u00e7\u00e3o. Agrade\u00e7o muito a toda a equipe do IORM, \u00e0 Secretaria da Educa\u00e7\u00e3o por esse olhar da dan\u00e7a e da cultura e da import\u00e2ncia disso para a educa\u00e7\u00e3o.<\/p>\n<p><strong>Leandra Graville, diretora Maur\u00edcio Leite de Moraes, fala sobre projeto dan\u00e7a IORM<\/strong><\/p>\n<p>&nbsp;<\/p>\n<p>\u201cA implanta\u00e7\u00e3o do Projeto Passo A Frente \u00e9 uma parceria da Secretaria Municipal de Educa\u00e7\u00e3o com o IORM. S\u00f3 tenho a agradecer pela parceria \u00e0s equipes do Instituto e da Escola, que vai proporcionar ganhos para nossos alunos. A comunidade s\u00f3 tem a ganhar. Escola n\u00e3o \u00e9 s\u00f3 parede e telhado. \u00c9 feita de crian\u00e7as, pessoas e projetos\u201d<\/p>\n<p><strong>Dileia de Oliveira Filtre, Secret\u00e1ria Municipal de Educa\u00e7\u00e3o de Orl\u00e2ndia<\/strong><\/p>\n<p><strong>\u00a0<\/strong><\/p>\n<p>\u201cO Projeto Passo \u00e0 Frente, iniciado em 2025, representa um marco na evolu\u00e7\u00e3o de um trabalho que o IORM desenvolve com excel\u00eancia h\u00e1 duas d\u00e9cadas. Nosso objetivo agora \u00e9 levar a abordagem que j\u00e1 transforma a vida de mais de 750 alunos em nossos quatro n\u00facleos para dentro das salas de aula, capacitando educadores para que essa semente alcance uma escala ainda maior.<\/p>\n<p>A Usina da Dan\u00e7a (UD) n\u00e3o \u00e9 apenas t\u00e9cnica; \u00e9 um programa de educa\u00e7\u00e3o estruturado em pilares de uma dan\u00e7a acess\u00edvel, para todos os corpos, consciente e libertadora, que se adapta a qualquer espa\u00e7o. Propusemos essa vis\u00e3o \u00e0 Secretaria Municipal de Educa\u00e7\u00e3o e o que come\u00e7ou como uma forma\u00e7\u00e3o para apenas dois professores, surpreendeu-nos ao atrair um n\u00famero expressivo de inscritos da rede municipal. Conclu\u00edmos este ciclo com 12 professores que, ap\u00f3s 21 aulas intensas, absorveram um pensamento global e moderno sobre a dan\u00e7a. A apresenta\u00e7\u00e3o pr\u00e1tica que realizamos hoje \u00e9 o coroamento desse empenho.<\/p>\n<p>Escolhemos a Escola Maur\u00edcio Leite de Moraes como nossa unidade-piloto e prioridade para a continuidade permanente deste projeto, pois reconhecemos a import\u00e2ncia vital da comunidade que ela atende. Temos a convic\u00e7\u00e3o de que tudo o que se rega nesta regi\u00e3o da cidade d\u00e1 frutos; estamos aqui para somar, sendo mais um jardineiro a cuidar deste solo.<\/p>\n<p>Nosso papel como IORM \u00e9 ganhar escala, abrindo portas para levar essa metodologia para todo o Brasil. Agradecemos a administra\u00e7\u00e3o municipal de Orl\u00e2ndia por acolher este projeto piloto e reafirmamos que nossas equipes est\u00e3o \u00e0 total disposi\u00e7\u00e3o dos profissionais formados. Acreditamos que a educa\u00e7\u00e3o se faz na pr\u00e1tica, com pessoas e, acima de tudo, por meio de uma educa\u00e7\u00e3o ressignificada, onde a cultura \u00e9 o ingrediente essencial para o florescimento humano.\u201d<\/p>\n<p><strong>Rafael Albuquerque Braghiroli Gerente Executivo do Instituto Oswaldo Ribeiro de Mendon\u00e7a <\/strong><\/p>\n<p><strong>\u00a0<\/strong><\/p>\n<p><strong>\u00a0<\/strong><\/p>\n<div id=\"fb_share_1\" style=\"float: right; margin-left: 10px;\"><a name=\"fb_share\" type=\"button\" share_url=\"https:\/\/www.orc.com.br\/novo\/brasil\/iorm-e-secretaria-de-educacao-lancam-projeto-passo-a-frente-na-emeb-mauricio-leite-de-moraes-em-orlandia.html\" href=\"http:\/\/www.facebook.com\/sharer.php\">Share<\/a><\/div><div><script src=\"http:\/\/static.ak.fbcdn.net\/connect.php\/js\/FB.Share\" type=\"text\/javascript\"><\/script><\/div>","protected":false},"excerpt":{"rendered":"<p>IORM e Secretaria de Educa\u00e7\u00e3o lan\u00e7am Projeto \u201cPasso \u00e0 Frente\u201d na EMEB Maur\u00edcio Leite de Moraes em Orl\u00e2ndia O Instituto Oswaldo Ribeiro de Mendon\u00e7a (IORM), em uma s\u00f3lida parceria com a rede p\u00fablica municipal de ensino de Orl\u00e2ndia, marca o in\u00edcio de uma nova jornada cultural: o lan\u00e7amento do projeto \u201cPasso \u00e0 Frente \u2013 Usina &#8230;<\/p>\n","protected":false},"author":3,"featured_media":158044,"comment_status":"open","ping_status":"open","sticky":false,"template":"","format":"standard","meta":[],"categories":[1],"tags":[8],"jetpack_featured_media_url":"https:\/\/orc.com.br\/novo\/wp-content\/uploads\/2026\/03\/IORM1.jpeg","_links":{"self":[{"href":"https:\/\/www.orc.com.br\/novo\/wp-json\/wp\/v2\/posts\/158043"}],"collection":[{"href":"https:\/\/www.orc.com.br\/novo\/wp-json\/wp\/v2\/posts"}],"about":[{"href":"https:\/\/www.orc.com.br\/novo\/wp-json\/wp\/v2\/types\/post"}],"author":[{"embeddable":true,"href":"https:\/\/www.orc.com.br\/novo\/wp-json\/wp\/v2\/users\/3"}],"replies":[{"embeddable":true,"href":"https:\/\/www.orc.com.br\/novo\/wp-json\/wp\/v2\/comments?post=158043"}],"version-history":[{"count":3,"href":"https:\/\/www.orc.com.br\/novo\/wp-json\/wp\/v2\/posts\/158043\/revisions"}],"predecessor-version":[{"id":158048,"href":"https:\/\/www.orc.com.br\/novo\/wp-json\/wp\/v2\/posts\/158043\/revisions\/158048"}],"wp:featuredmedia":[{"embeddable":true,"href":"https:\/\/www.orc.com.br\/novo\/wp-json\/wp\/v2\/media\/158044"}],"wp:attachment":[{"href":"https:\/\/www.orc.com.br\/novo\/wp-json\/wp\/v2\/media?parent=158043"}],"wp:term":[{"taxonomy":"category","embeddable":true,"href":"https:\/\/www.orc.com.br\/novo\/wp-json\/wp\/v2\/categories?post=158043"},{"taxonomy":"post_tag","embeddable":true,"href":"https:\/\/www.orc.com.br\/novo\/wp-json\/wp\/v2\/tags?post=158043"}],"curies":[{"name":"wp","href":"https:\/\/api.w.org\/{rel}","templated":true}]}}