{"id":158049,"date":"2026-03-17T15:36:29","date_gmt":"2026-03-17T18:36:29","guid":{"rendered":"https:\/\/www.orc.com.br\/novo\/?p=158049"},"modified":"2026-03-17T15:36:29","modified_gmt":"2026-03-17T18:36:29","slug":"mendonca-manda-por-tornozeleira-em-deputada-em-nova-operacao-que-investiga-fraudes-no-inss","status":"publish","type":"post","link":"https:\/\/www.orc.com.br\/novo\/politica\/mendonca-manda-por-tornozeleira-em-deputada-em-nova-operacao-que-investiga-fraudes-no-inss.html","title":{"rendered":"Mendon\u00e7a manda p\u00f4r tornozeleira em deputada em nova opera\u00e7\u00e3o que investiga fraudes no INSS"},"content":{"rendered":"<h2>Gorete Pereira (MDB-CE) \u00e9 um dos alvos da opera\u00e7\u00e3o que investiga esquema nacional de descontos n\u00e3o autorizados em milhares de aposentadorias e pens\u00f5es; Estad\u00e3o pediu manifesta\u00e7\u00e3o da parlamentar<\/h2>\n<p>Por \u00a0<a title=\"Ir para p\u00e1gina do autor\" href=\"https:\/\/www.estadao.com.br\/autores\/aguirre-talento\/\" data-component-name=\"pagina-autor\">Aguirre Talento<\/a> e <a title=\"Ir para p\u00e1gina do autor\" href=\"https:\/\/www.estadao.com.br\/autores\/felipe-de-paula\/\" data-component-name=\"pagina-autor\">Felipe de Paula<\/a><\/p>\n<p class=\"styles__ParagraphStyled-sc-6adecn-0 kdCuzP  \" data-component-name=\"paragraph\">A Pol\u00edcia Federal deflagrou nesta ter\u00e7a-feira, 17, a Opera\u00e7\u00e3o Ind\u00e9bito, desdobramento da <a title=\"https:\/\/www.estadao.com.br\/politica\/pf-apontou-que-mudanca-de-lulinha-ao-exterior-poderia-ser-evasao-do-pais-por-investigacao-do-inss\/\" href=\"https:\/\/www.estadao.com.br\/politica\/pf-apontou-que-mudanca-de-lulinha-ao-exterior-poderia-ser-evasao-do-pais-por-investigacao-do-inss\/\" target=\"_blank\" rel=\"noopener noreferrer\">Opera\u00e7\u00e3o Sem Desconto<\/a>, que investiga um esquema nacional de descontos associativos n\u00e3o autorizados em <a title=\"https:\/\/www.estadao.com.br\/economia\/fraude-inss-como-funcionava-esquema-entenda-nprei\/\" href=\"https:\/\/www.estadao.com.br\/economia\/fraude-inss-como-funcionava-esquema-entenda-nprei\/\" target=\"_blank\" rel=\"noopener noreferrer\">milhares de aposentadorias e pens\u00f5es<\/a>. A deputada federal Gorete Pereira (MDB-CE) foi alvo de busca e apreens\u00e3o e teve o uso de tornozeleira eletr\u00f4nica determinado pelo ministro <a title=\"https:\/\/www.estadao.com.br\/politica\/mendonca-bloqueia-acesso-de-parlamentares-da-cpi-do-inss-a-conteudo-do-celular-de-vorcaro\/\" href=\"https:\/\/www.estadao.com.br\/politica\/mendonca-bloqueia-acesso-de-parlamentares-da-cpi-do-inss-a-conteudo-do-celular-de-vorcaro\/\" target=\"_blank\" rel=\"noopener noreferrer\">Andr\u00e9 Mendon\u00e7a<\/a>, relator da investiga\u00e7\u00e3o no <a title=\"https:\/\/www.estadao.com.br\/politica\/viana-diz-que-mensagem-de-vorcaro-foi-para-numero-funcional-do-stf-e-que-moraes-deveria-ser-afastado\/\" href=\"https:\/\/www.estadao.com.br\/politica\/viana-diz-que-mensagem-de-vorcaro-foi-para-numero-funcional-do-stf-e-que-moraes-deveria-ser-afastado\/\" target=\"_blank\" rel=\"noopener noreferrer\">Supremo Tribunal Federal<\/a>.<\/p>\n<p class=\"styles__ParagraphStyled-sc-6adecn-0 kdCuzP  \" data-component-name=\"paragraph\">O <strong>Estad\u00e3o <\/strong>pediu manifesta\u00e7\u00e3o da parlamentar, que \u00e9 suplente em exerc\u00edcio do deputado Yury do Pared\u00e3o (MDB-CE), licenciado da <a title=\"https:\/\/www.estadao.com.br\/politica\/erika-hilton-1-presidente-trans-de-comissao-de-defesa-da-mulher-no-congresso-npr\/\" href=\"https:\/\/www.estadao.com.br\/politica\/erika-hilton-1-presidente-trans-de-comissao-de-defesa-da-mulher-no-congresso-npr\/\" target=\"_blank\" rel=\"noopener noreferrer\">C\u00e2mara<\/a>. O espa\u00e7o est\u00e1 aberto.<\/p>\n<figure class=\"styles__FigureImageWrapper-sc-1qk1vbn-0 NaVlt figure-image-wrapper   \">\n<div class=\"figure-image-container\"><img class=\"lazy-load-img\" data-srcset=\"https:\/\/www.estadao.com.br\/resizer\/v2\/5MW53UDPSVHPTA2LWIFFLNWHIM.jpg?quality=80&amp;auth=fd33d1f09a0988c2e58f5a27da04b9b30b7ffdc0275fee64d3e75f857c05cb52&amp;width=380 768w, https:\/\/www.estadao.com.br\/resizer\/v2\/5MW53UDPSVHPTA2LWIFFLNWHIM.jpg?quality=80&amp;auth=fd33d1f09a0988c2e58f5a27da04b9b30b7ffdc0275fee64d3e75f857c05cb52&amp;width=768 1024w, https:\/\/www.estadao.com.br\/resizer\/v2\/5MW53UDPSVHPTA2LWIFFLNWHIM.jpg?quality=80&amp;auth=fd33d1f09a0988c2e58f5a27da04b9b30b7ffdc0275fee64d3e75f857c05cb52&amp;width=1200 1322w\" \/><\/div>\n<div>A investiga\u00e7\u00e3o aponta que Gorete Pereira, em conjunto com outras duas pessoas, controlava quatro associa\u00e7\u00f5es que serviam para a pr\u00e1tica de crimes e desvios de aposentadorias junto ao INSS. Por isso, a PF chegou a pedir a pris\u00e3o de Gorete Pereira, o que foi negado por Mendon\u00e7a.<\/div>\n<div><\/div>\n<\/figure>\n<div id=\"fb_share_1\" style=\"float: right; margin-left: 10px;\"><a name=\"fb_share\" type=\"button\" share_url=\"https:\/\/www.orc.com.br\/novo\/politica\/mendonca-manda-por-tornozeleira-em-deputada-em-nova-operacao-que-investiga-fraudes-no-inss.html\" href=\"http:\/\/www.facebook.com\/sharer.php\">Share<\/a><\/div><div><script src=\"http:\/\/static.ak.fbcdn.net\/connect.php\/js\/FB.Share\" type=\"text\/javascript\"><\/script><\/div>","protected":false},"excerpt":{"rendered":"<p>Gorete Pereira (MDB-CE) \u00e9 um dos alvos da opera\u00e7\u00e3o que investiga esquema nacional de descontos n\u00e3o autorizados em milhares de aposentadorias e pens\u00f5es; Estad\u00e3o pediu manifesta\u00e7\u00e3o da parlamentar Por \u00a0Aguirre Talento e Felipe de Paula A Pol\u00edcia Federal deflagrou nesta ter\u00e7a-feira, 17, a Opera\u00e7\u00e3o Ind\u00e9bito, desdobramento da Opera\u00e7\u00e3o Sem Desconto, que investiga um esquema nacional &#8230;<\/p>\n","protected":false},"author":3,"featured_media":158050,"comment_status":"open","ping_status":"open","sticky":false,"template":"","format":"standard","meta":[],"categories":[14],"tags":[8],"jetpack_featured_media_url":"https:\/\/orc.com.br\/novo\/wp-content\/uploads\/2026\/03\/Gorete.jpeg","_links":{"self":[{"href":"https:\/\/www.orc.com.br\/novo\/wp-json\/wp\/v2\/posts\/158049"}],"collection":[{"href":"https:\/\/www.orc.com.br\/novo\/wp-json\/wp\/v2\/posts"}],"about":[{"href":"https:\/\/www.orc.com.br\/novo\/wp-json\/wp\/v2\/types\/post"}],"author":[{"embeddable":true,"href":"https:\/\/www.orc.com.br\/novo\/wp-json\/wp\/v2\/users\/3"}],"replies":[{"embeddable":true,"href":"https:\/\/www.orc.com.br\/novo\/wp-json\/wp\/v2\/comments?post=158049"}],"version-history":[{"count":1,"href":"https:\/\/www.orc.com.br\/novo\/wp-json\/wp\/v2\/posts\/158049\/revisions"}],"predecessor-version":[{"id":158051,"href":"https:\/\/www.orc.com.br\/novo\/wp-json\/wp\/v2\/posts\/158049\/revisions\/158051"}],"wp:featuredmedia":[{"embeddable":true,"href":"https:\/\/www.orc.com.br\/novo\/wp-json\/wp\/v2\/media\/158050"}],"wp:attachment":[{"href":"https:\/\/www.orc.com.br\/novo\/wp-json\/wp\/v2\/media?parent=158049"}],"wp:term":[{"taxonomy":"category","embeddable":true,"href":"https:\/\/www.orc.com.br\/novo\/wp-json\/wp\/v2\/categories?post=158049"},{"taxonomy":"post_tag","embeddable":true,"href":"https:\/\/www.orc.com.br\/novo\/wp-json\/wp\/v2\/tags?post=158049"}],"curies":[{"name":"wp","href":"https:\/\/api.w.org\/{rel}","templated":true}]}}