{"id":158555,"date":"2026-04-27T05:51:53","date_gmt":"2026-04-27T08:51:53","guid":{"rendered":"https:\/\/www.orc.com.br\/novo\/?p=158555"},"modified":"2026-04-27T05:51:53","modified_gmt":"2026-04-27T08:51:53","slug":"comecou-a-agrishow-alckmin-anuncia-programa-de-r-10-bi-para-financiar-maquinas-agricolas-setor-critica","status":"publish","type":"post","link":"https:\/\/www.orc.com.br\/novo\/agronegocio\/comecou-a-agrishow-alckmin-anuncia-programa-de-r-10-bi-para-financiar-maquinas-agricolas-setor-critica.html","title":{"rendered":"Come\u00e7ou a Agrishow.  Alckmin anuncia programa de R$ 10 bi para financiar m\u00e1quinas agr\u00edcolas; setor critica"},"content":{"rendered":"<h2>Vice-presidente afirma que \u2018Move Agr\u00edcola\u2019 ter\u00e1 juros de \u2018um d\u00edgito\u2019; ministro da Agricultura promete novo recorde no Plano de Safra; e representantes do agro classificam abertura da feira como um \u2018dia do n\u00e3o-an\u00fancio\u2019<\/h2>\n<p class=\"styles__ParagraphStyled-sc-6adecn-0 geGWDE theme-default  \" data-component-name=\"paragraph\">O vice-presidente da Rep\u00fablica, <a title=\"https:\/\/www.estadao.com.br\/tudo-sobre\/geraldo-alckmin\/?srsltid=AfmBOorHclKsInMZKQAa20GmfWEY7QXmEZLSbdpurlO4hp3wxtgOf_xM\" href=\"https:\/\/www.estadao.com.br\/tudo-sobre\/geraldo-alckmin\/?srsltid=AfmBOorHclKsInMZKQAa20GmfWEY7QXmEZLSbdpurlO4hp3wxtgOf_xM\" target=\"_blank\" rel=\"noopener noreferrer\"><strong>Geraldo Alckmin<\/strong><\/a>, anunciou, durante a abertura da 31\u00aa edi\u00e7\u00e3o da <a title=\"https:\/\/www.estadao.com.br\/tudo-sobre\/agrishow\/?srsltid=AfmBOoq5EhlZPZsNFqRo1OVtfH4iPXc_mapT10eQZFo-OOp-DqrQa2Yf\" href=\"https:\/\/www.estadao.com.br\/tudo-sobre\/agrishow\/?srsltid=AfmBOoq5EhlZPZsNFqRo1OVtfH4iPXc_mapT10eQZFo-OOp-DqrQa2Yf\" target=\"_blank\" rel=\"noopener noreferrer\"><strong>Agrishow 2026<\/strong><\/a>, neste domingo, 26, em Ribeir\u00e3o Preto (SP), um programa de financiamento de m\u00e1quinas agr\u00edcolas com a promessa de reduzir os juros pagos pelos agricultores. O \u201cMove Agr\u00edcola\u201d prev\u00ea liberar, dentro de tr\u00eas semanas, um total de R$ 10<\/p>\n<div class=\"styles__MultiParagraphAdStyled-sc-1yb8ue6-0 kAOghv theme-default\" data-component-name=\"multi-paragraph\">\n<div class=\"paragraph\">\n<p>\u201cO governo est\u00e1 estruturando o \u2018Move Agr\u00edcola\u2019 para garantir cr\u00e9dito mais acess\u00edvel ao produtor e \u00e0 ind\u00fastria de m\u00e1quinas\u201d, afirmou Alckmin. Segundo ele, a medida atende a uma demanda recorrente do setor, especialmente em um cen\u00e1rio de juros elevados.<\/p>\n<p>Os recursos ser\u00e3o operacionalizados pela Financiadora de Estudos e Projetos (Finep) em parceria com institui\u00e7\u00f5es financeiras. Alckmin declarou que o programa busca estimular a moderniza\u00e7\u00e3o do parque agr\u00edcola brasileiro e, com isso, ampliar a competitividade do Pa\u00eds.<\/p>\n<\/div>\n<\/div>\n<p>&nbsp;<\/p>\n<div id=\"fb_share_1\" style=\"float: right; margin-left: 10px;\"><a name=\"fb_share\" type=\"button\" share_url=\"https:\/\/www.orc.com.br\/novo\/agronegocio\/comecou-a-agrishow-alckmin-anuncia-programa-de-r-10-bi-para-financiar-maquinas-agricolas-setor-critica.html\" href=\"http:\/\/www.facebook.com\/sharer.php\">Share<\/a><\/div><div><script src=\"http:\/\/static.ak.fbcdn.net\/connect.php\/js\/FB.Share\" type=\"text\/javascript\"><\/script><\/div>","protected":false},"excerpt":{"rendered":"<p>Vice-presidente afirma que \u2018Move Agr\u00edcola\u2019 ter\u00e1 juros de \u2018um d\u00edgito\u2019; ministro da Agricultura promete novo recorde no Plano de Safra; e representantes do agro classificam abertura da feira como um \u2018dia do n\u00e3o-an\u00fancio\u2019 O vice-presidente da Rep\u00fablica, Geraldo Alckmin, anunciou, durante a abertura da 31\u00aa edi\u00e7\u00e3o da Agrishow 2026, neste domingo, 26, em Ribeir\u00e3o Preto &#8230;<\/p>\n","protected":false},"author":3,"featured_media":158556,"comment_status":"open","ping_status":"open","sticky":false,"template":"","format":"standard","meta":[],"categories":[21],"tags":[8],"jetpack_featured_media_url":"https:\/\/orc.com.br\/novo\/wp-content\/uploads\/2026\/04\/Agrishow.png","_links":{"self":[{"href":"https:\/\/www.orc.com.br\/novo\/wp-json\/wp\/v2\/posts\/158555"}],"collection":[{"href":"https:\/\/www.orc.com.br\/novo\/wp-json\/wp\/v2\/posts"}],"about":[{"href":"https:\/\/www.orc.com.br\/novo\/wp-json\/wp\/v2\/types\/post"}],"author":[{"embeddable":true,"href":"https:\/\/www.orc.com.br\/novo\/wp-json\/wp\/v2\/users\/3"}],"replies":[{"embeddable":true,"href":"https:\/\/www.orc.com.br\/novo\/wp-json\/wp\/v2\/comments?post=158555"}],"version-history":[{"count":1,"href":"https:\/\/www.orc.com.br\/novo\/wp-json\/wp\/v2\/posts\/158555\/revisions"}],"predecessor-version":[{"id":158557,"href":"https:\/\/www.orc.com.br\/novo\/wp-json\/wp\/v2\/posts\/158555\/revisions\/158557"}],"wp:featuredmedia":[{"embeddable":true,"href":"https:\/\/www.orc.com.br\/novo\/wp-json\/wp\/v2\/media\/158556"}],"wp:attachment":[{"href":"https:\/\/www.orc.com.br\/novo\/wp-json\/wp\/v2\/media?parent=158555"}],"wp:term":[{"taxonomy":"category","embeddable":true,"href":"https:\/\/www.orc.com.br\/novo\/wp-json\/wp\/v2\/categories?post=158555"},{"taxonomy":"post_tag","embeddable":true,"href":"https:\/\/www.orc.com.br\/novo\/wp-json\/wp\/v2\/tags?post=158555"}],"curies":[{"name":"wp","href":"https:\/\/api.w.org\/{rel}","templated":true}]}}