{"id":158558,"date":"2026-04-27T05:59:54","date_gmt":"2026-04-27T08:59:54","guid":{"rendered":"https:\/\/www.orc.com.br\/novo\/?p=158558"},"modified":"2026-04-27T05:59:54","modified_gmt":"2026-04-27T08:59:54","slug":"pt-produz-video-para-vincular-flavio-bolsonaro-ao-caso-master","status":"publish","type":"post","link":"https:\/\/www.orc.com.br\/novo\/politica\/pt-produz-video-para-vincular-flavio-bolsonaro-ao-caso-master.html","title":{"rendered":"PT produz v\u00eddeo para  vincular Fl\u00e1vio Bolsonaro ao caso Master"},"content":{"rendered":"<h2>Esquerda usa a express\u00e3o \u2018bolsomaster\u2019 e acusa, que a mans\u00e3o comprada por Fl\u00e1vio em 2021 em Bras\u00edlia era fruto do esquema; procurado, senador diz que acusa\u00e7\u00f5es s\u00e3o mentirosas<\/h2>\n<p>Por \u00a0<a title=\"Ir para p\u00e1gina do autor\" href=\"https:\/\/www.estadao.com.br\/autores\/alvaro-gribel\/\" data-component-name=\"pagina-autor\">Alvaro Gribel\u00a0 &#8211; O Estado de SP<\/a><\/p>\n<p class=\"styles__ParagraphStyled-sc-6adecn-0 geGWDE theme-default  \" data-component-name=\"paragraph\">O <a title=\"https:\/\/www.estadao.com.br\/tudo-sobre\/pt-partido-dos-trabalhadores\/?srsltid=AfmBOopIkYoqVL8HAv8mFQZkg7kMsg7HciJjKv8JJRftbh-am5-hjJnt\" href=\"https:\/\/www.estadao.com.br\/tudo-sobre\/pt-partido-dos-trabalhadores\/?srsltid=AfmBOopIkYoqVL8HAv8mFQZkg7kMsg7HciJjKv8JJRftbh-am5-hjJnt\" target=\"_blank\" rel=\"noopener\"><strong>Partido do Trabalhadores<\/strong><\/a> divulgou um v\u00eddeo neste domingo, 26, em que tenta associar o senador <a title=\"https:\/\/www.estadao.com.br\/tudo-sobre\/flavio-bolsonaro\/?srsltid=AfmBOoqEX1kk6R7T5pGlBsEmgeHBH-1VL8zmD2kiL_hxcuTkv465ixYu\" href=\"https:\/\/www.estadao.com.br\/tudo-sobre\/flavio-bolsonaro\/?srsltid=AfmBOoqEX1kk6R7T5pGlBsEmgeHBH-1VL8zmD2kiL_hxcuTkv465ixYu\" target=\"_blank\" rel=\"noopener\"><strong>Fl\u00e1vio Bolsonaro (PL-RJ)<\/strong><\/a>, pr\u00e9-candidato \u00e0 presid\u00eancia da Rep\u00fablica, ao esc\u00e2ndalo do <a title=\"https:\/\/www.estadao.com.br\/tudo-sobre\/banco-master\/?srsltid=AfmBOooSj6qd7gDFvNrkUueyXf6kZhjW0UrU-NNAPAmam-67qrsyq1o6\" href=\"https:\/\/www.estadao.com.br\/tudo-sobre\/banco-master\/?srsltid=AfmBOooSj6qd7gDFvNrkUueyXf6kZhjW0UrU-NNAPAmam-67qrsyq1o6\" target=\"_blank\" rel=\"noopener\"><strong>Banco Master<\/strong><\/a>. No v\u00eddeo, que come\u00e7a a circular em perfis bolsonaristas e petistas, o locutor usa a express\u00e3o \u201cbolsomaster\u201d para se referir ao caso e afirma que Fl\u00e1vio Bolsonaro teria recebido uma \u201cmans\u00e3o de R$ 6 milh\u00f5es em Bras\u00edlia\u201d como parte do esquema.<\/p>\n<div class=\"styles__MultiParagraphAdStyled-sc-1yb8ue6-0 kAOghv theme-default\" data-component-name=\"multi-paragraph\">\n<div class=\"paragraph\">\n<p>\u201cFl\u00e1vio Bolsonaro \u00e9 do esquema, esquema das rachadinhas, que desviou milh\u00f5es de reais da Alerj, esquema de lavagem de dinheiro com a compra de 51 im\u00f3veis em dinheiro vivo, esquema de milicianos que trabalhavam no seu gabinete. E o esquema bolsomaster, que rendeu essa mans\u00e3o de R$ 6 milh\u00f5es para Fl\u00e1vio em Bras\u00edlia. Se duvidar, d\u00ea um google. O Fl\u00e1vio \u00e9 o filho mais corrupto do Bolsonaro\u201d, diz.<\/p>\n<p>Procurada, a assessoria de Fl\u00e1vio Bolsonaro afirmou que as acusa\u00e7\u00f5es s\u00e3o \u201cmentirosas e absurdas\u201d (leia mais abaixo).<\/p>\n<\/div>\n<\/div>\n<p>&nbsp;<\/p>\n<div id=\"fb_share_1\" style=\"float: right; margin-left: 10px;\"><a name=\"fb_share\" type=\"button\" share_url=\"https:\/\/www.orc.com.br\/novo\/politica\/pt-produz-video-para-vincular-flavio-bolsonaro-ao-caso-master.html\" href=\"http:\/\/www.facebook.com\/sharer.php\">Share<\/a><\/div><div><script src=\"http:\/\/static.ak.fbcdn.net\/connect.php\/js\/FB.Share\" type=\"text\/javascript\"><\/script><\/div>","protected":false},"excerpt":{"rendered":"<p>Esquerda usa a express\u00e3o \u2018bolsomaster\u2019 e acusa, que a mans\u00e3o comprada por Fl\u00e1vio em 2021 em Bras\u00edlia era fruto do esquema; procurado, senador diz que acusa\u00e7\u00f5es s\u00e3o mentirosas Por \u00a0Alvaro Gribel\u00a0 &#8211; O Estado de SP O Partido do Trabalhadores divulgou um v\u00eddeo neste domingo, 26, em que tenta associar o senador Fl\u00e1vio Bolsonaro (PL-RJ), &#8230;<\/p>\n","protected":false},"author":3,"featured_media":158559,"comment_status":"open","ping_status":"open","sticky":false,"template":"","format":"standard","meta":[],"categories":[14],"tags":[8],"jetpack_featured_media_url":"https:\/\/orc.com.br\/novo\/wp-content\/uploads\/2026\/04\/FlavioBolsonaro1.jpg","_links":{"self":[{"href":"https:\/\/www.orc.com.br\/novo\/wp-json\/wp\/v2\/posts\/158558"}],"collection":[{"href":"https:\/\/www.orc.com.br\/novo\/wp-json\/wp\/v2\/posts"}],"about":[{"href":"https:\/\/www.orc.com.br\/novo\/wp-json\/wp\/v2\/types\/post"}],"author":[{"embeddable":true,"href":"https:\/\/www.orc.com.br\/novo\/wp-json\/wp\/v2\/users\/3"}],"replies":[{"embeddable":true,"href":"https:\/\/www.orc.com.br\/novo\/wp-json\/wp\/v2\/comments?post=158558"}],"version-history":[{"count":1,"href":"https:\/\/www.orc.com.br\/novo\/wp-json\/wp\/v2\/posts\/158558\/revisions"}],"predecessor-version":[{"id":158560,"href":"https:\/\/www.orc.com.br\/novo\/wp-json\/wp\/v2\/posts\/158558\/revisions\/158560"}],"wp:featuredmedia":[{"embeddable":true,"href":"https:\/\/www.orc.com.br\/novo\/wp-json\/wp\/v2\/media\/158559"}],"wp:attachment":[{"href":"https:\/\/www.orc.com.br\/novo\/wp-json\/wp\/v2\/media?parent=158558"}],"wp:term":[{"taxonomy":"category","embeddable":true,"href":"https:\/\/www.orc.com.br\/novo\/wp-json\/wp\/v2\/categories?post=158558"},{"taxonomy":"post_tag","embeddable":true,"href":"https:\/\/www.orc.com.br\/novo\/wp-json\/wp\/v2\/tags?post=158558"}],"curies":[{"name":"wp","href":"https:\/\/api.w.org\/{rel}","templated":true}]}}