{"id":158561,"date":"2026-04-27T06:01:59","date_gmt":"2026-04-27T09:01:59","guid":{"rendered":"https:\/\/www.orc.com.br\/novo\/?p=158561"},"modified":"2026-04-27T06:01:59","modified_gmt":"2026-04-27T09:01:59","slug":"eu-nao-sou-um-pedofilo-trump-reage-com-irritacao-a-pergunta-sobre-manifesto-de-atirador","status":"publish","type":"post","link":"https:\/\/www.orc.com.br\/novo\/internacional\/eu-nao-sou-um-pedofilo-trump-reage-com-irritacao-a-pergunta-sobre-manifesto-de-atirador.html","title":{"rendered":"&#8216;Eu n\u00e3o sou um ped\u00f3filo&#8217;: Trump reage com irrita\u00e7\u00e3o a pergunta sobre manifesto de atirador"},"content":{"rendered":"<div id=\"chunk-3mb17\">\n<div class=\"mc-column content-text active-extra-styles \" data-block-type=\"unstyled\" data-block-weight=\"48\" data-block-id=\"3\">\n<p class=\" content-text__container \" data-track-category=\"Link no Texto\" data-track-links=\"\" data-mrf-recirculation=\"Mat\u00e9ria - Links no Texto\">O presidente americano se exaltou em entrevista exibida neste domingo (26) pelo programa <em>&#8217;60 Minutes&#8217;<\/em>. <a class=\"\" href=\"https:\/\/g1.globo.com\/tudo-sobre\/donald-trump\/\" data-mrf-link=\"https:\/\/g1.globo.com\/tudo-sobre\/donald-trump\/\" data-mrf-recirculation-id=\"internal-0_1e1838489a5802a608436b3c7ca5157c\">Donald Trump<\/a> era questionado sobre as acusa\u00e7\u00f5es que o atirador <a class=\"\" href=\"https:\/\/g1.globo.com\/mundo\/noticia\/2026\/04\/26\/quem-e-o-suspeito-de-ataque-em-jantar-com-trump.ghtml\" data-mrf-link=\"https:\/\/g1.globo.com\/mundo\/noticia\/2026\/04\/26\/quem-e-o-suspeito-de-ataque-em-jantar-com-trump.ghtml\" data-mrf-recirculation-id=\"internal-0_5e27a91010d5bfe7c5c851b89ed6978b\"><strong>Cole Tomas Allen, de 31 anos<\/strong><\/a>, usou para justificar a <a class=\"\" href=\"https:\/\/g1.globo.com\/mundo\/noticia\/2026\/04\/25\/trump-e-retirado-de-jantar.ghtml\" data-mrf-link=\"https:\/\/g1.globo.com\/mundo\/noticia\/2026\/04\/25\/trump-e-retirado-de-jantar.ghtml\" data-mrf-recirculation-id=\"internal-0_406c4dae69c4139292bce7d814e74dbf\"><strong>tentativa de ataque na noite de s\u00e1bado (25)<\/strong><\/a>: \u201cEu n\u00e3o sou um ped\u00f3filo\u201d.<\/p>\n<\/div>\n<\/div>\n<div class=\"wall protected-content\">\n<div id=\"chunk-2d96a\">\n<div class=\"mc-column content-text active-extra-styles \" data-block-type=\"unstyled\" data-block-weight=\"68\" data-block-id=\"5\">\n<p class=\" content-text__container \" data-track-category=\"Link no Texto\" data-track-links=\"\" data-mrf-recirculation=\"Mat\u00e9ria - Links no Texto\">A entrevistadora da rede <a class=\"\" href=\"https:\/\/g1.globo.com\/tudo-sobre\/cbs\/\" data-mrf-link=\"https:\/\/g1.globo.com\/tudo-sobre\/cbs\/\" data-mrf-recirculation-id=\"internal-0_39d026fef3bad417ebd5ecdd014e1b1b\">CBS<\/a> perguntou qual havia sido a rea\u00e7\u00e3o de Trump ao ler o \u201cmanifesto\u201d atribu\u00eddo ao atirador, que inclu\u00eda a frase: \u201cN\u00e3o estou mais disposto a permitir que um ped\u00f3filo, estuprador e traidor manche minhas m\u00e3os com seus crimes\u201d. O americano retrucou e elevou o tom: \u201cEu estava esperando voc\u00ea ler isso, porque eu sabia que voc\u00ea leria, porque voc\u00eas s\u00e3o pessoas horr\u00edveis, pessoas horr\u00edveis.\u201d<\/p>\n<\/div>\n<\/div>\n<\/div>\n<div id=\"fb_share_1\" style=\"float: right; margin-left: 10px;\"><a name=\"fb_share\" type=\"button\" share_url=\"https:\/\/www.orc.com.br\/novo\/internacional\/eu-nao-sou-um-pedofilo-trump-reage-com-irritacao-a-pergunta-sobre-manifesto-de-atirador.html\" href=\"http:\/\/www.facebook.com\/sharer.php\">Share<\/a><\/div><div><script src=\"http:\/\/static.ak.fbcdn.net\/connect.php\/js\/FB.Share\" type=\"text\/javascript\"><\/script><\/div>","protected":false},"excerpt":{"rendered":"<p>O presidente americano se exaltou em entrevista exibida neste domingo (26) pelo programa &#8217;60 Minutes&#8217;. Donald Trump era questionado sobre as acusa\u00e7\u00f5es que o atirador Cole Tomas Allen, de 31 anos, usou para justificar a tentativa de ataque na noite de s\u00e1bado (25): \u201cEu n\u00e3o sou um ped\u00f3filo\u201d. A entrevistadora da rede CBS perguntou qual &#8230;<\/p>\n","protected":false},"author":3,"featured_media":158562,"comment_status":"open","ping_status":"open","sticky":false,"template":"","format":"standard","meta":[],"categories":[24],"tags":[8],"jetpack_featured_media_url":"https:\/\/orc.com.br\/novo\/wp-content\/uploads\/2026\/04\/Trump19-1.webp","_links":{"self":[{"href":"https:\/\/www.orc.com.br\/novo\/wp-json\/wp\/v2\/posts\/158561"}],"collection":[{"href":"https:\/\/www.orc.com.br\/novo\/wp-json\/wp\/v2\/posts"}],"about":[{"href":"https:\/\/www.orc.com.br\/novo\/wp-json\/wp\/v2\/types\/post"}],"author":[{"embeddable":true,"href":"https:\/\/www.orc.com.br\/novo\/wp-json\/wp\/v2\/users\/3"}],"replies":[{"embeddable":true,"href":"https:\/\/www.orc.com.br\/novo\/wp-json\/wp\/v2\/comments?post=158561"}],"version-history":[{"count":1,"href":"https:\/\/www.orc.com.br\/novo\/wp-json\/wp\/v2\/posts\/158561\/revisions"}],"predecessor-version":[{"id":158563,"href":"https:\/\/www.orc.com.br\/novo\/wp-json\/wp\/v2\/posts\/158561\/revisions\/158563"}],"wp:featuredmedia":[{"embeddable":true,"href":"https:\/\/www.orc.com.br\/novo\/wp-json\/wp\/v2\/media\/158562"}],"wp:attachment":[{"href":"https:\/\/www.orc.com.br\/novo\/wp-json\/wp\/v2\/media?parent=158561"}],"wp:term":[{"taxonomy":"category","embeddable":true,"href":"https:\/\/www.orc.com.br\/novo\/wp-json\/wp\/v2\/categories?post=158561"},{"taxonomy":"post_tag","embeddable":true,"href":"https:\/\/www.orc.com.br\/novo\/wp-json\/wp\/v2\/tags?post=158561"}],"curies":[{"name":"wp","href":"https:\/\/api.w.org\/{rel}","templated":true}]}}