{"id":158571,"date":"2026-04-27T09:52:08","date_gmt":"2026-04-27T12:52:08","guid":{"rendered":"https:\/\/www.orc.com.br\/novo\/?p=158571"},"modified":"2026-04-27T09:52:08","modified_gmt":"2026-04-27T12:52:08","slug":"prefeitura-divulga-relacao-de-novos-diretores-das-escolas-de-orlandia","status":"publish","type":"post","link":"https:\/\/www.orc.com.br\/novo\/brasil\/prefeitura-divulga-relacao-de-novos-diretores-das-escolas-de-orlandia.html","title":{"rendered":"Prefeitura divulga rela\u00e7\u00e3o de novos diretores das escolas de Orl\u00e2ndia"},"content":{"rendered":"<p>A Prefeitura Municipal de Orl\u00e2ndia divulgou nomes dos diretores aprovados em concurso p\u00fablicos de dire\u00e7\u00e3o de escolas.<\/p>\n<p>A maioria \u00e9 homem e a grande maior ia de outras cidades.<\/p>\n<p>Eles assumem a partir de agora as escolas municipais que possuem cerca de 5 mil alunos<\/p>\n<p><strong>Educa\u00e7\u00e3o Infantil<\/strong><\/p>\n<p>Arlindo Morandini \u00a0\u00a0\u00a0\u00a0\u00a0\u00a0\u00a0\u00a0\u00a0\u00a0\u00a0\u00a0 &#8211; Lara Neves Carreira Pinheiro<\/p>\n<p>Maria Madalena Brasil\u00a0\u00a0\u00a0\u00a0\u00a0\u00a0\u00a0 &#8211; Carlos Roberto Cunha Amarim<\/p>\n<p>Fernanda da Silva Fonseca\u00a0 &#8211; Gabriel da Silva Pessoas<\/p>\n<p>Francisco Sales de Abreu Sampaio \u2013 em defini\u00e7\u00e3o<\/p>\n<p>Isaura Roque Qu\u00e9rcia\u00a0\u00a0\u00a0\u00a0\u00a0\u00a0\u00a0\u00a0\u00a0 &#8211; Tamires Helena Amadeu Roberto<\/p>\n<p>Odete Leite de Moraes\u00a0\u00a0\u00a0\u00a0\u00a0\u00a0\u00a0\u00a0 &#8211; Gislaine Santos Pereira<\/p>\n<p>Paulo Bombo Gomes\u00a0\u00a0\u00a0\u00a0\u00a0\u00a0\u00a0\u00a0\u00a0\u00a0 &#8211; Marciana Roberta de Oliveira<\/p>\n<p>Elaine Maria Alves Silveira \u2013 Vanessa de Sousa Leal<\/p>\n<p>Irma de Miranda Melo\u00a0\u00a0\u00a0\u00a0\u00a0\u00a0\u00a0\u00a0 &#8211; C\u00e1ssio Araujo Pazeto<\/p>\n<p>Santo Garbim\u00a0\u00a0\u00a0\u00a0\u00a0\u00a0\u00a0\u00a0\u00a0\u00a0\u00a0\u00a0\u00a0\u00a0\u00a0\u00a0\u00a0\u00a0\u00a0\u00a0\u00a0\u00a0 &#8211; Jos\u00e9 Henrique Bal\u00fagoli<\/p>\n<p>Maria L\u00facia Berti\u00a0\u00a0\u00a0\u00a0\u00a0\u00a0\u00a0\u00a0\u00a0\u00a0\u00a0\u00a0\u00a0\u00a0\u00a0\u00a0 &#8211; Deborah Martins de Silva<\/p>\n<p>Jos\u00e9 Ribeiro de Mendon\u00e7a Neto \u2013 Renata Malta Ferreira<\/p>\n<p>Iris Aparecida de Vasconcelos Garbin \u2013 em defini\u00e7\u00e3o<\/p>\n<p><strong>Ensino Fundamental I<\/strong><\/p>\n<p>Alcin\u00e9ia Gouveia de Freitas &#8211; em defini\u00e7\u00e3o<\/p>\n<p>Artur Oliva\u00a0\u00a0\u00a0\u00a0\u00a0\u00a0\u00a0\u00a0\u00a0\u00a0\u00a0\u00a0\u00a0\u00a0\u00a0\u00a0\u00a0\u00a0\u00a0\u00a0\u00a0\u00a0\u00a0\u00a0\u00a0\u00a0 &#8211; em defini\u00e7\u00e3o<\/p>\n<p>Iracema Miele\u00a0\u00a0\u00a0\u00a0\u00a0\u00a0\u00a0\u00a0\u00a0\u00a0\u00a0\u00a0\u00a0\u00a0\u00a0\u00a0\u00a0\u00a0\u00a0\u00a0\u00a0\u00a0 &#8211; Rafaela Cristina Bianchi<\/p>\n<p>Vit\u00f3ria Olivito Nonino\u00a0\u00a0\u00a0\u00a0\u00a0\u00a0\u00a0 &#8211; em defini\u00e7\u00e3o<\/p>\n<p>Pedro Bordignon Neto \/ unidade II\u00a0\u00a0\u00a0\u00a0\u00a0\u00a0 &#8211; em defini\u00e7\u00e3o<\/p>\n<p>Silveira ferreir Jorge Shafer &#8211; Fernanda Leoni<\/p>\n<p><strong>Ensino Fundamental II <\/strong><\/p>\n<p>Pedro Bordignon Neto &#8211; Unidade I \u2013 Donizete AP. Furtado Teixeira<\/p>\n<p>Cel. Francisco Orlando\u00a0\u00a0\u00a0\u00a0\u00a0\u00a0\u00a0 &#8211; em defini\u00e7\u00e3o<\/p>\n<p>Maur\u00edcio Leite de Moraes\u00a0\u00a0 &#8211; Karina Baldini Ambr\u00f3sio<\/p>\n<p>Maria AP. Mello e Souza\u00a0\u00a0\u00a0 &#8211; Rafael Augusto Fachini<\/p>\n<p>&nbsp;<\/p>\n<p>&nbsp;<\/p>\n<div id=\"fb_share_1\" style=\"float: right; margin-left: 10px;\"><a name=\"fb_share\" type=\"button\" share_url=\"https:\/\/www.orc.com.br\/novo\/brasil\/prefeitura-divulga-relacao-de-novos-diretores-das-escolas-de-orlandia.html\" href=\"http:\/\/www.facebook.com\/sharer.php\">Share<\/a><\/div><div><script src=\"http:\/\/static.ak.fbcdn.net\/connect.php\/js\/FB.Share\" type=\"text\/javascript\"><\/script><\/div>","protected":false},"excerpt":{"rendered":"<p>A Prefeitura Municipal de Orl\u00e2ndia divulgou nomes dos diretores aprovados em concurso p\u00fablicos de dire\u00e7\u00e3o de escolas. A maioria \u00e9 homem e a grande maior ia de outras cidades. Eles assumem a partir de agora as escolas municipais que possuem cerca de 5 mil alunos Educa\u00e7\u00e3o Infantil Arlindo Morandini \u00a0\u00a0\u00a0\u00a0\u00a0\u00a0\u00a0\u00a0\u00a0\u00a0\u00a0\u00a0 &#8211; Lara Neves Carreira Pinheiro &#8230;<\/p>\n","protected":false},"author":3,"featured_media":158572,"comment_status":"open","ping_status":"open","sticky":false,"template":"","format":"standard","meta":[],"categories":[1],"tags":[8],"jetpack_featured_media_url":"https:\/\/orc.com.br\/novo\/wp-content\/uploads\/2026\/04\/EscolaParana.webp","_links":{"self":[{"href":"https:\/\/www.orc.com.br\/novo\/wp-json\/wp\/v2\/posts\/158571"}],"collection":[{"href":"https:\/\/www.orc.com.br\/novo\/wp-json\/wp\/v2\/posts"}],"about":[{"href":"https:\/\/www.orc.com.br\/novo\/wp-json\/wp\/v2\/types\/post"}],"author":[{"embeddable":true,"href":"https:\/\/www.orc.com.br\/novo\/wp-json\/wp\/v2\/users\/3"}],"replies":[{"embeddable":true,"href":"https:\/\/www.orc.com.br\/novo\/wp-json\/wp\/v2\/comments?post=158571"}],"version-history":[{"count":1,"href":"https:\/\/www.orc.com.br\/novo\/wp-json\/wp\/v2\/posts\/158571\/revisions"}],"predecessor-version":[{"id":158573,"href":"https:\/\/www.orc.com.br\/novo\/wp-json\/wp\/v2\/posts\/158571\/revisions\/158573"}],"wp:featuredmedia":[{"embeddable":true,"href":"https:\/\/www.orc.com.br\/novo\/wp-json\/wp\/v2\/media\/158572"}],"wp:attachment":[{"href":"https:\/\/www.orc.com.br\/novo\/wp-json\/wp\/v2\/media?parent=158571"}],"wp:term":[{"taxonomy":"category","embeddable":true,"href":"https:\/\/www.orc.com.br\/novo\/wp-json\/wp\/v2\/categories?post=158571"},{"taxonomy":"post_tag","embeddable":true,"href":"https:\/\/www.orc.com.br\/novo\/wp-json\/wp\/v2\/tags?post=158571"}],"curies":[{"name":"wp","href":"https:\/\/api.w.org\/{rel}","templated":true}]}}