{"id":159518,"date":"2026-07-14T06:39:12","date_gmt":"2026-07-14T09:39:12","guid":{"rendered":"https:\/\/www.orc.com.br\/novo\/?p=159518"},"modified":"2026-07-14T06:39:12","modified_gmt":"2026-07-14T09:39:12","slug":"policia-prende-segundo-irmao-de-jovem-desaparecido-em-parque-de-pedregulho","status":"publish","type":"post","link":"https:\/\/www.orc.com.br\/novo\/brasil\/policia-prende-segundo-irmao-de-jovem-desaparecido-em-parque-de-pedregulho.html","title":{"rendered":"Pol\u00edcia prende segundo irm\u00e3o de jovem desaparecido em parque de Pedregulho"},"content":{"rendered":"<div id=\"chunk-6v13\">\n<div class=\"mc-column content-text active-extra-styles \" data-block-type=\"unstyled\" data-block-weight=\"31\" data-block-id=\"3\">\n<p class=\" content-text__container \" data-track-category=\"Link no Texto\" data-track-links=\"\" data-mrf-recirculation=\"Mat\u00e9ria - Links no Texto\">A Pol\u00edcia Civil prendeu nesta segunda-feira (13) <a class=\"\" href=\"https:\/\/g1.globo.com\/sp\/ribeirao-preto-franca\/noticia\/2026\/07\/03\/bombeiros-vasculham-cachoeira-nas-buscas-por-jovem-que-desapareceu-em-parque-no-interior-de-sp.ghtml\" data-mrf-link=\"https:\/\/g1.globo.com\/sp\/ribeirao-preto-franca\/noticia\/2026\/07\/03\/bombeiros-vasculham-cachoeira-nas-buscas-por-jovem-que-desapareceu-em-parque-no-interior-de-sp.ghtml\">o segundo irm\u00e3o de Tiago Gomes Pereira, desaparecido desde o dia 21 de junho<\/a> no Parque Furnas do Bom Jesus, em <a class=\"\" href=\"https:\/\/g1.globo.com\/sp\/ribeirao-preto-franca\/cidade\/pedregulho\/\" data-mrf-link=\"https:\/\/g1.globo.com\/sp\/ribeirao-preto-franca\/cidade\/pedregulho\/\">Pedregulho<\/a> (SP).<\/p>\n<\/div>\n<\/div>\n<div class=\"wall protected-content\">\n<div id=\"chunk-73d1e\">\n<div class=\"mc-column content-text active-extra-styles \" data-block-type=\"unstyled\" data-block-weight=\"36\" data-block-id=\"5\">\n<p class=\" content-text__container \" data-track-category=\"Link no Texto\" data-track-links=\"\" data-mrf-recirculation=\"Mat\u00e9ria - Links no Texto\">Segundo a pol\u00edcia, Cassiano Gomes Pereira \u00e9 suspeito de envolvimento em um furto de sacas de milho em Sacramento (MG), <a class=\"\" href=\"https:\/\/g1.globo.com\/sp\/ribeirao-preto-franca\/noticia\/2026\/07\/08\/irmao-de-jovem-desaparecido-em-parque-no-interior-de-sp-e-preso-por-suspeita-de-furto-em-mg.ghtml\" data-mrf-link=\"https:\/\/g1.globo.com\/sp\/ribeirao-preto-franca\/noticia\/2026\/07\/08\/irmao-de-jovem-desaparecido-em-parque-no-interior-de-sp-e-preso-por-suspeita-de-furto-em-mg.ghtml\">o mesmo crime que levou Carlos Alberto Gomes Pereira \u00e0 pris\u00e3o na \u00faltima quarta-feira (8)<\/a>.<\/p>\n<\/div>\n<\/div>\n<div id=\"chunk-77kc1\">\n<div class=\"mc-column content-text active-extra-styles \" data-block-type=\"unstyled\" data-block-weight=\"26\" data-block-id=\"6\">\n<p class=\" content-text__container \" data-track-category=\"Link no Texto\" data-track-links=\"\" data-mrf-recirculation=\"Mat\u00e9ria - Links no Texto\">Cassiano foi quem encontrou a bicicleta de Tiago durante as buscas pelo irm\u00e3o desaparecido, h\u00e1 cerca de duas semanas em um cafezal pr\u00f3ximo ao parque.<\/p>\n<p data-track-category=\"Link no Texto\" data-track-links=\"\" data-mrf-recirculation=\"Mat\u00e9ria - Links no Texto\">A defesa de Cassiano n\u00e3o se pronunciou sobre o caso at\u00e9 a \u00faltima atualiza\u00e7\u00e3o desta reportagem. Carlos Alberto est\u00e1 preso desde a semana passada em Arax\u00e1 (MG).<\/p>\n<\/div>\n<\/div>\n<\/div>\n<div id=\"fb_share_1\" style=\"float: right; margin-left: 10px;\"><a name=\"fb_share\" type=\"button\" share_url=\"https:\/\/www.orc.com.br\/novo\/brasil\/policia-prende-segundo-irmao-de-jovem-desaparecido-em-parque-de-pedregulho.html\" href=\"http:\/\/www.facebook.com\/sharer.php\">Share<\/a><\/div><div><script src=\"http:\/\/static.ak.fbcdn.net\/connect.php\/js\/FB.Share\" type=\"text\/javascript\"><\/script><\/div>","protected":false},"excerpt":{"rendered":"<p>A Pol\u00edcia Civil prendeu nesta segunda-feira (13) o segundo irm\u00e3o de Tiago Gomes Pereira, desaparecido desde o dia 21 de junho no Parque Furnas do Bom Jesus, em Pedregulho (SP). Segundo a pol\u00edcia, Cassiano Gomes Pereira \u00e9 suspeito de envolvimento em um furto de sacas de milho em Sacramento (MG), o mesmo crime que levou &#8230;<\/p>\n","protected":false},"author":3,"featured_media":159519,"comment_status":"open","ping_status":"open","sticky":false,"template":"","format":"standard","meta":[],"categories":[1],"tags":[8],"jetpack_featured_media_url":"https:\/\/orc.com.br\/novo\/wp-content\/uploads\/2026\/07\/Mata.jpg","_links":{"self":[{"href":"https:\/\/www.orc.com.br\/novo\/wp-json\/wp\/v2\/posts\/159518"}],"collection":[{"href":"https:\/\/www.orc.com.br\/novo\/wp-json\/wp\/v2\/posts"}],"about":[{"href":"https:\/\/www.orc.com.br\/novo\/wp-json\/wp\/v2\/types\/post"}],"author":[{"embeddable":true,"href":"https:\/\/www.orc.com.br\/novo\/wp-json\/wp\/v2\/users\/3"}],"replies":[{"embeddable":true,"href":"https:\/\/www.orc.com.br\/novo\/wp-json\/wp\/v2\/comments?post=159518"}],"version-history":[{"count":1,"href":"https:\/\/www.orc.com.br\/novo\/wp-json\/wp\/v2\/posts\/159518\/revisions"}],"predecessor-version":[{"id":159520,"href":"https:\/\/www.orc.com.br\/novo\/wp-json\/wp\/v2\/posts\/159518\/revisions\/159520"}],"wp:featuredmedia":[{"embeddable":true,"href":"https:\/\/www.orc.com.br\/novo\/wp-json\/wp\/v2\/media\/159519"}],"wp:attachment":[{"href":"https:\/\/www.orc.com.br\/novo\/wp-json\/wp\/v2\/media?parent=159518"}],"wp:term":[{"taxonomy":"category","embeddable":true,"href":"https:\/\/www.orc.com.br\/novo\/wp-json\/wp\/v2\/categories?post=159518"},{"taxonomy":"post_tag","embeddable":true,"href":"https:\/\/www.orc.com.br\/novo\/wp-json\/wp\/v2\/tags?post=159518"}],"curies":[{"name":"wp","href":"https:\/\/api.w.org\/{rel}","templated":true}]}}