{"id":159521,"date":"2026-07-14T06:43:38","date_gmt":"2026-07-14T09:43:38","guid":{"rendered":"https:\/\/www.orc.com.br\/novo\/?p=159521"},"modified":"2026-07-14T07:30:14","modified_gmt":"2026-07-14T10:30:14","slug":"159521","status":"publish","type":"post","link":"https:\/\/www.orc.com.br\/novo\/brasil\/159521.html","title":{"rendered":"Filha \u00e9 acusada de matar pai para receber heran\u00e7a de R$ 3 milh\u00f5es em Franca"},"content":{"rendered":"<div id=\"chunk-4lu15\">\n<div class=\"mc-column content-text active-extra-styles \" data-block-type=\"unstyled\" data-block-weight=\"51\" data-block-id=\"3\">\n<p class=\" content-text__container \" data-track-category=\"Link no Texto\" data-track-links=\"\" data-mrf-recirculation=\"Mat\u00e9ria - Links no Texto\">A filha do caseiro Milton de Sousa Prado, de 44 anos, morto a pauladas no m\u00eas passado em <a class=\"\" href=\"https:\/\/g1.globo.com\/sp\/ribeirao-preto-franca\/cidade\/franca\/\" data-mrf-link=\"https:\/\/g1.globo.com\/sp\/ribeirao-preto-franca\/cidade\/franca\/\">Franca<\/a> (SP), \u00e9 investigada pela Pol\u00edcia Civil depois de confessar que chamou dois homens para \u201cdar um susto\u201d no pai. A viol\u00eancia das agress\u00f5es resultou na morte do homem, segundo a pol\u00edcia.<\/p>\n<\/div>\n<\/div>\n<div class=\"wall protected-content\">\n<div id=\"chunk-6go66\">\n<div class=\"mc-column content-text active-extra-styles \" data-block-type=\"unstyled\" data-block-weight=\"44\" data-block-id=\"5\">\n<p class=\" content-text__container \" data-track-category=\"Link no Texto\" data-track-links=\"\" data-mrf-recirculation=\"Mat\u00e9ria - Links no Texto\">Maria Isabel Prado, de 21 anos, tamb\u00e9m \u00e9 investigada pelas<a class=\"\" href=\"https:\/\/g1.globo.com\/sp\/ribeirao-preto-franca\/noticia\/2026\/07\/10\/suspeitos-de-assassinato-de-caseiro-em-franca-sp-sao-encontrados-mortos-em-mg.ghtml\" data-mrf-link=\"https:\/\/g1.globo.com\/sp\/ribeirao-preto-franca\/noticia\/2026\/07\/10\/suspeitos-de-assassinato-de-caseiro-em-franca-sp-sao-encontrados-mortos-em-mg.ghtml\"> mortes dos dois homens envolvidos na agress\u00e3o que matou o pai<\/a> e <a class=\"\" href=\"https:\/\/g1.globo.com\/sp\/ribeirao-preto-franca\/noticia\/2026\/07\/07\/policia-civil-liberta-mulher-filha-e-neta-recem-nascida-de-cativeiro-em-franca-sp.ghtml\" data-mrf-link=\"https:\/\/g1.globo.com\/sp\/ribeirao-preto-franca\/noticia\/2026\/07\/07\/policia-civil-liberta-mulher-filha-e-neta-recem-nascida-de-cativeiro-em-franca-sp.ghtml\">pelo sequestro de tr\u00eas parentes dela, incluindo uma beb\u00ea rec\u00e9m-nascida<\/a>. Eles foram libertados no \u00faltimo dia 7 e encaminhados para um abrigo.<\/p>\n<\/div>\n<\/div>\n<div id=\"chunk-ce9rh\">\n<div class=\"mc-column content-text active-extra-styles \" data-block-type=\"unstyled\" data-block-weight=\"37\" data-block-id=\"6\">\n<p class=\" content-text__container \" data-track-category=\"Link no Texto\" data-track-links=\"\" data-mrf-recirculation=\"Mat\u00e9ria - Links no Texto\">Ela est\u00e1 desaparecida, mas n\u00e3o teve a pris\u00e3o decretada, segundo o delegado M\u00e1rcio Murari, da Delegacia de Investiga\u00e7\u00f5es Gerais (DIG) de Franca. Um tio dela, irm\u00e3o de Milton, foi preso em Sacramento (MG) por oculta\u00e7\u00e3o de cad\u00e1ver.<\/p>\n<\/div>\n<\/div>\n<div id=\"chunk-baihm\">\n<div class=\"content-ads content-ads--reveal\" data-block-type=\"ads\" data-block-id=\"8\">\n<div id=\"banner_materia2\" class=\"tag-manager-publicidade-container tag-manager-publicidade-banner_materia2 tag-manager-publicidade-container--carregado tag-manager-publicidade-container--visivel\" data-google-query-id=\"CKyoouLv0ZUDFXu6lQIdnkAPsA\">\n<div id=\"google_ads_iframe_\/95377733\/tvg_G1\/Sua_Regiao&gt;Sudeste&gt;Sao_Paulo_(Ribeirao_Preto)_5__container__\"><\/div>\n<\/div>\n<\/div>\n<\/div>\n<div id=\"chunk-5d50u\">\n<div class=\"mc-column content-text active-extra-styles \" data-block-type=\"unstyled\" data-block-weight=\"54\" data-block-id=\"7\">\n<p class=\" content-text__container \" data-track-category=\"Link no Texto\" data-track-links=\"\" data-mrf-recirculation=\"Mat\u00e9ria - Links no Texto\">O carro de Maria Isabel foi encontrado totalmente queimado em uma propriedade rural perto de Ibiraci (MG). A Pol\u00edcia Civil apura se o ve\u00edculo foi usado para transportar os corpos de Rafael Vitor Silva, de 18 anos, e Guilherme Henrique Melo, de 22, encontrados mortos na sexta-feira (10), em uma \u00e1rea rural de Sacramento.<\/p>\n<\/div>\n<\/div>\n<div id=\"chunk-3799s\">\n<div class=\"mc-column content-text active-extra-styles\" data-block-type=\"raw\" data-block-weight=\"13\" data-block-id=\"9\">\n<ul class=\"content-unordered-list\" data-mrf-recirculation=\"Mat\u00e9ria - Leia Tamb\u00e9m (Lista)\">\n<li><\/li>\n<\/ul>\n<\/div>\n<\/div>\n<\/div>\n<div id=\"fb_share_1\" style=\"float: right; margin-left: 10px;\"><a name=\"fb_share\" type=\"button\" share_url=\"https:\/\/www.orc.com.br\/novo\/brasil\/159521.html\" href=\"http:\/\/www.facebook.com\/sharer.php\">Share<\/a><\/div><div><script src=\"http:\/\/static.ak.fbcdn.net\/connect.php\/js\/FB.Share\" type=\"text\/javascript\"><\/script><\/div>","protected":false},"excerpt":{"rendered":"<p>A filha do caseiro Milton de Sousa Prado, de 44 anos, morto a pauladas no m\u00eas passado em Franca (SP), \u00e9 investigada pela Pol\u00edcia Civil depois de confessar que chamou dois homens para \u201cdar um susto\u201d no pai. A viol\u00eancia das agress\u00f5es resultou na morte do homem, segundo a pol\u00edcia. Maria Isabel Prado, de 21 &#8230;<\/p>\n","protected":false},"author":3,"featured_media":159522,"comment_status":"open","ping_status":"open","sticky":false,"template":"","format":"standard","meta":[],"categories":[1],"tags":[8],"jetpack_featured_media_url":"https:\/\/orc.com.br\/novo\/wp-content\/uploads\/2026\/07\/Policia.jpeg","_links":{"self":[{"href":"https:\/\/www.orc.com.br\/novo\/wp-json\/wp\/v2\/posts\/159521"}],"collection":[{"href":"https:\/\/www.orc.com.br\/novo\/wp-json\/wp\/v2\/posts"}],"about":[{"href":"https:\/\/www.orc.com.br\/novo\/wp-json\/wp\/v2\/types\/post"}],"author":[{"embeddable":true,"href":"https:\/\/www.orc.com.br\/novo\/wp-json\/wp\/v2\/users\/3"}],"replies":[{"embeddable":true,"href":"https:\/\/www.orc.com.br\/novo\/wp-json\/wp\/v2\/comments?post=159521"}],"version-history":[{"count":4,"href":"https:\/\/www.orc.com.br\/novo\/wp-json\/wp\/v2\/posts\/159521\/revisions"}],"predecessor-version":[{"id":159526,"href":"https:\/\/www.orc.com.br\/novo\/wp-json\/wp\/v2\/posts\/159521\/revisions\/159526"}],"wp:featuredmedia":[{"embeddable":true,"href":"https:\/\/www.orc.com.br\/novo\/wp-json\/wp\/v2\/media\/159522"}],"wp:attachment":[{"href":"https:\/\/www.orc.com.br\/novo\/wp-json\/wp\/v2\/media?parent=159521"}],"wp:term":[{"taxonomy":"category","embeddable":true,"href":"https:\/\/www.orc.com.br\/novo\/wp-json\/wp\/v2\/categories?post=159521"},{"taxonomy":"post_tag","embeddable":true,"href":"https:\/\/www.orc.com.br\/novo\/wp-json\/wp\/v2\/tags?post=159521"}],"curies":[{"name":"wp","href":"https:\/\/api.w.org\/{rel}","templated":true}]}}