{"id":159527,"date":"2026-07-15T08:01:43","date_gmt":"2026-07-15T11:01:43","guid":{"rendered":"https:\/\/www.orc.com.br\/novo\/?p=159527"},"modified":"2026-07-15T08:01:43","modified_gmt":"2026-07-15T11:01:43","slug":"caiado-sobre-flavio-bolsonaro-lideranca-voce-nao-herda-lideranca-voce-cria","status":"publish","type":"post","link":"https:\/\/www.orc.com.br\/novo\/politica\/caiado-sobre-flavio-bolsonaro-lideranca-voce-nao-herda-lideranca-voce-cria.html","title":{"rendered":"Caiado sobre Fl\u00e1vio Bolsonaro: &#8216;Lideran\u00e7a voc\u00ea n\u00e3o herda, lideran\u00e7a voc\u00ea cria&#8217;"},"content":{"rendered":"<div class=\"mc-article-header\">\n<div class=\"row content-head mc-column non-featured \">\n<div class=\"title\" data-block-type=\"title\" data-block-id=\"0\">\n<h1 class=\"content-head__title\">Caiado sobre Fl\u00e1vio Bolsonaro: &#8216;Lideran\u00e7a voc\u00ea n\u00e3o herda, lideran\u00e7a voc\u00ea cria&#8217;<\/h1>\n<\/div>\n<div class=\"medium-centered subtitle\">\n<h2 class=\"content-head__subtitle\">Ex-governador de Goi\u00e1s e pr\u00e9-candidato \u00e0 Presid\u00eancia critica o uso da imagem de Jair Bolsonaro na campanha do advers\u00e1rio e defende que o pa\u00eds discuta problemas concretos, como tarifas dos EUA, sa\u00fade e educa\u00e7\u00e3o, em vez de embates pessoais<\/h2>\n<\/div>\n<\/div>\n<div class=\"content__signa-share mc-column\">\n<div class=\"content__signature\">\n<div class=\"content-publication-data\">\n<div class=\"content-publication-data__text\">\n<p class=\"content-publication-data__from\" title=\"Matheus Meirelles\">Por <a class=\"multi_signatures\" href=\"https:\/\/g1.globo.com\/autores\/matheus-meirelles\/\">Matheus Meirelles<\/a><\/p>\n<\/div>\n<\/div>\n<\/div>\n<\/div>\n<\/div>\n<div class=\"mc-article-body\">\n<article>\n<div id=\"chunk-40ut8\">\n<div class=\"row medium-uncollapsed content-media content-photo\" data-block-type=\"backstage-photo\" data-block-id=\"2\">\n<div class=\" mc-column  content-media__container\">\n<div class=\"content-media-container glb-skeleton-box\">\n<figure class=\"content-media-figure\"><\/figure>\n<\/div>\n<\/div>\n<\/div>\n<\/div>\n<div id=\"chunk-4vqqo\">\n<div class=\"mc-column content-text active-extra-styles \" data-block-type=\"unstyled\" data-block-weight=\"62\" data-block-id=\"3\">\n<p class=\" content-text__container \" data-track-category=\"Link no Texto\" data-track-links=\"\" data-mrf-recirculation=\"Mat\u00e9ria - Links no Texto\">O ex-governador de Goi\u00e1s e pr\u00e9-candidato \u00e0 Presid\u00eancia da Rep\u00fablica, <a class=\"\" href=\"https:\/\/g1.globo.com\/politica\/politico\/ronaldo-caiado\/\" data-mrf-link=\"https:\/\/g1.globo.com\/politica\/politico\/ronaldo-caiado\/\">Ronaldo Caiado<\/a> (PSD), criticou nesta ter\u00e7a-feira (14) a estrat\u00e9gia de campanha de <a class=\"\" href=\"https:\/\/g1.globo.com\/politica\/politico\/flavio-bolsonaro\/\" data-mrf-link=\"https:\/\/g1.globo.com\/politica\/politico\/flavio-bolsonaro\/\">Fl\u00e1vio Bolsonaro<\/a> (PL), que tem recorrido ao apoio do pai, o ex-presidente <a class=\"\" href=\"https:\/\/g1.globo.com\/politica\/politico\/jair-bolsonaro\/\" data-mrf-link=\"https:\/\/g1.globo.com\/politica\/politico\/jair-bolsonaro\/\">Jair Bolsonaro<\/a>, preso, para refor\u00e7ar sua candidatura. &#8220;Lideran\u00e7a voc\u00ea n\u00e3o herda, lideran\u00e7a voc\u00ea cria, voc\u00ea tem condi\u00e7\u00f5es de estabelec\u00ea-la pela sua trajet\u00f3ria de vida&#8221;, afirmou Caiado, em entrevista.<\/p>\n<\/div>\n<\/div>\n<div class=\"wall protected-content\">\n<div id=\"chunk-36eta\">\n<div class=\"mc-column content-text active-extra-styles \" data-block-type=\"unstyled\" data-block-weight=\"20\" data-block-id=\"5\">\n<p class=\" content-text__container \" data-track-category=\"Link no Texto\" data-track-links=\"\" data-mrf-recirculation=\"Mat\u00e9ria - Links no Texto\">Segundo o governador, um candidato \u00e0 Presid\u00eancia precisa demonstrar capacidade pr\u00f3pria para enfrentar crises, sem depender do respaldo familiar.<\/p>\n<\/div>\n<\/div>\n<div id=\"chunk-9ot22\">\n<div class=\"mc-column content-text active-extra-styles \" data-block-type=\"unstyled\" data-block-weight=\"33\" data-block-id=\"7\">\n<p class=\" content-text__container \" data-track-category=\"Link no Texto\" data-track-links=\"\" data-mrf-recirculation=\"Mat\u00e9ria - Links no Texto\">Caiado ponderou que a postura de Jair Bolsonaro \u00e9 compreens\u00edvel do ponto de vista pessoal, mas afirmou que esse debate desvia o foco da campanha dos temas que considera priorit\u00e1rios para o pa\u00eds.<\/p>\n<div id=\"chunk-49g58\">\n<div class=\"mc-column content-text active-extra-styles \" data-block-type=\"unstyled\" data-block-weight=\"44\" data-block-id=\"10\">\n<p class=\" content-text__container \" data-track-category=\"Link no Texto\" data-track-links=\"\" data-mrf-recirculation=\"Mat\u00e9ria - Links no Texto\">Para o governador, o Brasil vive &#8220;a campanha mais importante da sua hist\u00f3ria&#8221; em meio a um cen\u00e1rio de press\u00f5es externas, como a amea\u00e7a de tarifas por parte dos Estados Unidos, restri\u00e7\u00f5es \u00e0s exporta\u00e7\u00f5es impostas pela Uni\u00e3o Europeia e novas tarifas da China.<\/p>\n<\/div>\n<\/div>\n<div id=\"chunk-5i3e\">\n<div class=\"mc-column content-text active-extra-styles \" data-block-type=\"unstyled\" data-block-weight=\"46\" data-block-id=\"11\">\n<p class=\" content-text__container \" data-track-category=\"Link no Texto\" data-track-links=\"\" data-mrf-recirculation=\"Mat\u00e9ria - Links no Texto\">Ele destacou o potencial estrat\u00e9gico do pa\u00eds em minerais cr\u00edticos, como as terras raras pesadas e o ni\u00f3bio, do qual o Brasil \u00e9 respons\u00e1vel por cerca de 90% da produ\u00e7\u00e3o mundial, e criticou a aus\u00eancia de um l\u00edder capaz de negociar esses ativos no cen\u00e1rio internacional.<\/p>\n<\/div>\n<\/div>\n<\/div>\n<\/div>\n<\/div>\n<\/article>\n<\/div>\n<div id=\"fb_share_1\" style=\"float: right; margin-left: 10px;\"><a name=\"fb_share\" type=\"button\" share_url=\"https:\/\/www.orc.com.br\/novo\/politica\/caiado-sobre-flavio-bolsonaro-lideranca-voce-nao-herda-lideranca-voce-cria.html\" href=\"http:\/\/www.facebook.com\/sharer.php\">Share<\/a><\/div><div><script src=\"http:\/\/static.ak.fbcdn.net\/connect.php\/js\/FB.Share\" type=\"text\/javascript\"><\/script><\/div>","protected":false},"excerpt":{"rendered":"<p>Caiado sobre Fl\u00e1vio Bolsonaro: &#8216;Lideran\u00e7a voc\u00ea n\u00e3o herda, lideran\u00e7a voc\u00ea cria&#8217; Ex-governador de Goi\u00e1s e pr\u00e9-candidato \u00e0 Presid\u00eancia critica o uso da imagem de Jair Bolsonaro na campanha do advers\u00e1rio e defende que o pa\u00eds discuta problemas concretos, como tarifas dos EUA, sa\u00fade e educa\u00e7\u00e3o, em vez de embates pessoais Por Matheus Meirelles O ex-governador &#8230;<\/p>\n","protected":false},"author":3,"featured_media":159528,"comment_status":"open","ping_status":"open","sticky":false,"template":"","format":"standard","meta":[],"categories":[14],"tags":[8],"jetpack_featured_media_url":"https:\/\/orc.com.br\/novo\/wp-content\/uploads\/2026\/07\/Ronaldo.jpg","_links":{"self":[{"href":"https:\/\/www.orc.com.br\/novo\/wp-json\/wp\/v2\/posts\/159527"}],"collection":[{"href":"https:\/\/www.orc.com.br\/novo\/wp-json\/wp\/v2\/posts"}],"about":[{"href":"https:\/\/www.orc.com.br\/novo\/wp-json\/wp\/v2\/types\/post"}],"author":[{"embeddable":true,"href":"https:\/\/www.orc.com.br\/novo\/wp-json\/wp\/v2\/users\/3"}],"replies":[{"embeddable":true,"href":"https:\/\/www.orc.com.br\/novo\/wp-json\/wp\/v2\/comments?post=159527"}],"version-history":[{"count":1,"href":"https:\/\/www.orc.com.br\/novo\/wp-json\/wp\/v2\/posts\/159527\/revisions"}],"predecessor-version":[{"id":159529,"href":"https:\/\/www.orc.com.br\/novo\/wp-json\/wp\/v2\/posts\/159527\/revisions\/159529"}],"wp:featuredmedia":[{"embeddable":true,"href":"https:\/\/www.orc.com.br\/novo\/wp-json\/wp\/v2\/media\/159528"}],"wp:attachment":[{"href":"https:\/\/www.orc.com.br\/novo\/wp-json\/wp\/v2\/media?parent=159527"}],"wp:term":[{"taxonomy":"category","embeddable":true,"href":"https:\/\/www.orc.com.br\/novo\/wp-json\/wp\/v2\/categories?post=159527"},{"taxonomy":"post_tag","embeddable":true,"href":"https:\/\/www.orc.com.br\/novo\/wp-json\/wp\/v2\/tags?post=159527"}],"curies":[{"name":"wp","href":"https:\/\/api.w.org\/{rel}","templated":true}]}}