{"id":159536,"date":"2026-07-15T09:08:12","date_gmt":"2026-07-15T12:08:12","guid":{"rendered":"https:\/\/www.orc.com.br\/novo\/?p=159536"},"modified":"2026-07-15T09:08:12","modified_gmt":"2026-07-15T12:08:12","slug":"raizen-abre-inscricoes-para-programa-de-jovem-aprendiz-com-vagas-na-regiao","status":"publish","type":"post","link":"https:\/\/www.orc.com.br\/novo\/brasil\/raizen-abre-inscricoes-para-programa-de-jovem-aprendiz-com-vagas-na-regiao.html","title":{"rendered":"Ra\u00edzen abre inscri\u00e7\u00f5es para programa de jovem aprendiz com vagas na regi\u00e3o"},"content":{"rendered":"<p>A Ra\u00edzen anunciou a abertura de <strong>250 vagas<\/strong> para o programa Jovem Aprendiz em escrit\u00f3rios, bases e usinas da empresa em todo o Brasil. Na regi\u00e3o h\u00e1 oportunidades nas unidades de <a href=\"https:\/\/g1.globo.com\/sp\/ribeirao-preto-franca\/cidade\/guariba-sp\/\">Guariba<\/a> (SP) e <a href=\"https:\/\/g1.globo.com\/sp\/ribeirao-preto-franca\/cidade\/morro-agudo\/\">Morro Agudo<\/a> (SP). \u00a0\u00a0\u00a0\u00a0\u00a0\u00a0\u00a0\u00a0\u00a0\u00a0\u00a0\u00a0\u00a0\u00a0\u00a0\u00a0\u00a0\u00a0\u00a0\u00a0\u00a0\u00a0\u00a0\u00a0\u00a0\u00a0\u00a0\u00a0\u00a0\u00a0\u00a0\u00a0\u00a0\u00a0\u00a0\u00a0\u00a0\u00a0\u00a0\u00a0\u00a0\u00a0\u00a0Para participar do processo seletivo, \u00e9 preciso ter entre 16 e 21 anos e 11 meses, estar cursando ou j\u00e1 ter conclu\u00eddo o ensino m\u00e9dio ou o ensino t\u00e9cnico e ter disponibilidade para cumprir jornada de quatro a oito horas di\u00e1rias. N\u00e3o \u00e9 necess\u00e1rio ter experi\u00eancia profissional. As inscri\u00e7\u00f5es v\u00e3o at\u00e9 o <strong>dia 27 de julho<\/strong> e devem ser ser feitas, exclusivamente, pelo <a href=\"https:\/\/aprendizraizen.com\/\">site da empresa. <\/a><\/p>\n<p>Veja abaixo os benef\u00edcios oferecidos aos participantes do programa:<\/p>\n<ul>\n<li>Bolsa-aux\u00edlio mensal<\/li>\n<li>Aux\u00edlio-transporte ou transporte fretado<\/li>\n<li>Plano de sa\u00fade<\/li>\n<li>Plano odontol\u00f3gico<\/li>\n<li>Vale-alimenta\u00e7\u00e3o<\/li>\n<li>Acesso a plataforma de bem-estar corporativo<\/li>\n<li>Seguro de vida<\/li>\n<\/ul>\n<div id=\"fb_share_1\" style=\"float: right; margin-left: 10px;\"><a name=\"fb_share\" type=\"button\" share_url=\"https:\/\/www.orc.com.br\/novo\/brasil\/raizen-abre-inscricoes-para-programa-de-jovem-aprendiz-com-vagas-na-regiao.html\" href=\"http:\/\/www.facebook.com\/sharer.php\">Share<\/a><\/div><div><script src=\"http:\/\/static.ak.fbcdn.net\/connect.php\/js\/FB.Share\" type=\"text\/javascript\"><\/script><\/div>","protected":false},"excerpt":{"rendered":"<p>A Ra\u00edzen anunciou a abertura de 250 vagas para o programa Jovem Aprendiz em escrit\u00f3rios, bases e usinas da empresa em todo o Brasil. Na regi\u00e3o h\u00e1 oportunidades nas unidades de Guariba (SP) e Morro Agudo (SP). \u00a0\u00a0\u00a0\u00a0\u00a0\u00a0\u00a0\u00a0\u00a0\u00a0\u00a0\u00a0\u00a0\u00a0\u00a0\u00a0\u00a0\u00a0\u00a0\u00a0\u00a0\u00a0\u00a0\u00a0\u00a0\u00a0\u00a0\u00a0\u00a0\u00a0\u00a0\u00a0\u00a0\u00a0\u00a0\u00a0\u00a0\u00a0\u00a0\u00a0\u00a0\u00a0\u00a0Para participar do processo seletivo, \u00e9 preciso ter entre 16 e 21 anos e 11 meses, estar cursando &#8230;<\/p>\n","protected":false},"author":3,"featured_media":159537,"comment_status":"open","ping_status":"open","sticky":false,"template":"","format":"standard","meta":[],"categories":[1],"tags":[8],"jetpack_featured_media_url":"https:\/\/orc.com.br\/novo\/wp-content\/uploads\/2026\/07\/Raizen.webp","_links":{"self":[{"href":"https:\/\/www.orc.com.br\/novo\/wp-json\/wp\/v2\/posts\/159536"}],"collection":[{"href":"https:\/\/www.orc.com.br\/novo\/wp-json\/wp\/v2\/posts"}],"about":[{"href":"https:\/\/www.orc.com.br\/novo\/wp-json\/wp\/v2\/types\/post"}],"author":[{"embeddable":true,"href":"https:\/\/www.orc.com.br\/novo\/wp-json\/wp\/v2\/users\/3"}],"replies":[{"embeddable":true,"href":"https:\/\/www.orc.com.br\/novo\/wp-json\/wp\/v2\/comments?post=159536"}],"version-history":[{"count":2,"href":"https:\/\/www.orc.com.br\/novo\/wp-json\/wp\/v2\/posts\/159536\/revisions"}],"predecessor-version":[{"id":159539,"href":"https:\/\/www.orc.com.br\/novo\/wp-json\/wp\/v2\/posts\/159536\/revisions\/159539"}],"wp:featuredmedia":[{"embeddable":true,"href":"https:\/\/www.orc.com.br\/novo\/wp-json\/wp\/v2\/media\/159537"}],"wp:attachment":[{"href":"https:\/\/www.orc.com.br\/novo\/wp-json\/wp\/v2\/media?parent=159536"}],"wp:term":[{"taxonomy":"category","embeddable":true,"href":"https:\/\/www.orc.com.br\/novo\/wp-json\/wp\/v2\/categories?post=159536"},{"taxonomy":"post_tag","embeddable":true,"href":"https:\/\/www.orc.com.br\/novo\/wp-json\/wp\/v2\/tags?post=159536"}],"curies":[{"name":"wp","href":"https:\/\/api.w.org\/{rel}","templated":true}]}}