{"id":159553,"date":"2026-07-17T15:36:22","date_gmt":"2026-07-17T18:36:22","guid":{"rendered":"https:\/\/www.orc.com.br\/novo\/?p=159553"},"modified":"2026-07-17T15:36:22","modified_gmt":"2026-07-17T18:36:22","slug":"tarifaco-deve-atingir-365-das-exportacoes-do-agro-para-os-eua-diz-cna","status":"publish","type":"post","link":"https:\/\/www.orc.com.br\/novo\/agronegocio\/tarifaco-deve-atingir-365-das-exportacoes-do-agro-para-os-eua-diz-cna.html","title":{"rendered":"Tarifa\u00e7o deve atingir 36,5% das exporta\u00e7\u00f5es do agro para os EUA, diz CNA"},"content":{"rendered":"<h2 class=\"content-head__subtitle\">Entidade afirma que a amplia\u00e7\u00e3o da lista de exce\u00e7\u00f5es deixou 63,5% das exporta\u00e7\u00f5es do setor fora da tarifa adicional de 25%, mas produtos como madeira, arroz, ovos e a\u00e7\u00facar seguem sujeitos \u00e0 medida.<\/h2>\n<div id=\"chunk-2klc8\">\n<div class=\"mc-column content-text active-extra-styles \" data-block-type=\"unstyled\" data-block-weight=\"44\" data-block-id=\"3\">\n<p class=\" content-text__container \" data-track-category=\"Link no Texto\" data-track-links=\"\" data-mrf-recirculation=\"Mat\u00e9ria - Links no Texto\">A Confedera\u00e7\u00e3o da Agricultura e Pecu\u00e1ria do Brasil (<a class=\"\" href=\"https:\/\/g1.globo.com\/tudo-sobre\/cna\/\" data-mrf-link=\"https:\/\/g1.globo.com\/tudo-sobre\/cna\/\">CNA<\/a>) afirma que cerca de<strong> 36,5% das exporta\u00e7\u00f5es do agroneg\u00f3cio brasileiro<\/strong> para os Estados Unidos dever\u00e3o ser atingidas pela tarifa adicional de 25% anunciada pelo governo americano, prevista para entrar em vigor na pr\u00f3xima quarta-feira (22).<\/p>\n<\/div>\n<\/div>\n<div class=\"wall protected-content\">\n<div id=\"chunk-e93e\">\n<div class=\"mc-column content-text active-extra-styles \" data-block-type=\"unstyled\" data-block-weight=\"31\" data-block-id=\"6\">\n<p class=\" content-text__container \" data-track-category=\"Link no Texto\" data-track-links=\"\" data-mrf-recirculation=\"Mat\u00e9ria - Links no Texto\">Segundo a entidade, a amplia\u00e7\u00e3o da lista de produtos isentos reduziu o alcance da medida sobre o setor, mas parte das vendas brasileiras para o mercado americano continuar\u00e1 sujeita \u00e0 cobran\u00e7a.<\/p>\n<\/div>\n<\/div>\n<div id=\"chunk-b5op4\">\n<div class=\"mc-column content-text active-extra-styles\" data-block-type=\"raw\" data-block-weight=\"29\" data-block-id=\"7\">\n<blockquote class=\"content-blockquote theme-border-color-primary-before\"><p>&#8220;A CNA recebeu com preocupa\u00e7\u00e3o o resultado da investiga\u00e7\u00e3o conduzida pelo governo dos EUA&#8221;, afirmou a diretora de Rela\u00e7\u00f5s Internacionais da entidade, Sueme Mori, em v\u00eddeo divulgado pela entidade.<\/p><\/blockquote>\n<p>&nbsp;<\/p>\n<\/div>\n<\/div>\n<div id=\"chunk-gml0\">\n<div class=\"mc-column content-text active-extra-styles\" data-block-type=\"raw\" data-block-weight=\"45\" data-block-id=\"8\">\n<ul class=\"content-unordered-list\" data-mrf-recirculation=\"Mat\u00e9ria - Leia Tamb\u00e9m (Lista)\">\n<li><em>&#x1f6a8; A cobran\u00e7a faz parte da decis\u00e3o anunciada pelo governo dos EUA ao fim de uma investiga\u00e7\u00e3o comercial envolvendo produtos brasileiros. <\/em><a class=\"\" href=\"https:\/\/g1.globo.com\/economia\/agronegocios\/noticia\/2026\/07\/15\/tarifaco-de-trump-eua-confirmam-nova-tarifa-de-25percent-sobre-produtos-brasileiros.ghtml\" data-mrf-link=\"https:\/\/g1.globo.com\/economia\/agronegocios\/noticia\/2026\/07\/15\/tarifaco-de-trump-eua-confirmam-nova-tarifa-de-25percent-sobre-produtos-brasileiros.ghtml\"><em>A medida prev\u00ea uma tarifa adicional de 25% sobre parte das importa\u00e7\u00f5es vindas do Brasil<\/em><\/a><em>, mas manteve uma lista de exce\u00e7\u00f5es para determinados produtos.<\/em><\/li>\n<\/ul>\n<p>&nbsp;<\/p>\n<\/div>\n<\/div>\n<div id=\"chunk-fliup\">\n<div class=\"mc-column content-text active-extra-styles \" data-block-type=\"unstyled\" data-block-weight=\"29\" data-block-id=\"10\">\n<p class=\" content-text__container \" data-track-category=\"Link no Texto\" data-track-links=\"\" data-mrf-recirculation=\"Mat\u00e9ria - Links no Texto\">Apesar disso, ela destacou que 63,5% do valor exportado pelo agroneg\u00f3cio brasileiro aos EUA ficar\u00e1 fora da tarifa adicional ap\u00f3s a inclus\u00e3o de novos produtos na lista de exce\u00e7\u00f5es.<\/p>\n<\/div>\n<\/div>\n<div id=\"chunk-ds1oh\">\n<div class=\"mc-column content-text active-extra-styles \" data-block-type=\"unstyled\" data-block-weight=\"37\" data-block-id=\"11\">\n<p class=\" content-text__container \" data-track-category=\"Link no Texto\" data-track-links=\"\" data-mrf-recirculation=\"Mat\u00e9ria - Links no Texto\">Entre os itens que deixaram de ser tributados est\u00e3o pescados, mel e caf\u00e9 sol\u00favel. Segundo Mori, a amplia\u00e7\u00e3o das exce\u00e7\u00f5es foi resultado da atua\u00e7\u00e3o da CNA e de outras entidades do setor privado junto ao governo americano.<\/p>\n<\/div>\n<\/div>\n<div id=\"chunk-85kas\">\n<div class=\"mc-column content-text active-extra-styles \" data-block-type=\"unstyled\" data-block-weight=\"32\" data-block-id=\"12\">\n<p class=\" content-text__container \" data-track-category=\"Link no Texto\" data-track-links=\"\" data-mrf-recirculation=\"Mat\u00e9ria - Links no Texto\">&#8220;Esse resultado \u00e9 fruto do trabalho realizado pela CNA e por outros representantes do setor privado, que atuaram diretamente junto ao governo americano na defesa t\u00e9cnica dos interesses do agro brasileiro&#8221;, disse.<\/p>\n<\/div>\n<\/div>\n<div id=\"chunk-857uf\">\n<div class=\"mc-column content-text active-extra-styles\" data-block-type=\"raw\" data-block-weight=\"33\" data-block-id=\"13\">\n<p>&nbsp;<\/p>\n<\/div>\n<\/div>\n<\/div>\n<div id=\"fb_share_1\" style=\"float: right; margin-left: 10px;\"><a name=\"fb_share\" type=\"button\" share_url=\"https:\/\/www.orc.com.br\/novo\/agronegocio\/tarifaco-deve-atingir-365-das-exportacoes-do-agro-para-os-eua-diz-cna.html\" href=\"http:\/\/www.facebook.com\/sharer.php\">Share<\/a><\/div><div><script src=\"http:\/\/static.ak.fbcdn.net\/connect.php\/js\/FB.Share\" type=\"text\/javascript\"><\/script><\/div>","protected":false},"excerpt":{"rendered":"<p>Entidade afirma que a amplia\u00e7\u00e3o da lista de exce\u00e7\u00f5es deixou 63,5% das exporta\u00e7\u00f5es do setor fora da tarifa adicional de 25%, mas produtos como madeira, arroz, ovos e a\u00e7\u00facar seguem sujeitos \u00e0 medida. A Confedera\u00e7\u00e3o da Agricultura e Pecu\u00e1ria do Brasil (CNA) afirma que cerca de 36,5% das exporta\u00e7\u00f5es do agroneg\u00f3cio brasileiro para os Estados &#8230;<\/p>\n","protected":false},"author":3,"featured_media":159554,"comment_status":"open","ping_status":"open","sticky":false,"template":"","format":"standard","meta":[],"categories":[21],"tags":[8],"jetpack_featured_media_url":"https:\/\/orc.com.br\/novo\/wp-content\/uploads\/2026\/07\/Porto-de-Santos.jpg","_links":{"self":[{"href":"https:\/\/www.orc.com.br\/novo\/wp-json\/wp\/v2\/posts\/159553"}],"collection":[{"href":"https:\/\/www.orc.com.br\/novo\/wp-json\/wp\/v2\/posts"}],"about":[{"href":"https:\/\/www.orc.com.br\/novo\/wp-json\/wp\/v2\/types\/post"}],"author":[{"embeddable":true,"href":"https:\/\/www.orc.com.br\/novo\/wp-json\/wp\/v2\/users\/3"}],"replies":[{"embeddable":true,"href":"https:\/\/www.orc.com.br\/novo\/wp-json\/wp\/v2\/comments?post=159553"}],"version-history":[{"count":1,"href":"https:\/\/www.orc.com.br\/novo\/wp-json\/wp\/v2\/posts\/159553\/revisions"}],"predecessor-version":[{"id":159555,"href":"https:\/\/www.orc.com.br\/novo\/wp-json\/wp\/v2\/posts\/159553\/revisions\/159555"}],"wp:featuredmedia":[{"embeddable":true,"href":"https:\/\/www.orc.com.br\/novo\/wp-json\/wp\/v2\/media\/159554"}],"wp:attachment":[{"href":"https:\/\/www.orc.com.br\/novo\/wp-json\/wp\/v2\/media?parent=159553"}],"wp:term":[{"taxonomy":"category","embeddable":true,"href":"https:\/\/www.orc.com.br\/novo\/wp-json\/wp\/v2\/categories?post=159553"},{"taxonomy":"post_tag","embeddable":true,"href":"https:\/\/www.orc.com.br\/novo\/wp-json\/wp\/v2\/tags?post=159553"}],"curies":[{"name":"wp","href":"https:\/\/api.w.org\/{rel}","templated":true}]}}